{"id":167369,"date":"2025-09-07T10:26:18","date_gmt":"2025-09-07T10:26:18","guid":{"rendered":"https:\/\/cordobainforma.info\/index.php\/2025\/09\/07\/nuevo-dilema-en-lla-aplicar-la-emergencia-en-discapacidad\/"},"modified":"2025-09-07T10:26:18","modified_gmt":"2025-09-07T10:26:18","slug":"nuevo-dilema-en-lla-aplicar-la-emergencia-en-discapacidad","status":"publish","type":"post","link":"http:\/\/cordobainforma.info\/index.php\/2025\/09\/07\/nuevo-dilema-en-lla-aplicar-la-emergencia-en-discapacidad\/","title":{"rendered":"Nuevo dilema en LLA: aplicar la emergencia en Discapacidad"},"content":{"rendered":"<div class=\"media_block\"><\/div>\n<div><img src=\"http:\/\/cordobainforma.info\/wp-content\/uploads\/2025\/09\/nuevo-dilema-en-lla-aplicar-la-emergencia-en-discapacidad.jpg\" class=\"ff-og-image-inserted\"><\/div>\n<p>En la Casa Rosada aseguran que buscar\u00e1n estirar los plazos y llevar la controversia a la Justicia, pero esta semana se activ\u00f3 un mecanismo que no sucede hace 22 a\u00f1os. Los 63 votos que insistieron en el Senado por la ley que declara la emergencia en discapacidad cerraron el c\u00edrculo que comenz\u00f3 en Diputados para dejar sin efecto al veto que hab\u00eda firmado el presidente Javier Milei. Ahora deber\u00e1 promulgar la nueva norma y aplicarla, o ganar tiempo. Sin embargo, los beneficios que incluyen la nueva norma aumenta la inquietud de profesionales y prestadores del sector, adem\u00e1s de los pensionados. <\/p>\n<p>Establece una actualizaci\u00f3n y cancelaci\u00f3n de deudas con los prestadores de la salud, y un nuevo mecanismo para ajustar las pensiones no contributivas por discapacidad. Los principales puntos de la norma son un desaf\u00edo para el Gobierno, que hab\u00eda amagado con aplicar un aumento de las prestaciones y las pensiones antes del rechazo al veto en Diputados. <\/p>\n<p>La emergencia dura hasta el 31 de diciembre del 2026 con actualizaciones que compensan la diferencia entre los valores actuales y la inflaci\u00f3n desde el 2023 hasta ahora. <\/p>\n<div class=\"subscription\" readability=\"6.683257918552\">\n<p> Esto no les gusta a los autoritarios <\/p>\n<div class=\"subscription__container\" readability=\"6.1467391304348\">\n<div class=\"subscription__text-wrapper\" readability=\"31.20652173913\">\n<p> El ejercicio del periodismo profesional y cr\u00edtico es un pilar fundamental de la democracia. Por eso molesta a quienes creen ser los due\u00f1os de la verdad. <\/p>\n<\/p><\/div><\/div><\/div>\n<p>La deuda con los prestadores se deber\u00e1 actualizar mensualmente, con los aranceles del Sistema de Prestaciones B\u00e1sicas, de acuerdo a los \u00edndices del Indec.<\/p>\n<p>Las pensiones no contributivas ser\u00e1n equivalentes al 70% del haber m\u00ednimo jubilatorio. Las personas que cobran este beneficio podr\u00e1n trabajar mientras que no supere los dos salarios m\u00ednimos. El Poder Ejecutivo deber\u00e1 financiar con recursos del Tesoro una compensaci\u00f3n de emergencia a los prestadores.<\/p>\n<p>La norma ordena a la Agencia Nacional de Discapacidad una auditor\u00eda para realizar \u201cuna evaluaci\u00f3n justa, transparente, basada en criterios de salud\u201d.<\/p>\n","protected":false},"excerpt":{"rendered":"<p>En la Casa Rosada aseguran que buscar\u00e1n estirar los plazos y llevar la controversia a la Justicia, pero esta semana se activ\u00f3 un mecanismo que no sucede hace 22 a\u00f1os. Los 63 votos que insistieron en el Senado por la ley que declara la emergencia en discapacidad cerraron el c\u00edrculo que comenz\u00f3 en Diputados para [&hellip;]<\/p>\n","protected":false},"author":1,"featured_media":167370,"comment_status":"closed","ping_status":"closed","sticky":false,"template":"","format":"standard","meta":[],"categories":[2],"tags":[],"_links":{"self":[{"href":"http:\/\/cordobainforma.info\/index.php\/wp-json\/wp\/v2\/posts\/167369"}],"collection":[{"href":"http:\/\/cordobainforma.info\/index.php\/wp-json\/wp\/v2\/posts"}],"about":[{"href":"http:\/\/cordobainforma.info\/index.php\/wp-json\/wp\/v2\/types\/post"}],"author":[{"embeddable":true,"href":"http:\/\/cordobainforma.info\/index.php\/wp-json\/wp\/v2\/users\/1"}],"replies":[{"embeddable":true,"href":"http:\/\/cordobainforma.info\/index.php\/wp-json\/wp\/v2\/comments?post=167369"}],"version-history":[{"count":0,"href":"http:\/\/cordobainforma.info\/index.php\/wp-json\/wp\/v2\/posts\/167369\/revisions"}],"wp:featuredmedia":[{"embeddable":true,"href":"http:\/\/cordobainforma.info\/index.php\/wp-json\/wp\/v2\/media\/167370"}],"wp:attachment":[{"href":"http:\/\/cordobainforma.info\/index.php\/wp-json\/wp\/v2\/media?parent=167369"}],"wp:term":[{"taxonomy":"category","embeddable":true,"href":"http:\/\/cordobainforma.info\/index.php\/wp-json\/wp\/v2\/categories?post=167369"},{"taxonomy":"post_tag","embeddable":true,"href":"http:\/\/cordobainforma.info\/index.php\/wp-json\/wp\/v2\/tags?post=167369"}],"curies":[{"name":"wp","href":"https:\/\/api.w.org\/{rel}","templated":true}]}}