{"id":167342,"date":"2025-09-07T07:15:59","date_gmt":"2025-09-07T07:15:59","guid":{"rendered":"http:\/\/cordobainforma.info\/index.php\/2025\/09\/07\/clave-para-la-competitividad-de-las-exportaciones-y-el-desarrollo-del-pais-la-nueva-provincia\/"},"modified":"2025-09-07T07:15:59","modified_gmt":"2025-09-07T07:15:59","slug":"clave-para-la-competitividad-de-las-exportaciones-y-el-desarrollo-del-pais-la-nueva-provincia","status":"publish","type":"post","link":"http:\/\/cordobainforma.info\/index.php\/2025\/09\/07\/clave-para-la-competitividad-de-las-exportaciones-y-el-desarrollo-del-pais-la-nueva-provincia\/","title":{"rendered":"Clave para la competitividad de las exportaciones y el desarrollo del pa\u00eds &#8211; La Nueva Provincia"},"content":{"rendered":"<p>&#8230; <b>nueva<\/b> etapa, el puerto incorpor\u00f3 el &#8230; Con dos goles calcados, V\u00e9lez le gan\u00f3 a Central <b>C\u00f3rdoba<\/b> y se qued\u00f3 con la Supercopa &middot; <b>ECONOM\u00cdA<\/b> Y CAMPO&nbsp;&#8230; <\/p>\n","protected":false},"excerpt":{"rendered":"<p>&#8230; nueva etapa, el puerto incorpor\u00f3 el &#8230; Con dos goles calcados, V\u00e9lez le gan\u00f3 a Central C\u00f3rdoba y se qued\u00f3 con la Supercopa &middot; ECONOM\u00cdA Y CAMPO&nbsp;&#8230;<\/p>\n","protected":false},"author":1,"featured_media":0,"comment_status":"closed","ping_status":"closed","sticky":false,"template":"","format":"standard","meta":[],"categories":[23],"tags":[],"_links":{"self":[{"href":"http:\/\/cordobainforma.info\/index.php\/wp-json\/wp\/v2\/posts\/167342"}],"collection":[{"href":"http:\/\/cordobainforma.info\/index.php\/wp-json\/wp\/v2\/posts"}],"about":[{"href":"http:\/\/cordobainforma.info\/index.php\/wp-json\/wp\/v2\/types\/post"}],"author":[{"embeddable":true,"href":"http:\/\/cordobainforma.info\/index.php\/wp-json\/wp\/v2\/users\/1"}],"replies":[{"embeddable":true,"href":"http:\/\/cordobainforma.info\/index.php\/wp-json\/wp\/v2\/comments?post=167342"}],"version-history":[{"count":0,"href":"http:\/\/cordobainforma.info\/index.php\/wp-json\/wp\/v2\/posts\/167342\/revisions"}],"wp:attachment":[{"href":"http:\/\/cordobainforma.info\/index.php\/wp-json\/wp\/v2\/media?parent=167342"}],"wp:term":[{"taxonomy":"category","embeddable":true,"href":"http:\/\/cordobainforma.info\/index.php\/wp-json\/wp\/v2\/categories?post=167342"},{"taxonomy":"post_tag","embeddable":true,"href":"http:\/\/cordobainforma.info\/index.php\/wp-json\/wp\/v2\/tags?post=167342"}],"curies":[{"name":"wp","href":"https:\/\/api.w.org\/{rel}","templated":true}]}}