{"id":167308,"date":"2025-09-07T07:01:29","date_gmt":"2025-09-07T07:01:29","guid":{"rendered":"https:\/\/www.clarin.com\/deportes\/f1-gp-italia-hoy-vivo-horario-carrera-monza-franco-colapinto-domingo-7-septiembre_0_o3RdwsiYGH.html"},"modified":"2025-09-07T07:01:29","modified_gmt":"2025-09-07T07:01:29","slug":"f1-gp-de-italia-hoy-en-vivo-horario-de-la-carrera-en-monza-con-franco-colapinto-este-domingo-7-de-septiembre","status":"publish","type":"post","link":"http:\/\/cordobainforma.info\/index.php\/2025\/09\/07\/f1-gp-de-italia-hoy-en-vivo-horario-de-la-carrera-en-monza-con-franco-colapinto-este-domingo-7-de-septiembre\/","title":{"rendered":"F1 GP de Italia HOY, EN VIVO: horario de la carrera en Monza con Franco Colapinto este domingo 7 de septiembre"},"content":{"rendered":"<p><img src=\"http:\/\/cordobainforma.info\/wp-content\/uploads\/2025\/09\/f1-gp-de-italia-hoy-en-vivo-horario-de-la-carrera-en-monza-con-franco-colapinto-este-domingo-7-de-septiembre.jpg\"><\/p>\n<div><img src=\"http:\/\/cordobainforma.info\/wp-content\/uploads\/2025\/09\/f1-gp-de-italia-hoy-en-vivo-horario-de-la-carrera-en-monza-con-franco-colapinto-este-domingo-7-de-septiembre-2.jpg\" class=\"ff-og-image-inserted\"><\/div>\n<p>Dom. 07.09.2025-07:00<\/p>\n<p><h2>Flavio Briatore volvi\u00f3 a hablar de Franco Colapinto pero esta vez recul\u00f3: \u00bfqu\u00e9 dijo?<\/h2>\n<\/p>\n<div readability=\"41.223249669749\">\n<p>Franco Colapinto necesitaba tiempo de adaptaci\u00f3n. Pero en una F\u00f3rmula 1 cruel, m\u00e1s a\u00fan si quien maneja el equipo es un hombre \u00e1vido de negocios como Flavio Briatore, los pilotos rookies no suelen tenerlo y estructuras como Alpine la presi\u00f3n es a\u00fan mayor que en otras como Williams, por lo que el rendimiento se espera casi de inmediato. No fue as\u00ed con el argentino. Acostumbrarse al A525 le llev\u00f3 m\u00e1s tiempo que hacerlo con el FW46. Pero con la \u00faltima actuaci\u00f3n en Pa\u00edses Bajos, con el puesto 11 a cuatro d\u00e9cimas de la zona de puntos, avis\u00f3 que pelear\u00e1 por ese segundo asiento y, parece que tambi\u00e9n, le hizo cambiar la opini\u00f3n al italiano que act\u00faa como jefe de equipo aunque no tenga ese cargo en los estatutos de la FIA. <strong><a href=\"https:\/\/www.clarin.com\/deportes\/flavio-briatore-reculo-ahora-dijo-franco-colapinto-puede-segundo-piloto-alpine-2026-haciendo-buen-trabajo_0_pjJ21IrRlE.html\" target=\"_self\" title=\"SEGUIR LEYENDO\" alt=\"SEGUIR LEYENDO\" rel=\"noopener noreferrer\">SEGUIR LEYENDO<\/a><\/strong>.<\/p>\n<\/div>\n","protected":false},"excerpt":{"rendered":"<p>Dom. 07.09.2025-07:00 Flavio Briatore volvi\u00f3 a hablar de Franco Colapinto pero esta vez recul\u00f3: \u00bfqu\u00e9 dijo? Franco Colapinto necesitaba tiempo de adaptaci\u00f3n. Pero en una F\u00f3rmula 1 cruel, m\u00e1s a\u00fan si quien maneja el equipo es un hombre \u00e1vido de negocios como Flavio Briatore, los pilotos rookies no suelen tenerlo y estructuras como Alpine la [&hellip;]<\/p>\n","protected":false},"author":1,"featured_media":167309,"comment_status":"closed","ping_status":"closed","sticky":false,"template":"","format":"standard","meta":[],"categories":[20],"tags":[],"_links":{"self":[{"href":"http:\/\/cordobainforma.info\/index.php\/wp-json\/wp\/v2\/posts\/167308"}],"collection":[{"href":"http:\/\/cordobainforma.info\/index.php\/wp-json\/wp\/v2\/posts"}],"about":[{"href":"http:\/\/cordobainforma.info\/index.php\/wp-json\/wp\/v2\/types\/post"}],"author":[{"embeddable":true,"href":"http:\/\/cordobainforma.info\/index.php\/wp-json\/wp\/v2\/users\/1"}],"replies":[{"embeddable":true,"href":"http:\/\/cordobainforma.info\/index.php\/wp-json\/wp\/v2\/comments?post=167308"}],"version-history":[{"count":0,"href":"http:\/\/cordobainforma.info\/index.php\/wp-json\/wp\/v2\/posts\/167308\/revisions"}],"wp:featuredmedia":[{"embeddable":true,"href":"http:\/\/cordobainforma.info\/index.php\/wp-json\/wp\/v2\/media\/167309"}],"wp:attachment":[{"href":"http:\/\/cordobainforma.info\/index.php\/wp-json\/wp\/v2\/media?parent=167308"}],"wp:term":[{"taxonomy":"category","embeddable":true,"href":"http:\/\/cordobainforma.info\/index.php\/wp-json\/wp\/v2\/categories?post=167308"},{"taxonomy":"post_tag","embeddable":true,"href":"http:\/\/cordobainforma.info\/index.php\/wp-json\/wp\/v2\/tags?post=167308"}],"curies":[{"name":"wp","href":"https:\/\/api.w.org\/{rel}","templated":true}]}}