{"id":167306,"date":"2025-09-07T08:01:30","date_gmt":"2025-09-07T08:01:30","guid":{"rendered":"https:\/\/www.clarin.com\/deportes\/seleccion-argentina-abre-debate-enciende-ilusion-cara-mundial-version-2025-scaloneta-superior-ano-2022_0_rB5XnGfVc8.html"},"modified":"2025-09-07T08:01:30","modified_gmt":"2025-09-07T08:01:30","slug":"la-seleccion-argentina-abre-un-debate-que-enciende-la-ilusion-de-cara-al-mundial-la-version-2025-de-la-scaloneta-es-superior-a-la-del-ano-2022","status":"publish","type":"post","link":"http:\/\/cordobainforma.info\/index.php\/2025\/09\/07\/la-seleccion-argentina-abre-un-debate-que-enciende-la-ilusion-de-cara-al-mundial-la-version-2025-de-la-scaloneta-es-superior-a-la-del-ano-2022\/","title":{"rendered":"La Selecci\u00f3n Argentina abre un debate que enciende la ilusi\u00f3n de cara al Mundial: \u00bfla versi\u00f3n 2025 de la Scaloneta es superior a la del a\u00f1o 2022?"},"content":{"rendered":"<p><img src=\"http:\/\/cordobainforma.info\/wp-content\/uploads\/2025\/09\/la-seleccion-argentina-abre-un-debate-que-enciende-la-ilusion-de-cara-al-mundial-la-version-2025-de-la-scaloneta-es-superior-a-la-del-ano-2022.jpg\"><\/p>\n<div><img src=\"http:\/\/cordobainforma.info\/wp-content\/uploads\/2025\/09\/la-seleccion-argentina-abre-un-debate-que-enciende-la-ilusion-de-cara-al-mundial-la-version-2025-de-la-scaloneta-es-superior-a-la-del-ano-2022-2.jpg\" class=\"ff-og-image-inserted\"><\/div>\n<div id=\"element-body-0\" readability=\"62\">\n<p>Hab\u00edan pasado unos segundos de la victoria de <strong>Argentina <\/strong>3-0 ante <strong>Venezuela <\/strong>y los aplausos de gratitud se acumulaban en el <strong>Monumental<\/strong>. La Scaloneta estaba recibiendo otra merecida ovaci\u00f3n tras una nueva exhibici\u00f3n de f\u00fatbol, con un<strong> Lionel Messi<\/strong> en modo Messi. La mayor\u00eda de los muchos periodistas que estaban en el palco de prensa de la platea Belgrano se sumaron a las palmas. Fue entonces cuando uno de los m\u00e1s veteranos solt\u00f3 una sentencia que qued\u00f3 dando vueltas en el aire de N\u00fa\u00f1ez. \u00abEste equipo es todav\u00eda mejor que el de 2022\u00bb, solt\u00f3. <strong>Y aclar\u00f3: \u00abJuegan crey\u00e9ndose invencibles\u00bb.<\/strong><\/p>\n<\/div>\n<div id=\"element-body-1\" readability=\"61\">\n<p>La frase del periodista dispar\u00f3 los interrogantes. Y una duda may\u00fascula: \u00bfes posible separar a esta Scaloneta 2025 de la de Qatar 2022 y analizarla como dos distintas? La respuesta apresurada dir\u00eda que no. Pero se puede jugar e intentar remarcar las diferencias entre un modelo y el otro. Luego, cada lector y amante del f\u00fatbol definir\u00e1 de qu\u00e9 lado pararse. <\/p>\n<\/div>\n<div id=\"element-body-2\" readability=\"62\">\n<p>La Scaloneta 2022 ten\u00eda la virtud de lo novedoso. M\u00e1s all\u00e1 de que lleg\u00f3 al Mundial con una gran racha de partidos sin perder (36), el equipo se termin\u00f3 de conformar durante la competici\u00f3n. Quiere decir esto que los rivales no conoc\u00edan la idea de Scaloni al detalle. Otra cuesti\u00f3n diferente es el nivel f\u00edsico de Lionel Messi. La Pulga mantendr\u00e1 su jerarqu\u00eda hasta el final de sus d\u00edas, aunque el calendario pesa a la hora de entrar a la cancha. El Leo actual es un poquito menos que el de Qatar desde lo atl\u00e9tico. <\/p>\n<\/div>\n<div id=\"element-body-3\" readability=\"60\">\n<p>Tambi\u00e9n llegar\u00e1 al Mundial de 2026 tras competir en una liga de menor relieve como la <strong>MLS<\/strong>. El \u00faltimo de los factores es la presencia de \u00c1ngel Di Mar\u00eda, quien decidi\u00f3 retirarse de la Selecci\u00f3n despu\u00e9s de la Copa Am\u00e9rica de 2024.<\/p>\n<\/div>\n<div id=\"element-body-5\" readability=\"65\">\n<p>Por contrapartida, la <strong>Scaloneta 2025<\/strong> est\u00e1 m\u00e1s afianzada. Los juveniles que irrumpieron en Qatar son ahora piezas clave en los elencos m\u00e1s destacados de <strong>Europa<\/strong>. Incluso muchos son capitanes en sus clubes. Los ejemplos abundan. <strong>Enzo Fern\u00e1ndez <\/strong>lleg\u00f3 a suelo \u00e1rabe con apenas 3 juegos con Argentina y ahora acumula 37. <strong>Thiago Almada <\/strong>pas\u00f3 de 1 a 11, <strong>Juli\u00e1n \u00c1lvarez <\/strong>de 11 a 47, <strong>Emiliano Mart\u00ednez <\/strong>de 19 a 53, Cristian Romero de 12 a 45, <strong>Alexis Mac Allister <\/strong>de 8 a 38 y Lisandro Mart\u00ednez de 10 a 26.<\/p>\n<\/div>\n<div id=\"element-body-6\" readability=\"62\">\n<p>Tambi\u00e9n est\u00e1 m\u00e1s aceitado el circuito de juego y ah\u00ed hay una enorme virtud en Scaloni, que logra renovarles los retos a los futbolistas. As\u00ed, nadie se relaja en la Scaloneta y el techo parece siempre estar un poquito m\u00e1s alto. Por eso los int\u00e9rpretes casi siempre se repiten y los pases y las conexiones salen de memoria.<\/p>\n<\/div>\n<div id=\"element-body-8\" readability=\"65\">\n<p>\u00abNo es sencilla la comparaci\u00f3n. La de 2022 logr\u00f3 lo que todos quieren. Y no es f\u00e1cil ser campe\u00f3n del mundo. Creo que el equipo se sac\u00f3 la espina en la Copa Am\u00e9rica de Brasil 2021 y se liberaron las cabezas de muchos jugadores, especialmente la de <strong>Messi <\/strong>y <strong>Di Mar\u00eda<\/strong>. La de 2025 me gusta much\u00edsimo porque todos los j\u00f3venes que irrumpieron en Qatar ahora tienen m\u00e1s experiencia y roce con futbolistas de \u00e9lite. As\u00ed y todo, sigue siendo un equipo con juventud. La edad ideal de los jugadores, para m\u00ed, est\u00e1 entre los 26 y los 28 a\u00f1os\u00bb, le explic\u00f3 <strong>Pablo Lavall\u00e9n<\/strong> a <strong>Clar\u00edn<\/strong>. <\/p>\n<\/div>\n<div id=\"element-body-10\" readability=\"64\">\n<p>Y ampli\u00f3: \u00abDespu\u00e9s, cada equipo tiene sus muchas virtudes. La actual juega con aplomo: los partidos que jugaron juntos hacen que los futbolistas se sientan confiados. Y de a poco se van incorporando otros juveniles y no se ve el techo. Es cierto que Messi est\u00e1 en su etapa final, pero siempre es Messi. Juega con la cabeza, lee todo lo que pasa y es un goleador serial. A esta Selecci\u00f3n la noto un poco m\u00e1s afianzada que a la de 2022. Ojal\u00e1 puedan coronar en 2026 y ah\u00ed s\u00ed se podr\u00e1 decir que es superior a la de Qatar. Eso de acuerdo a mi gusto personal, claro\u00bb.<\/p>\n<\/div>\n<div id=\"element-body-11\" readability=\"67\">\n<p>Desde Espa\u00f1a, <strong>\u00c1ngel Cappa<\/strong> aport\u00f3 su mirada siempre profunda y particular. \u00abEs un error dividir a las selecciones porque todas forman parte de una evoluci\u00f3n que responde a la misma identidad futbol\u00edstica. La nuestra, la Argentina, viene desde el a\u00f1o 1920 -o m\u00e1s atr\u00e1s-, desde antes del profesionalismo. All\u00e1 lejos se form\u00f3 el estilo, una forma de ser. Por eso el f\u00fatbol es un hecho cultural: responde a un modo de ser. Y esa manera a veces evoluciona; otras se detiene o retrocede. \u00bfPor qu\u00e9 ocurre eso? Puede ser por entrenadores que desconocen o niegan la identidad. O tal vez ocurre que no aparecen en cantidad los jugadores que puedan responder a la idea. Respeto tambi\u00e9n es poner a los futbolistas que alimentan la manera de ser\u00bb, analiz\u00f3 el ex entrenador de Hurac\u00e1n y River, entre muchos. <\/p>\n<\/div>\n<div id=\"element-body-13\" readability=\"65\">\n<p>Y agreg\u00f3: \u00abEstoy seguro de que si hay un entrenador que es consciente y respeta la identidad, la Selecci\u00f3n va. Y este equipo que comanda Scaloni est\u00e1 consolidado y los futbolistas se sustituyen por cuestiones biol\u00f3gicas. Quiero decir, entonces, que no se puede asegurar que esta Selecci\u00f3n de 2025 es mejor que la de 2022 porque son la misma. No es correcto tomar a cada equipo como algo aislado. Se puede apelar a la met\u00e1fora de los r\u00edos: por m\u00e1s que los desv\u00edes, el agua busca siempre su cauce. La identidad se puede torcer, pero a la larga o a la corta volver\u00e1 a su esencia\u00bb.<\/p>\n<\/div>\n<div id=\"element-body-14\" readability=\"69\">\n<p>Tambi\u00e9n <strong>Julio C\u00e9sar Falcioni<\/strong> acept\u00f3 el juego de <strong>Clar\u00edn<\/strong>. \u00abEs dif\u00edcil se\u00f1alar cu\u00e1l es mejor porque entran en juego los gustos personales. La diferencia sustancial que noto es que el equipo actual gan\u00f3 mucho en experiencia y que los rivales lo respetan de otra manera. No es casual que casi todos le salen a cerrar espacios, incluso los seleccionados de fuste. Tal vez ahora la defensa est\u00e1 m\u00e1s consolidada porque el arquero y los centrales son siempre los mismos. Algo similar ocurre con los volantes, que son agresivos y din\u00e1micos para moverse. Lo que s\u00ed observ\u00e9 en los \u00faltimos partidos es que la Selecci\u00f3n tiene a mano otro plan. Contra Venezuela, con los cambios y los ingresos de Nicol\u00e1s Gonz\u00e1lez, Lautaro Mart\u00ednez y Giuliano Simeone, el equipo fue m\u00e1s directo, sin tanta elaboraci\u00f3n. Y eso, tener la opci\u00f3n de jugar al toque o de manera directa, te hace muy peligroso\u00bb, asever\u00f3 el Emperador. <\/p>\n<\/div>\n<div id=\"element-body-16\" readability=\"62\">\n<p>Y cerr\u00f3: \u00abOtra cuesti\u00f3n positiva es la incorporaci\u00f3n de juveniles, como por ejemplo las de Thiago Almada, Nico Paz o Franco Mastantuono. Al estar tan afianzada la idea y el equipo, los que se meten lo hacen sin presiones y eso les facilita la tarea\u00bb.<\/p>\n<\/div>\n<div id=\"element-body-17\" readability=\"63\">\n<p>En resumen, si la Scaloneta versi\u00f3n 2025 es mejor o peor que la de 2022 es apenas una an\u00e9cdota porque ambas, si es que son distintas, son fabulosas. Por eso el mundo entero est\u00e1 rendido a sus pies desde hace largos a\u00f1os. Y las dos son comandadas por Scaloni desde afuera y por Messi desde adentro. <\/p>\n<\/div>\n","protected":false},"excerpt":{"rendered":"<p>Hab\u00edan pasado unos segundos de la victoria de Argentina 3-0 ante Venezuela y los aplausos de gratitud se acumulaban en el Monumental. La Scaloneta estaba recibiendo otra merecida ovaci\u00f3n tras una nueva exhibici\u00f3n de f\u00fatbol, con un Lionel Messi en modo Messi. La mayor\u00eda de los muchos periodistas que estaban en el palco de prensa [&hellip;]<\/p>\n","protected":false},"author":1,"featured_media":167307,"comment_status":"closed","ping_status":"closed","sticky":false,"template":"","format":"standard","meta":[],"categories":[20],"tags":[],"_links":{"self":[{"href":"http:\/\/cordobainforma.info\/index.php\/wp-json\/wp\/v2\/posts\/167306"}],"collection":[{"href":"http:\/\/cordobainforma.info\/index.php\/wp-json\/wp\/v2\/posts"}],"about":[{"href":"http:\/\/cordobainforma.info\/index.php\/wp-json\/wp\/v2\/types\/post"}],"author":[{"embeddable":true,"href":"http:\/\/cordobainforma.info\/index.php\/wp-json\/wp\/v2\/users\/1"}],"replies":[{"embeddable":true,"href":"http:\/\/cordobainforma.info\/index.php\/wp-json\/wp\/v2\/comments?post=167306"}],"version-history":[{"count":0,"href":"http:\/\/cordobainforma.info\/index.php\/wp-json\/wp\/v2\/posts\/167306\/revisions"}],"wp:featuredmedia":[{"embeddable":true,"href":"http:\/\/cordobainforma.info\/index.php\/wp-json\/wp\/v2\/media\/167307"}],"wp:attachment":[{"href":"http:\/\/cordobainforma.info\/index.php\/wp-json\/wp\/v2\/media?parent=167306"}],"wp:term":[{"taxonomy":"category","embeddable":true,"href":"http:\/\/cordobainforma.info\/index.php\/wp-json\/wp\/v2\/categories?post=167306"},{"taxonomy":"post_tag","embeddable":true,"href":"http:\/\/cordobainforma.info\/index.php\/wp-json\/wp\/v2\/tags?post=167306"}],"curies":[{"name":"wp","href":"https:\/\/api.w.org\/{rel}","templated":true}]}}