{"id":167304,"date":"2025-09-06T21:32:34","date_gmt":"2025-09-06T21:32:34","guid":{"rendered":"https:\/\/somoscordobeses.com\/2025\/09\/06\/duki-tendra-su-propio-documental-en-netflix-como-se-llamara-y-cuando-estrenara\/"},"modified":"2025-09-06T21:32:34","modified_gmt":"2025-09-06T21:32:34","slug":"duki-tendra-su-propio-documental-en-netflix-como-se-llamara-y-cuando-estrenara","status":"publish","type":"post","link":"http:\/\/cordobainforma.info\/index.php\/2025\/09\/06\/duki-tendra-su-propio-documental-en-netflix-como-se-llamara-y-cuando-estrenara\/","title":{"rendered":"Duki tendr\u00e1 su propio documental en Netflix: c\u00f3mo se llamar\u00e1 y cu\u00e1ndo estrenar\u00e1"},"content":{"rendered":"<div><img src=\"http:\/\/cordobainforma.info\/wp-content\/uploads\/2025\/09\/duki-tendra-su-propio-documental-en-netflix-como-se-llamara-y-cuando-estrenara.jpg\" class=\"ff-og-image-inserted\"><\/div>\n<div id=\"note-body\">\n<p data-start=\"120\" data-end=\"417\"><strong> Duki <\/strong>se consolid\u00f3 como uno de los principales referentes de la m\u00fasica en Argentina y en el mundo, especialmente dentro del g\u00e9nero urbano. En este marco, <strong>Netflix <\/strong>prepara un documental que recorrer\u00e1 los momentos m\u00e1s importantes de su carrera y el camino que lo llev\u00f3 a convertirse en un verdadero rockstar.<\/p>\n<\/div>\n<div id>\n<h2>\u00bfCu\u00e1l fue el \u00faltimo proyecto de Duki?<\/h2>\n<p data-start=\"1151\" data-end=\"1376\">El artista present\u00f3 recientemente su nuevo mixtape <strong data-start=\"1202\" data-end=\"1212\">\u00ab5202\u00bb<\/strong>, con canciones in\u00e9ditas y colaboraciones especiales. Entre ellas, se encuentran \u201cGolfista\u201d y \u201cNo me alcanza\u201d, dos temas que ya hab\u00eda adelantado a sus seguidores.<\/p>\n<p data-start=\"1378\" data-end=\"1619\">Tras el lanzamiento, que incluye feats con Cl\u00faster y Zell, Duki comparti\u00f3 fragmentos de las canciones y expres\u00f3 en su cuenta oficial de Instagram: <strong data-start=\"1525\" data-end=\"1616\">\u00abGracias por tantos a\u00f1os juntos diablas y diablos, por tantos sue\u00f1os y metas cumplidas\u00bb<\/strong>.<\/p>\n<p data-start=\"1621\" data-end=\"2029\">Luego agreg\u00f3: <strong data-start=\"1635\" data-end=\"1792\">\u00abCasi 9 a\u00f1os despues ac\u00e1 seguimos, haciendo esto porque de verdad siento y sent\u00ed que era lo \u00fanico en lo que era bueno, lo \u00fanico que despert\u00f3 magia en mi\u00bb<\/strong>, y finaliz\u00f3 con un mensaje cargado de gratitud: <strong data-start=\"1841\" data-end=\"2026\">\u00abGracias por permitirme vivir y seguir viviendo de esto \u2018el sue\u00f1o del pibe\u2019. gracias a los productores y los artistas que fueron parte de este proceso hermoso y gracias a mi equipo\u00bb<\/strong>.<\/p>\n<div contenteditable=\"false\" rel=\"freetext\" id=\"embed3376_wrap\" data-provider=\"YouTube\" readability=\"7\">\n<p>Embed \u2013 5202 \u2013 Duki (\u00c1lbum\/Mixtape Completo)<span onclick=\"parent.parent.TinyMCETdcuerpo.preview_embed('embed3376')\" id=\"embed3376_colapse\"><\/span><span onclick=\"parent.parent.TinyMCETdcuerpo.delete_embed('embed3376')\" id=\"embed3376_delete\"><\/span><\/p>\n<\/p><\/div><\/div>\n","protected":false},"excerpt":{"rendered":"<p>Duki se consolid\u00f3 como uno de los principales referentes de la m\u00fasica en Argentina y en el mundo, especialmente dentro del g\u00e9nero urbano. En este marco, Netflix prepara un documental que recorrer\u00e1 los momentos m\u00e1s importantes de su carrera y el camino que lo llev\u00f3 a convertirse en un verdadero rockstar. \u00bfCu\u00e1l fue el \u00faltimo [&hellip;]<\/p>\n","protected":false},"author":1,"featured_media":167305,"comment_status":"closed","ping_status":"closed","sticky":false,"template":"","format":"standard","meta":[],"categories":[2],"tags":[],"_links":{"self":[{"href":"http:\/\/cordobainforma.info\/index.php\/wp-json\/wp\/v2\/posts\/167304"}],"collection":[{"href":"http:\/\/cordobainforma.info\/index.php\/wp-json\/wp\/v2\/posts"}],"about":[{"href":"http:\/\/cordobainforma.info\/index.php\/wp-json\/wp\/v2\/types\/post"}],"author":[{"embeddable":true,"href":"http:\/\/cordobainforma.info\/index.php\/wp-json\/wp\/v2\/users\/1"}],"replies":[{"embeddable":true,"href":"http:\/\/cordobainforma.info\/index.php\/wp-json\/wp\/v2\/comments?post=167304"}],"version-history":[{"count":0,"href":"http:\/\/cordobainforma.info\/index.php\/wp-json\/wp\/v2\/posts\/167304\/revisions"}],"wp:featuredmedia":[{"embeddable":true,"href":"http:\/\/cordobainforma.info\/index.php\/wp-json\/wp\/v2\/media\/167305"}],"wp:attachment":[{"href":"http:\/\/cordobainforma.info\/index.php\/wp-json\/wp\/v2\/media?parent=167304"}],"wp:term":[{"taxonomy":"category","embeddable":true,"href":"http:\/\/cordobainforma.info\/index.php\/wp-json\/wp\/v2\/categories?post=167304"},{"taxonomy":"post_tag","embeddable":true,"href":"http:\/\/cordobainforma.info\/index.php\/wp-json\/wp\/v2\/tags?post=167304"}],"curies":[{"name":"wp","href":"https:\/\/api.w.org\/{rel}","templated":true}]}}