{"id":167302,"date":"2025-09-06T21:37:03","date_gmt":"2025-09-06T21:37:03","guid":{"rendered":"https:\/\/somoscordobeses.com\/2025\/09\/06\/velez-campeon-de-la-supercopa-en-rosario\/"},"modified":"2025-09-06T21:37:03","modified_gmt":"2025-09-06T21:37:03","slug":"velez-campeon-de-la-supercopa-en-rosario","status":"publish","type":"post","link":"http:\/\/cordobainforma.info\/index.php\/2025\/09\/06\/velez-campeon-de-la-supercopa-en-rosario\/","title":{"rendered":"V\u00e9lez campe\u00f3n de la Supercopa en Rosario"},"content":{"rendered":"<div><img src=\"http:\/\/cordobainforma.info\/wp-content\/uploads\/2025\/09\/velez-campeon-de-la-supercopa-en-rosario.jpg\" class=\"ff-og-image-inserted\"><\/div>\n<p>V\u00e9lez Sarsfield volvi\u00f3 a festejar. En Rosario, el \u201cFort\u00edn\u201d derrot\u00f3 2-0 a Central C\u00f3rdoba de Santiago del Estero y se consagr\u00f3 campe\u00f3n de la Supercopa Argentina.<\/p>\n<p>La gran figura de la tarde fue el juvenil Jano Gordon, autor de los dos goles en el segundo tiempo que le dieron al conjunto de Liniers una nueva estrella. Con personalidad y buen juego, V\u00e9lez mostr\u00f3 su jerarqu\u00eda en una final que lo tuvo siempre como protagonista.<\/p>\n<figure data-html data-tadevel-template=\"web\/multimedia\" data-type=\"rich\" data-url=\"https:\/\/twitter.com\/Velez\/status\/1964434368912294122\"><figcaption>\n<p>X de V\u00e9lez Sarsfield<\/p>\n<\/figcaption><\/figure>\n<p>Se trata de la segunda conquista del club en este certamen, luego de la obtenida en 2013 frente a Arsenal en Catamarca. Adem\u00e1s, este a\u00f1o ya hab\u00eda sumado la Supercopa Internacional, lo que confirma el gran presente del equipo dirigido por Guillermo Barros Schelotto.<\/p>\n<p>Central C\u00f3rdoba, por su parte, no pudo sostener el envi\u00f3n de las \u00faltimas fechas en el torneo local y se qued\u00f3 sin premio en su primera definici\u00f3n de Supercopa.<\/p>\n<figure data-tadevel-template=\"web\/multimedia\" data-type=\"photo\"><figcaption>\n<p>gentileza.<\/p>\n<\/figcaption><\/figure>\n<p>El festejo en el Gigante de Arroyito fue masivo. Ahora, el Fort\u00edn ya piensa en lo que viene en la Copa Libertadores y el Clausura.&nbsp;<\/p>\n","protected":false},"excerpt":{"rendered":"<p>V\u00e9lez Sarsfield volvi\u00f3 a festejar. En Rosario, el \u201cFort\u00edn\u201d derrot\u00f3 2-0 a Central C\u00f3rdoba de Santiago del Estero y se consagr\u00f3 campe\u00f3n de la Supercopa Argentina. La gran figura de la tarde fue el juvenil Jano Gordon, autor de los dos goles en el segundo tiempo que le dieron al conjunto de Liniers una nueva [&hellip;]<\/p>\n","protected":false},"author":1,"featured_media":167303,"comment_status":"closed","ping_status":"closed","sticky":false,"template":"","format":"standard","meta":[],"categories":[2],"tags":[],"_links":{"self":[{"href":"http:\/\/cordobainforma.info\/index.php\/wp-json\/wp\/v2\/posts\/167302"}],"collection":[{"href":"http:\/\/cordobainforma.info\/index.php\/wp-json\/wp\/v2\/posts"}],"about":[{"href":"http:\/\/cordobainforma.info\/index.php\/wp-json\/wp\/v2\/types\/post"}],"author":[{"embeddable":true,"href":"http:\/\/cordobainforma.info\/index.php\/wp-json\/wp\/v2\/users\/1"}],"replies":[{"embeddable":true,"href":"http:\/\/cordobainforma.info\/index.php\/wp-json\/wp\/v2\/comments?post=167302"}],"version-history":[{"count":0,"href":"http:\/\/cordobainforma.info\/index.php\/wp-json\/wp\/v2\/posts\/167302\/revisions"}],"wp:featuredmedia":[{"embeddable":true,"href":"http:\/\/cordobainforma.info\/index.php\/wp-json\/wp\/v2\/media\/167303"}],"wp:attachment":[{"href":"http:\/\/cordobainforma.info\/index.php\/wp-json\/wp\/v2\/media?parent=167302"}],"wp:term":[{"taxonomy":"category","embeddable":true,"href":"http:\/\/cordobainforma.info\/index.php\/wp-json\/wp\/v2\/categories?post=167302"},{"taxonomy":"post_tag","embeddable":true,"href":"http:\/\/cordobainforma.info\/index.php\/wp-json\/wp\/v2\/tags?post=167302"}],"curies":[{"name":"wp","href":"https:\/\/api.w.org\/{rel}","templated":true}]}}