{"id":167269,"date":"2025-09-05T19:23:23","date_gmt":"2025-09-05T19:23:23","guid":{"rendered":"https:\/\/www.escribiendocine.com\/noticias\/2025\/09\/05\/20381-adios-sui-generis-y-unas-confesiones-de-invierno-y-casi-primavera"},"modified":"2025-09-05T19:23:23","modified_gmt":"2025-09-05T19:23:23","slug":"adios-sui-generis-y-unas-confesiones-de-invierno-y-casi-primavera","status":"publish","type":"post","link":"http:\/\/cordobainforma.info\/index.php\/2025\/09\/05\/adios-sui-generis-y-unas-confesiones-de-invierno-y-casi-primavera\/","title":{"rendered":"\u201cAdi\u00f3s Sui Generis\u201d y unas Confesiones de Invierno (y casi Primavera)"},"content":{"rendered":"<div class=\"media_block\"><\/div>\n<div><img src=\"http:\/\/cordobainforma.info\/wp-content\/uploads\/2025\/09\/adios-sui-generis-y-unas-confesiones-de-invierno-y-casi-primavera.jpg\" class=\"ff-og-image-inserted\"><\/div>\n<p class=\"p1\"><em>\u00abHubo un tiempo que fue hermoso y fui libre de verdad, <\/em><em>guardaba todos mis sue\u00f1os en castillos de cristal&#8230;\u00bb. <\/em><\/p>\n<p class=\"p1\">Carlos Alberto Garc\u00eda Moreno y Carlos Alberto Mestre se conocieron en el a\u00f1o 1969 cuando cursaban el colegio secundario en el Instituto Social Militar \u00abDr. D\u00e1maso Centeno\u00bb, sobre la Av. Rivadavia a metros de Primera Junta en el barrio de Caballito, donde ellos viv\u00edan con sus familias. All\u00ed empezaron a gestar lo que a\u00f1os despu\u00e9s se convirti\u00f3 primero en un d\u00fao y despu\u00e9s en un grupo: <strong>Sui Generis<\/strong>. Desde 1972, con su primer \u00e1lbum \u201cVida\u201d hasta su separaci\u00f3n a fines de 1975, Sui Generis se transform\u00f3 en la banda de rock que de alguna manera revolucion\u00f3 las filas de dicho movimiento y se catapult\u00f3 a otras dimensiones. Los adolescentes, los j\u00f3venes a\u00fan rebeldes, las parejas rom\u00e1nticas, los chicos con ideales, un poco de todos ellos conformaban su p\u00fablico que los segu\u00eda y escuchaba con devoci\u00f3n. Unas letras que hablaban de sus propios problemas, sus inquietudes, sus deseos, sus sue\u00f1os. Y una m\u00fasica que fusionaba el folk norteamericano, con la balada y el rock nacional.<\/p>\n<p class=\"p3\">Por todo esto su despedida fue un acontecimiento social y cultural. El viernes 5 de septiembre de 1975 a partir de las 20.30 (y finalizando ya entrada la madrugada del s\u00e1bado 6) dieron las dos funciones del adi\u00f3s de la banda, en el Luna Park, ante m\u00e1s de 25 mil personas que desbordaron las instalaciones. Auspiciado por Casa Am\u00e9rica y con producci\u00f3n del infatigable (y extra\u00f1ado) Jorge \u00c1lvarez, los recitales se grabaron para ser editados en un principio en un disco doble. El disco \u201cAdi\u00f3s Sui Generis\u201d se edit\u00f3 originalmente en forma de \u00e1lbum doble (de vinilo) pero en manera separada, es decir, como dos discos individuales que se pod\u00edan comprar de a uno. El t\u00e9cnico de grabaci\u00f3n fue Roberto Robertone y la mezcla se hizo en los estudios Ion. El Long Play Doble lo hab\u00eda editado el Sello Discogr\u00e1fico Talent (una subsidiaria de Microf\u00f3n Argentina S.A.) producido por \u00c1lvarez.<\/p>\n<p class=\"p3\">Y el otro gran recuerdo que iba a quedar para siempre fue la filmaci\u00f3n de estos dos conciertos que se plasmaron en la que es una de las 4 grandes pel\u00edculas del Rock Nacional: <b>Adi\u00f3s Sui Generis<\/b> (Las otras tres son <b>Hasta que se ponga el sol<\/b> -1973- de An\u00edbal Uset, <b>Prima Rock<\/b> -1982- de Osvaldo And\u00e9chaga y <b>Buenos Aires Rock<\/b> -1983- de H\u00e9ctor Olivera). El film fue realizado por un joven de 32 a\u00f1os, Beb\u00e9 Kamin, un experimentado sonidista y que previamente solo hab\u00eda dirigido un largo de ficci\u00f3n,<b> El b\u00faho<\/b> (1974) con Virginia Lago y Eduardo \u201cEl Gordo\u201d Fasulo (T\u00edo de la cantante Mar\u00eda Carolina Fasulo \u2013Carola-).<\/p>\n<p class=\"p3\">Los protagonistas, sus instrumentos y su vestimenta fueron los siguientes: Charly Garc\u00eda en Piano, Fender Rhodes, Mini-Moog, ARP String Ensemble, Clavinet Hohner, voz y guitarra ac\u00fastica. Con galera de lam\u00e9 blanco y frac al tono y zapatillas de b\u00e1squet. Nito Mestre en Voz, guitarra ac\u00fastica y flauta traversa. Vestido m\u00e1s sencillo con camisola rojo ladrillo y jeans. Rinaldo Rafanelli en Bajo, guitarra ac\u00fastica y voz. Con chaleco y remera blanca. Juan Rodr\u00edguez en Bater\u00eda. Con remera roja y vaqueros. No hab\u00eda mucho presupuesto y en ciertos casos hubo que pedir elementos a otras bandas. Algunos de los micr\u00f3fonos estaban sujetados entre s\u00ed con cinta aisladora azul. Mientras el equipo de luces lo aport\u00f3 el grupo chileno Los Jaivas y algunos amplificadores eran del tr\u00edo Alas de Gustavo Moretto.<\/p>\n<p class=\"p3\">En palabras del propio director Bebe Kam\u00edn, en referencia a la producci\u00f3n y el porqu\u00e9 del film: <em>\u00abCreo que la pel\u00edcula transmite, en la medida que puede hacerlo el cine, algo que sucedi\u00f3 dentro y fuera del Luna Park. La actuaci\u00f3n de Sui Generis, las reacciones del p\u00fablico y las letras no aparec\u00edan como elementos suficientes para lograr un largometraje. Si bien las canciones est\u00e1n del principio al final, se incorporaron secuencias de la gente que estaba esperando entrar al estadio. Tambi\u00e9n se realizaron varios reportajes, con la certeza de acceder a una cantidad de respuestas francas. Luego de esa introducci\u00f3n, entramos de lleno al festival, describiendo la presentaci\u00f3n con sa\u00f1a. A partir de all\u00ed, desarrollamos los distintos temas. Aunque el intento inicial fue de registro, luego pudimos advertir una especie de desarrollo dram\u00e1tico provocado por la oposici\u00f3n de las partes, los distintos tipos de ritmo. Se trata de un desarrollo que se da en el plano de las sensaciones\u00bb.<\/em><\/p>\n<p class=\"p3\">Unas peque\u00f1as an\u00e9cdotas sobre las distintas escenas: Al principio se ve a los chicos haciendo la fila para ingresar al Luna Park. Una de las fans que estaba esperando para entrar comenta al camar\u00f3grafo: <em>\u201cMe gusta la letra que tienen porque llega a la profundidad lo que dicen\u201d<\/em>. Se muestran los ensayos de Sui Generis y la prueba de sonido.<\/p>\n<p class=\"p3\">A los 23 minutos de metraje se escucha de fondo el tema \u201cNena\u201d el cual introduce un sketch a manera de videoclip donde aparecen Mim\u00ed Pons \u2013con un destacado enrulado rubio y muy maquillada, y su hermana Norma Pons mirando y provocando a la c\u00e1mara semejando a Marlene Dietrich cuando cantaba Lili Marlene.<\/p>\n<p class=\"p3\">En medio del show, Garc\u00eda llegar\u00eda a decir desde el escenario al p\u00fablico asistente: <em>\u00abLes quiero pedir una cosa. Simplemente, si quieren bailar, y hacer lo que quieren hacer, h\u00e1ganlo. Pero por favor, no rompan nada, y traten de cuidar todo. No se paren en las sillas y esas cosas. Porque ustedes saben que esas cosas son seriamente castigadas\u00bb<\/em>. Esto dicho justo antes de cantar \u201cAprendizaje\u201d. . .<\/p>\n<p class=\"p3\">Durante las diferentes tomas aparecen planos de distintos concurrentes al recital y por ah\u00ed se distingue a Le\u00f3n Gieco junto a su mujer Alicia. Al Ruso Verea \u2013un fan\u00e1tico del f\u00fatbol y del rock. Se ven muchos j\u00f3venes fumando cigarrillos, y no hay que olvidar que en esa \u00e9poca estaba permitido -pero no autorizado- fumar en los teatros y ambientes cerrados.<\/p>\n<p class=\"p3\">Hay un Clip insertado con el tema \u201cMr. Jones\u201d. All\u00ed aparecen Charly y Nito travestidos como mujeres, Rinaldo es el padre y Juan el ni\u00f1o marinerito, todos vestidos a la usanza de las tradicionales familias virginianas. Empiezan a comer y todo termina como una batahola descontrolada.<\/p>\n<p class=\"p3\">Otro clip m\u00e1s sencillo: en \u201cUn hada y un cisne\u201d se lo muestra a Nito en short de ba\u00f1o, en un parque entre flores y \u00e1rboles y arroj\u00e1ndose y nadando en una piscina descubierta.<\/p>\n<p class=\"p3\">Y en medio de improvisaciones de cada m\u00fasico cuando Charly toca solo en el piano se injerta como un peque\u00f1o flash un extracto de un paso de baile entre Fred Astaire y Ginger Rogers, en \u201cCheek to Cheek\u201d de la pel\u00edcula \u201cSombrero de Copa\u201d (1935). Por \u00faltimo otro miniclip de Charly como un vampiro que chorrea sangre.<\/p>\n<p class=\"p3\">Ya en la despedida del concierto y de la pel\u00edcula se lo ve a Garc\u00eda y dice la siguiente frase final: <em>\u201cUstedes saben&#8230;, ustedes saben que hay muchos chicos afuera que est\u00e1n hace mucho tiempo esperando entrar. O sea que, les pido&#8230; les pido por favor que&#8230; O sea, nosotros vamos a tocar un tema m\u00e1s <\/em>(ovaci\u00f3n)<em>. Pero despu\u00e9s de eso&#8230; despu\u00e9s de eso les pido que&#8230; que \u00a1se vayan! <\/em>(sonrisa nerviosa).<em> O sea, los amamos much\u00edsimo a todos, pero ustedes saben lo que pasa. Bueno, yo me despido ahora: chau, chau, chau, loco, chau&#8230;\u00bb<\/em><\/p>\n<p class=\"p3\">El film se estren\u00f3 finalmente el jueves 2 de septiembre de 1976 en el Cine Plaza (Av. Corrientes 939, en CABA, hoy inexistente) distribuido por Contracuadro y MBC Producciones. Bebe Kam\u00edn (porte\u00f1o nacido el 7 de mayo de 1943) fue responsable del cineclub de la Facultad de Ingenier\u00eda, fue ayudante de direcci\u00f3n y un eximio sonidista. El resto de su filmograf\u00eda como director (y eventualmente guionista y productor), adem\u00e1s del t\u00edtulo m\u00e1s arriba mencionado y del documental que ahora nos compete, incluye estas pel\u00edculas: <b>Los chicos de la guerra<\/b> (1984), <b>Chechechela, una chica de barrio<\/b> (1986), <b>Vivir mata<\/b> (1991), <b>Contraluz<\/b> (2001), <b>Maestros milongueros<\/b> (2006), <b>Teatro Col\u00f3n: M\u00fasica Palabras Silencio<\/b> (2010) y <b>20 a\u00f1os breves<\/b> (mediometraje, 2015). Y ha sido el Coordinador general de todas las series de <b>Historias Breves<\/b>.<\/p>\n<p class=\"p3\">Luego de la separaci\u00f3n de Sui Generis (el \u00faltimo concierto en vivo que dieron fue el domingo 22 de setiembre de 1975, en el sal\u00f3n del Club Estrella Norte de Caleta Olivia, en la Provincia de Santa Cruz), Charly y Nito se juntar\u00edan en 1976 para grabar el disco <strong>Porsuigieco<\/strong> (junto a Mar\u00eda Rosa Yorio, Ra\u00fal Porchetto y Le\u00f3n Gieco), pero despu\u00e9s Charly seguir\u00eda su carrera con <em>La m\u00e1quina de hacer p\u00e1jaros primero<\/em>, luego <em>Ser\u00fa Gir\u00e1n<\/em> y finalmente como solista; Nito con <em>Los desconocidos de siempre<\/em> y luego solista. Y Rinaldo Rafanelli y Juan Rodr\u00edguez con <em>Polifemo<\/em>.<\/p>\n<p class=\"p3\">Como cierre una an\u00e9cdota contada por Charly Garc\u00eda a nuestro recordado colega Diego Curubeto: <em>\u201cEn realidad Babsy casi no se involucr\u00f3 en la pel\u00edcula. Nuestro productor, Jorge \u00c1lvarez, iba al hip\u00f3dromo con Torre Nilsson, de ah\u00ed sali\u00f3 que fuera el productor de la pel\u00edcula. Tengo un buen recuerdo de <\/em><b><em>Adi\u00f3s Sui Generis<\/em><\/b><em>, por lo menos es un buen testimonio de lo que pas\u00f3, m\u00e1s all\u00e1 de que la pel\u00edcula es toda azul, y le falta aire. La fiesta que hicimos para la pel\u00edcula, con Norma y Mim\u00ed Pons, era b\u00e1rbara, fue una gran fiesta en serio para toda la gente que particip\u00f3 en la escena. Lo absurdo fue que a pesar de que el p\u00fablico del Luna Park era en gran parte adolescente, la censura la calific\u00f3 prohibida para menores de 18 a\u00f1os, sin que hubiera una sola escena que lo justifique. Un tiempo despu\u00e9s de que se hizo yo estaba en un lugar con Torre Nilsson y aparecieron unos militares, y \u00e9l empez\u00f3 a gritarles barbaridades por esa calificaci\u00f3n, dec\u00eda que \u00edbamos a tomar el poder y cosas as\u00ed, y me se\u00f1alaba todo el tiempo como asoci\u00e1ndome con lo que \u00e9l dec\u00eda&#8230; yo los miraba y les hac\u00eda se\u00f1as que yo no ten\u00eda nada que ver. Creo que esa vez zaf\u00e9 por mi mam\u00e1, que era media amiga de unos militares. Pero igual era rid\u00edculo que le pusieran prohibida para menores de 18 a esa pel\u00edcula&#8230; Aunque, si lo pienso, tambi\u00e9n hubo una prohibici\u00f3n t\u00e1cita a los conciertos en el Luna Park&#8230; al otro d\u00eda ni siquiera sali\u00f3 una cr\u00edtica en los diarios, era como si no hubiera existido\u201d.<\/em><\/p>\n","protected":false},"excerpt":{"rendered":"<p>\u00abHubo un tiempo que fue hermoso y fui libre de verdad, guardaba todos mis sue\u00f1os en castillos de cristal&#8230;\u00bb. Carlos Alberto Garc\u00eda Moreno y Carlos Alberto Mestre se conocieron en el a\u00f1o 1969 cuando cursaban el colegio secundario en el Instituto Social Militar \u00abDr. D\u00e1maso Centeno\u00bb, sobre la Av. Rivadavia a metros de Primera Junta [&hellip;]<\/p>\n","protected":false},"author":1,"featured_media":167270,"comment_status":"open","ping_status":"closed","sticky":false,"template":"","format":"standard","meta":[],"categories":[21],"tags":[],"_links":{"self":[{"href":"http:\/\/cordobainforma.info\/index.php\/wp-json\/wp\/v2\/posts\/167269"}],"collection":[{"href":"http:\/\/cordobainforma.info\/index.php\/wp-json\/wp\/v2\/posts"}],"about":[{"href":"http:\/\/cordobainforma.info\/index.php\/wp-json\/wp\/v2\/types\/post"}],"author":[{"embeddable":true,"href":"http:\/\/cordobainforma.info\/index.php\/wp-json\/wp\/v2\/users\/1"}],"replies":[{"embeddable":true,"href":"http:\/\/cordobainforma.info\/index.php\/wp-json\/wp\/v2\/comments?post=167269"}],"version-history":[{"count":0,"href":"http:\/\/cordobainforma.info\/index.php\/wp-json\/wp\/v2\/posts\/167269\/revisions"}],"wp:featuredmedia":[{"embeddable":true,"href":"http:\/\/cordobainforma.info\/index.php\/wp-json\/wp\/v2\/media\/167270"}],"wp:attachment":[{"href":"http:\/\/cordobainforma.info\/index.php\/wp-json\/wp\/v2\/media?parent=167269"}],"wp:term":[{"taxonomy":"category","embeddable":true,"href":"http:\/\/cordobainforma.info\/index.php\/wp-json\/wp\/v2\/categories?post=167269"},{"taxonomy":"post_tag","embeddable":true,"href":"http:\/\/cordobainforma.info\/index.php\/wp-json\/wp\/v2\/tags?post=167269"}],"curies":[{"name":"wp","href":"https:\/\/api.w.org\/{rel}","templated":true}]}}