{"id":167259,"date":"2025-09-06T11:57:30","date_gmt":"2025-09-06T11:57:30","guid":{"rendered":"https:\/\/www.mujerhoy.com\/moda\/no-te-pierdas\/reina-letizia-zapatos-perfectos-otono-cordones-blucher-20250906114213-nt.html"},"modified":"2025-09-06T11:57:30","modified_gmt":"2025-09-06T11:57:30","slug":"la-reina-letizia-sabe-cuales-son-los-zapatos-perfectos-para-el-otono-de-cordones-planos-y-de-estilo-masculino","status":"publish","type":"post","link":"http:\/\/cordobainforma.info\/index.php\/2025\/09\/06\/la-reina-letizia-sabe-cuales-son-los-zapatos-perfectos-para-el-otono-de-cordones-planos-y-de-estilo-masculino\/","title":{"rendered":"La reina Letizia sabe cu\u00e1les son los zapatos perfectos para el oto\u00f1o: de cordones, planos y de estilo masculino"},"content":{"rendered":"<div class=\"media_block\"><\/div>\n<p><!-- AUTHOR --><\/p>\n<div class=\"voc-author-timesocial \">\n<!-- AUTHOR --><\/p>\n<div class=\"voc-author-timesocial__signature \">\n<!-- IMAGE AUTHOR -->\n<picture class=\"voc-image-signature\">\n<img class=\"voc-image-signature__img\" src=\"http:\/\/cordobainforma.info\/wp-content\/uploads\/2025\/09\/la-reina-letizia-sabe-cuales-son-los-zapatos-perfectos-para-el-otono-de-cordones-planos-y-de-estilo-masculino.jpg\" alt=\"Raquel Rodr\u00edguez\">\n<\/picture>\n<!-- INFO AUTHOR --> <\/div><\/div>\n<p><!-- COMPONENTS --><\/p>\n<p class=\"voc-paragraph\">Que la<a href=\"https:\/\/www.mujerhoy.com\/temas\/personajes\/reina-dona-letizia.html\" title=\"www.mujerhoy.com\" data-voc-vtm-id=\"in-text-traffic\" data-mrf-link=\"www.mujerhoy.com\"> reina Letizia<\/a> es inspiraci\u00f3n para muchas mujeres es m\u00e1s que evidente. Sus estilismos sirven de referencia para un sinf\u00edn de seguidoras y, al estar considerada como una de las <strong>royals m\u00e1s elegantes <\/strong>del mundo, todo lo que se pone acaba convirti\u00e9ndose en tendencia y siendo imitado.<\/p>\n<p class=\"voc-paragraph\">En sus \u00faltimas apariciones p\u00fablicas, sus looks han pasado a un segundo plano, sin embargo un detalle reciente nos ha servido de inspiraci\u00f3n de cara a la nueva temporada. Y es que, durante el \u00faltimo mes, la reina<a href=\"https:\/\/www.mujerhoy.com\/celebrities\/realeza\/letizia-incendios-orense-reina-seria-preocupada-tragedia-fuego-bomberos-vecinos-20250829230033-nt.html\" title=\"www.mujerhoy.com\" data-voc-vtm-id=\"in-text-traffic\" data-mrf-link=\"www.mujerhoy.com\"> ha visitado distintas zonas afectadas por los incendios<\/a>, eligiendo para ello <strong>estilismos b\u00e1sicos, c\u00f3modos y sobrios<\/strong>, protagonizados por cortes sencillos, colores neutros y calzado pr\u00e1ctico para poder moverse con facilidad en terrenos devastados.<\/p>\n<div class=\"v-c-cmp v-c-cmp--t1 \">\n<div class=\"v-cmp-rld v-cmp-rld--2 \">\n<div class=\"v-cnt-m v-cnt-m--m\">\n<div class=\"v-cnt-m__c\">\n<div class=\"v-cnt-m__w v-cnt-m__w--1\">\n<p class=\"v-cnt-m__t\">\nTAMBI\u00c9N TE INTERESA\n<\/p>\n<\/div>\n<\/div>\n<\/div>\n<div class=\"v-g v-g--2-c v-g--bdr-min-xs\">\n<div class=\"v-g__c \">\n<article class=\"v-a v-a--cmp-rld v-a--cmp-rld-2 v-a--p-l\">\n<div class=\"v-a-img-c\">\n<figure class=\"v-a-fig\">\n<a href=\"https:\/\/www.mujerhoy.com\/celebrities\/realeza\/letizia-amigas-periodistas-zarzuela-secretaria-carazo-comunicacion-lerchundi-20250901113809-nt.html#vtm_modulosEngag=mod-rel:moda:noticia:1:cmp:2-not\" class=\"v-a-link\" title=\"Primer d\u00eda en Zarzuela de las dos periodistas al servicio de Letizia: Marta Carazo y Rosa Lerchundi\"><br \/>\n<img loading=\"lazy\" class=\"v-a-img\" src=\"http:\/\/cordobainforma.info\/wp-content\/uploads\/2025\/09\/la-reina-letizia-sabe-cuales-son-los-zapatos-perfectos-para-el-otono-de-cordones-planos-y-de-estilo-masculino-1.jpg\" alt=\"Primer d\u00eda en Zarzuela de las dos periodistas al servicio de Letizia: Marta Carazo y Rosa Lerchundi\"><br \/>\n<\/a><br \/>\n<\/figure>\n<\/div>\n<\/article>\n<\/div>\n<div class=\"v-g__c \">\n<article class=\"v-a v-a--cmp-rld v-a--cmp-rld-2 v-a--p-l\">\n<div class=\"v-a-img-c\">\n<figure class=\"v-a-fig\">\n<a href=\"https:\/\/www.mujerhoy.com\/celebrities\/realeza\/letizia-felipe-visita-incendios-medulas-polemica-vecinos-abandonados-20250828213233-nt.html#vtm_modulosEngag=mod-rel:moda:noticia:2:cmp:2-not\" class=\"v-a-link\" title=\"La reina Letizia y Felipe VI, ante la destrucci\u00f3n de Las M\u00e9dulas: la pregunta que no pudieron contestar a los vecinos\"><br \/>\n<img loading=\"lazy\" class=\"v-a-img\" src=\"http:\/\/cordobainforma.info\/wp-content\/uploads\/2025\/09\/la-reina-letizia-sabe-cuales-son-los-zapatos-perfectos-para-el-otono-de-cordones-planos-y-de-estilo-masculino-2.jpg\" alt=\"La reina Letizia y Felipe VI, ante la destrucci\u00f3n de Las M\u00e9dulas: la pregunta que no pudieron contestar a los vecinos\"><br \/>\n<\/a><br \/>\n<\/figure>\n<\/div>\n<\/article>\n<\/div>\n<\/div>\n<\/div>\n<\/div>\n<p class=\"voc-paragraph\">La semana pasada, junto al rey Felipe, <a href=\"https:\/\/www.mujerhoy.com\/celebrities\/realeza\/letizia-felipe-visita-extremadura-incendios-empatia-mensajes-balance-20250830004008-nt.html\" title=\"www.mujerhoy.com\" data-voc-vtm-id=\"in-text-traffic\" data-mrf-link=\"www.mujerhoy.com\">viaj\u00f3 a Extremadura para recorrer algunas de las \u00e1reas m\u00e1s afectadas<\/a> y reunirse con alcaldes, bomberos y vecinos de Rebollar, Cabezabellosa y Herv\u00e1s. All\u00ed volvi\u00f3 a mostrarse cercana y c\u00f3mplice con todos ellos, y en esta ocasi\u00f3n apost\u00f3 por un look sencillo, pero perfectamente acertado: un <strong>total look azul marino<\/strong> formado por una camisa vaquera de manga larga y unos pantalones de pernera recta, que complet\u00f3 con unos <strong>botines marrones<\/strong> de cordones.<\/p>\n<p class=\"voc-paragraph\">Este calzado, que ya le hab\u00edamos visto en otras ocasiones, regres\u00f3 a su vestidor para mostrar una versi\u00f3n<strong> informal, austera y c\u00f3moda<\/strong>, en sinton\u00eda con los tr\u00e1gicos sucesos que motivaron la visita. Aunque eran botines, al llevarlos bajo el bajo del pantal\u00f3n daban la apariencia de unos <strong>zapatos tipo Oxford<\/strong>, aportando un toque masculino, sofisticado y perfectamente oto\u00f1al.<\/p>\n<div class=\"v-c-cmp v-c-cmp--s\">\n<div class=\"v-cmp-m \">\n<article class=\"v-a v-a--cmp-m v-c-cmp--m-z\">\n<div class=\"v-a-img-c \">\n<div class=\"v-a-fig\">\n<button class=\"v-a-link\" popovertarget=\"photo-871\"><br \/>\n<img loading=\"lazy\" src=\"http:\/\/cordobainforma.info\/wp-content\/uploads\/2025\/09\/la-reina-letizia-sabe-cuales-son-los-zapatos-perfectos-para-el-otono-de-cordones-planos-y-de-estilo-masculino-3.jpg\" class=\"v-a-img\" width=\"650\" height=\"650\" alt=\"La reina Letizia con unos botines marrones de cordones.\" data-voc-vtm-id=\"in-text-traffic\"> <\/button><figcaption class=\"v-fc\">\n<span class=\"v-fc__t\"><br \/>\nLa reina Letizia con unos botines marrones de cordones.<br \/>\n<\/span><br \/>\n<span class=\"v-fc__p\"><br \/>\nLimited Pictures<br \/>\n<\/span><br \/>\n<\/figcaption><\/div>\n<\/div>\n<div id=\"photo-871\" popover class=\"v-mdl v-mdl--fw\">\n<button class=\"v-x\" popovertarget=\"photo-871\" popovertargetaction=\"hide\"><br \/>\n<span class=\"v-i\"><br \/>\n<svg width=\"24\" height=\"23.996\" viewBox=\"0 0 24 23.996\">\n<path data-name=\"Uni\u00f3n 29\" d=\"M12,14.03,2.031,24,0,21.963,9.968,12,0,2.033,2.031,0,12,9.966,21.969,0,24,2.033,14.032,12,24,21.963,21.969,24Z\" \/>\n<\/svg><br \/>\n<\/span><br \/>\n<\/button><\/p>\n<div class=\"v-mdl__c\">\n<div class=\"v-mdl__w\">\n<img loading=\"lazy\" src=\"http:\/\/cordobainforma.info\/wp-content\/uploads\/2025\/09\/la-reina-letizia-sabe-cuales-son-los-zapatos-perfectos-para-el-otono-de-cordones-planos-y-de-estilo-masculino-3.jpg\" class=\"v-mdl__img-z\" width=\"650\" height=\"650\" alt>\n<\/div>\n<\/div>\n<\/div>\n<p><span class=\"v-bdp\"><\/span><br \/>\n<\/article>\n<\/div>\n<\/div>\n<p><h3 class=\"v-cmp-suh\">\nLos zapatos tipo oxford para mujer<br \/>\n<\/h3>\n<\/p>\n<p class=\"voc-paragraph\">Estos zapatos planos, de estilo cl\u00e1sico, se caracterizan por su suela lisa, cierre de cordones, puntera redondeada y, a menudo, detalles de perforado. Tambi\u00e9n conocidos como<strong> zapatos Blucher<\/strong>, son un dise\u00f1o atemporal que nunca pasa de moda y con el que es dif\u00edcil no acertar, tal y como la reina Letizia nos ha recordado con este \u00faltimo look. Estos son algunos de los ejemplos:<\/p>\n<div class=\"v-c-cmp v-c-cmp--s\">\n<div class=\"v-cmp-m \">\n<article class=\"v-a v-a--cmp-m v-c-cmp--m-z\">\n<div class=\"v-a-img-c \">\n<div class=\"v-a-fig\">\n<button class=\"v-a-link\" popovertarget=\"photo-449\"><br \/>\n<img loading=\"lazy\" src=\"http:\/\/cordobainforma.info\/wp-content\/uploads\/2025\/09\/la-reina-letizia-sabe-cuales-son-los-zapatos-perfectos-para-el-otono-de-cordones-planos-y-de-estilo-masculino-4.jpg\" class=\"v-a-img\" width=\"650\" height=\"650\" alt data-voc-vtm-id=\"in-text-traffic\"> <\/button>\n<\/div>\n<\/div>\n<div id=\"photo-449\" popover class=\"v-mdl v-mdl--fw\">\n<button class=\"v-x\" popovertarget=\"photo-449\" popovertargetaction=\"hide\"><br \/>\n<span class=\"v-i\"><br \/>\n<svg width=\"24\" height=\"23.996\" viewBox=\"0 0 24 23.996\">\n<path data-name=\"Uni\u00f3n 29\" d=\"M12,14.03,2.031,24,0,21.963,9.968,12,0,2.033,2.031,0,12,9.966,21.969,0,24,2.033,14.032,12,24,21.963,21.969,24Z\" \/>\n<\/svg><br \/>\n<\/span><br \/>\n<\/button><\/p>\n<div class=\"v-mdl__c\">\n<div class=\"v-mdl__w\">\n<img loading=\"lazy\" src=\"http:\/\/cordobainforma.info\/wp-content\/uploads\/2025\/09\/la-reina-letizia-sabe-cuales-son-los-zapatos-perfectos-para-el-otono-de-cordones-planos-y-de-estilo-masculino-4.jpg\" class=\"v-mdl__img-z\" width=\"650\" height=\"650\" alt>\n<\/div>\n<\/div>\n<\/div>\n<p><span class=\"v-bdp\"><\/span><br \/>\n<\/article>\n<\/div>\n<\/div>\n<p class=\"voc-paragraph\">De <strong>Vagabond <\/strong>(170 euros).<\/p>\n<div class=\"v-c-cmp v-c-cmp--s\">\n<div class=\"v-cmp-m \">\n<article class=\"v-a v-a--cmp-m v-c-cmp--m-z\">\n<div class=\"v-a-img-c \">\n<div class=\"v-a-fig\">\n<button class=\"v-a-link\" popovertarget=\"photo-368\"><br \/>\n<img loading=\"lazy\" src=\"http:\/\/cordobainforma.info\/wp-content\/uploads\/2025\/09\/la-reina-letizia-sabe-cuales-son-los-zapatos-perfectos-para-el-otono-de-cordones-planos-y-de-estilo-masculino-5.jpg\" class=\"v-a-img\" width=\"650\" height=\"650\" alt data-voc-vtm-id=\"in-text-traffic\"> <\/button>\n<\/div>\n<\/div>\n<div id=\"photo-368\" popover class=\"v-mdl v-mdl--fw\">\n<button class=\"v-x\" popovertarget=\"photo-368\" popovertargetaction=\"hide\"><br \/>\n<span class=\"v-i\"><br \/>\n<svg width=\"24\" height=\"23.996\" viewBox=\"0 0 24 23.996\">\n<path data-name=\"Uni\u00f3n 29\" d=\"M12,14.03,2.031,24,0,21.963,9.968,12,0,2.033,2.031,0,12,9.966,21.969,0,24,2.033,14.032,12,24,21.963,21.969,24Z\" \/>\n<\/svg><br \/>\n<\/span><br \/>\n<\/button><\/p>\n<div class=\"v-mdl__c\">\n<div class=\"v-mdl__w\">\n<img loading=\"lazy\" src=\"http:\/\/cordobainforma.info\/wp-content\/uploads\/2025\/09\/la-reina-letizia-sabe-cuales-son-los-zapatos-perfectos-para-el-otono-de-cordones-planos-y-de-estilo-masculino-5.jpg\" class=\"v-mdl__img-z\" width=\"650\" height=\"650\" alt>\n<\/div>\n<\/div>\n<\/div>\n<p><span class=\"v-bdp\"><\/span><br \/>\n<\/article>\n<\/div>\n<\/div>\n<p class=\"voc-paragraph\">De <strong>Pikolinos <\/strong>(109,95 euros).<\/p>\n<div class=\"v-c-cmp v-c-cmp--s\">\n<div class=\"v-cmp-m \">\n<article class=\"v-a v-a--cmp-m v-c-cmp--m-z\">\n<div class=\"v-a-img-c \">\n<div class=\"v-a-fig\">\n<button class=\"v-a-link\" popovertarget=\"photo-676\"><br \/>\n<img loading=\"lazy\" src=\"http:\/\/cordobainforma.info\/wp-content\/uploads\/2025\/09\/la-reina-letizia-sabe-cuales-son-los-zapatos-perfectos-para-el-otono-de-cordones-planos-y-de-estilo-masculino-6.jpg\" class=\"v-a-img\" width=\"650\" height=\"650\" alt data-voc-vtm-id=\"in-text-traffic\"> <\/button>\n<\/div>\n<\/div>\n<div id=\"photo-676\" popover class=\"v-mdl v-mdl--fw\">\n<button class=\"v-x\" popovertarget=\"photo-676\" popovertargetaction=\"hide\"><br \/>\n<span class=\"v-i\"><br \/>\n<svg width=\"24\" height=\"23.996\" viewBox=\"0 0 24 23.996\">\n<path data-name=\"Uni\u00f3n 29\" d=\"M12,14.03,2.031,24,0,21.963,9.968,12,0,2.033,2.031,0,12,9.966,21.969,0,24,2.033,14.032,12,24,21.963,21.969,24Z\" \/>\n<\/svg><br \/>\n<\/span><br \/>\n<\/button><\/p>\n<div class=\"v-mdl__c\">\n<div class=\"v-mdl__w\">\n<img loading=\"lazy\" src=\"http:\/\/cordobainforma.info\/wp-content\/uploads\/2025\/09\/la-reina-letizia-sabe-cuales-son-los-zapatos-perfectos-para-el-otono-de-cordones-planos-y-de-estilo-masculino-6.jpg\" class=\"v-mdl__img-z\" width=\"650\" height=\"650\" alt>\n<\/div>\n<\/div>\n<\/div>\n<p><span class=\"v-bdp\"><\/span><br \/>\n<\/article>\n<\/div>\n<\/div>\n<p class=\"voc-paragraph\">De <strong>Merkal <\/strong>(39,99 euros).<\/p>\n<div class=\"v-c-cmp v-c-cmp--s\">\n<div class=\"v-cmp-m \">\n<article class=\"v-a v-a--cmp-m v-c-cmp--m-z\">\n<div class=\"v-a-img-c \">\n<div class=\"v-a-fig\">\n<button class=\"v-a-link\" popovertarget=\"photo-277\"><br \/>\n<img loading=\"lazy\" src=\"http:\/\/cordobainforma.info\/wp-content\/uploads\/2025\/09\/la-reina-letizia-sabe-cuales-son-los-zapatos-perfectos-para-el-otono-de-cordones-planos-y-de-estilo-masculino-7.jpg\" class=\"v-a-img\" width=\"650\" height=\"650\" alt data-voc-vtm-id=\"in-text-traffic\"> <\/button>\n<\/div>\n<\/div>\n<div id=\"photo-277\" popover class=\"v-mdl v-mdl--fw\">\n<button class=\"v-x\" popovertarget=\"photo-277\" popovertargetaction=\"hide\"><br \/>\n<span class=\"v-i\"><br \/>\n<svg width=\"24\" height=\"23.996\" viewBox=\"0 0 24 23.996\">\n<path data-name=\"Uni\u00f3n 29\" d=\"M12,14.03,2.031,24,0,21.963,9.968,12,0,2.033,2.031,0,12,9.966,21.969,0,24,2.033,14.032,12,24,21.963,21.969,24Z\" \/>\n<\/svg><br \/>\n<\/span><br \/>\n<\/button><\/p>\n<div class=\"v-mdl__c\">\n<div class=\"v-mdl__w\">\n<img loading=\"lazy\" src=\"http:\/\/cordobainforma.info\/wp-content\/uploads\/2025\/09\/la-reina-letizia-sabe-cuales-son-los-zapatos-perfectos-para-el-otono-de-cordones-planos-y-de-estilo-masculino-7.jpg\" class=\"v-mdl__img-z\" width=\"650\" height=\"650\" alt>\n<\/div>\n<\/div>\n<\/div>\n<p><span class=\"v-bdp\"><\/span><br \/>\n<\/article>\n<\/div>\n<\/div>\n<p class=\"voc-paragraph\">De <strong>Dr. Martens<\/strong> (190 euros).<\/p>\n<div class=\"v-c-cmp v-c-cmp--s\">\n<div class=\"v-cmp-m \">\n<article class=\"v-a v-a--cmp-m v-c-cmp--m-z\">\n<div class=\"v-a-img-c \">\n<div class=\"v-a-fig\">\n<button class=\"v-a-link\" popovertarget=\"photo-101\"><br \/>\n<img loading=\"lazy\" src=\"http:\/\/cordobainforma.info\/wp-content\/uploads\/2025\/09\/la-reina-letizia-sabe-cuales-son-los-zapatos-perfectos-para-el-otono-de-cordones-planos-y-de-estilo-masculino-8.jpg\" class=\"v-a-img\" width=\"650\" height=\"650\" alt data-voc-vtm-id=\"in-text-traffic\"> <\/button>\n<\/div>\n<\/div>\n<div id=\"photo-101\" popover class=\"v-mdl v-mdl--fw\">\n<button class=\"v-x\" popovertarget=\"photo-101\" popovertargetaction=\"hide\"><br \/>\n<span class=\"v-i\"><br \/>\n<svg width=\"24\" height=\"23.996\" viewBox=\"0 0 24 23.996\">\n<path data-name=\"Uni\u00f3n 29\" d=\"M12,14.03,2.031,24,0,21.963,9.968,12,0,2.033,2.031,0,12,9.966,21.969,0,24,2.033,14.032,12,24,21.963,21.969,24Z\" \/>\n<\/svg><br \/>\n<\/span><br \/>\n<\/button><\/p>\n<div class=\"v-mdl__c\">\n<div class=\"v-mdl__w\">\n<img loading=\"lazy\" src=\"http:\/\/cordobainforma.info\/wp-content\/uploads\/2025\/09\/la-reina-letizia-sabe-cuales-son-los-zapatos-perfectos-para-el-otono-de-cordones-planos-y-de-estilo-masculino-8.jpg\" class=\"v-mdl__img-z\" width=\"650\" height=\"650\" alt>\n<\/div>\n<\/div>\n<\/div>\n<p><span class=\"v-bdp\"><\/span><br \/>\n<\/article>\n<\/div>\n<\/div>\n<p class=\"voc-paragraph\">De <strong>Sandro <\/strong>(rebajados a 237 euros).<\/p>\n<div class=\"v-c-cmp v-c-cmp--s\">\n<div class=\"v-cmp-m \">\n<article class=\"v-a v-a--cmp-m v-c-cmp--m-z\">\n<div class=\"v-a-img-c \">\n<div class=\"v-a-fig\">\n<button class=\"v-a-link\" popovertarget=\"photo-842\"><br \/>\n<img loading=\"lazy\" src=\"http:\/\/cordobainforma.info\/wp-content\/uploads\/2025\/09\/la-reina-letizia-sabe-cuales-son-los-zapatos-perfectos-para-el-otono-de-cordones-planos-y-de-estilo-masculino-9.jpg\" class=\"v-a-img\" width=\"650\" height=\"650\" alt data-voc-vtm-id=\"in-text-traffic\"> <\/button>\n<\/div>\n<\/div>\n<div id=\"photo-842\" popover class=\"v-mdl v-mdl--fw\">\n<button class=\"v-x\" popovertarget=\"photo-842\" popovertargetaction=\"hide\"><br \/>\n<span class=\"v-i\"><br \/>\n<svg width=\"24\" height=\"23.996\" viewBox=\"0 0 24 23.996\">\n<path data-name=\"Uni\u00f3n 29\" d=\"M12,14.03,2.031,24,0,21.963,9.968,12,0,2.033,2.031,0,12,9.966,21.969,0,24,2.033,14.032,12,24,21.963,21.969,24Z\" \/>\n<\/svg><br \/>\n<\/span><br \/>\n<\/button><\/p>\n<div class=\"v-mdl__c\">\n<div class=\"v-mdl__w\">\n<img loading=\"lazy\" src=\"http:\/\/cordobainforma.info\/wp-content\/uploads\/2025\/09\/la-reina-letizia-sabe-cuales-son-los-zapatos-perfectos-para-el-otono-de-cordones-planos-y-de-estilo-masculino-9.jpg\" class=\"v-mdl__img-z\" width=\"650\" height=\"650\" alt>\n<\/div>\n<\/div>\n<\/div>\n<p><span class=\"v-bdp\"><\/span><br \/>\n<\/article>\n<\/div>\n<\/div>\n<p class=\"voc-paragraph\">De <strong>Toni Pons <\/strong>(rebajados a 76 euros en El Corte Ingl\u00e9s).<\/p>\n<div class=\"v-c-cmp v-c-cmp--t1 \">\n<div class=\"v-cmp-rld v-cmp-rld--2 \">\n<div class=\"v-cnt-m v-cnt-m--m\">\n<div class=\"v-cnt-m__c\">\n<div class=\"v-cnt-m__w v-cnt-m__w--1\">\n<p class=\"v-cnt-m__t\">\nTAMBI\u00c9N TE INTERESA\n<\/p>\n<\/div>\n<\/div>\n<\/div>\n<div class=\"v-g v-g--2-c v-g--bdr-min-xs\">\n<div class=\"v-g__c \">\n<article class=\"v-a v-a--cmp-rld v-a--cmp-rld-2 v-a--p-l\">\n<div class=\"v-a-img-c\">\n<figure class=\"v-a-fig\">\n<a href=\"https:\/\/www.mujerhoy.com\/moda\/tendencias\/vuelven-bailarinas-otono-2025-zara-mango-parfois-20250901124610-nt.html#vtm_modulosEngag=mod-rel:moda:noticia:1:cmp:2-not\" class=\"v-a-link\" title=\"Vuelven las bailarinas para este oto\u00f1o 2025 y estos son los modelos que m\u00e1s se van a llevar\"><br \/>\n<img loading=\"lazy\" class=\"v-a-img\" src=\"http:\/\/cordobainforma.info\/wp-content\/uploads\/2025\/09\/la-reina-letizia-sabe-cuales-son-los-zapatos-perfectos-para-el-otono-de-cordones-planos-y-de-estilo-masculino-10.jpg\" alt=\"Vuelven las bailarinas para este oto\u00f1o 2025 y estos son los modelos que m\u00e1s se van a llevar\"><br \/>\n<\/a><br \/>\n<\/figure>\n<\/div>\n<\/article>\n<\/div>\n<div class=\"v-g__c \">\n<article class=\"v-a v-a--cmp-rld v-a--cmp-rld-2 v-a--p-l\">\n<div class=\"v-a-img-c\">\n<figure class=\"v-a-fig\">\n<a href=\"https:\/\/www.mujerhoy.com\/moda\/tendencias\/nuevo-zapatos-baratos-instagram-zara-2025-20250829095742-nt.html#vtm_modulosEngag=mod-rel:moda:noticia:2:cmp:2-not\" class=\"v-a-link\" title=\"Los mocasines son el accesorio que te soluciona el \u00abqu\u00e9 me pongo\u00bb durante los d\u00edas de entretiempo\"><br \/>\n<img loading=\"lazy\" class=\"v-a-img\" src=\"http:\/\/cordobainforma.info\/wp-content\/uploads\/2025\/09\/la-reina-letizia-sabe-cuales-son-los-zapatos-perfectos-para-el-otono-de-cordones-planos-y-de-estilo-masculino-11.jpg\" alt=\"Los mocasines son el accesorio que te soluciona el \u00abqu\u00e9 me pongo\u00bb durante los d\u00edas de entretiempo\"><br \/>\n<\/a><br \/>\n<\/figure>\n<\/div>\n<\/article>\n<\/div>\n<\/div>\n<\/div>\n<\/div>\n","protected":false},"excerpt":{"rendered":"<p>Que la reina Letizia es inspiraci\u00f3n para muchas mujeres es m\u00e1s que evidente. Sus estilismos sirven de referencia para un sinf\u00edn de seguidoras y, al estar considerada como una de las royals m\u00e1s elegantes del mundo, todo lo que se pone acaba convirti\u00e9ndose en tendencia y siendo imitado. En sus \u00faltimas apariciones p\u00fablicas, sus looks [&hellip;]<\/p>\n","protected":false},"author":1,"featured_media":167260,"comment_status":"closed","ping_status":"closed","sticky":false,"template":"","format":"standard","meta":[],"categories":[24],"tags":[],"_links":{"self":[{"href":"http:\/\/cordobainforma.info\/index.php\/wp-json\/wp\/v2\/posts\/167259"}],"collection":[{"href":"http:\/\/cordobainforma.info\/index.php\/wp-json\/wp\/v2\/posts"}],"about":[{"href":"http:\/\/cordobainforma.info\/index.php\/wp-json\/wp\/v2\/types\/post"}],"author":[{"embeddable":true,"href":"http:\/\/cordobainforma.info\/index.php\/wp-json\/wp\/v2\/users\/1"}],"replies":[{"embeddable":true,"href":"http:\/\/cordobainforma.info\/index.php\/wp-json\/wp\/v2\/comments?post=167259"}],"version-history":[{"count":0,"href":"http:\/\/cordobainforma.info\/index.php\/wp-json\/wp\/v2\/posts\/167259\/revisions"}],"wp:featuredmedia":[{"embeddable":true,"href":"http:\/\/cordobainforma.info\/index.php\/wp-json\/wp\/v2\/media\/167260"}],"wp:attachment":[{"href":"http:\/\/cordobainforma.info\/index.php\/wp-json\/wp\/v2\/media?parent=167259"}],"wp:term":[{"taxonomy":"category","embeddable":true,"href":"http:\/\/cordobainforma.info\/index.php\/wp-json\/wp\/v2\/categories?post=167259"},{"taxonomy":"post_tag","embeddable":true,"href":"http:\/\/cordobainforma.info\/index.php\/wp-json\/wp\/v2\/tags?post=167259"}],"curies":[{"name":"wp","href":"https:\/\/api.w.org\/{rel}","templated":true}]}}