{"id":167247,"date":"2025-09-06T12:00:00","date_gmt":"2025-09-06T12:00:00","guid":{"rendered":"http:\/\/cordobainforma.info\/index.php\/2025\/09\/06\/cachanosky-cuando-el-mercado-ve-que-el-estado-paga-tasas-de-interes-muy-altas-se-te-da-vuelta-y-se-va-al-dolar\/"},"modified":"2025-09-06T12:00:00","modified_gmt":"2025-09-06T12:00:00","slug":"cachanosky-cuando-el-mercado-ve-que-el-estado-paga-tasas-de-interes-muy-altas-se-te-da-vuelta-y-se-va-al-dolar","status":"publish","type":"post","link":"http:\/\/cordobainforma.info\/index.php\/2025\/09\/06\/cachanosky-cuando-el-mercado-ve-que-el-estado-paga-tasas-de-interes-muy-altas-se-te-da-vuelta-y-se-va-al-dolar\/","title":{"rendered":"Cachanosky: \u201cCuando el mercado ve que el Estado paga tasas de inter\u00e9s muy altas, se te da vuelta y se va al d\u00f3lar\u201d"},"content":{"rendered":"<div class=\"media_block\"><\/div>\n<div><img src=\"http:\/\/cordobainforma.info\/wp-content\/uploads\/2025\/09\/cachanosky-cuando-el-mercado-ve-que-el-estado-paga-tasas-de-interes-muy-altas-se-te-da-vuelta-y-se-va-al-dolar.jpg\" class=\"ff-og-image-inserted\"><\/div>\n<p>El economista <strong>Roberto Cachanosky <\/strong>asegur\u00f3 que \u201ccuando el <strong>mercado<\/strong> ve que <strong>el Estado paga tasas de inter\u00e9s muy altas<\/strong>, se te da vuelta y <strong>se va al d\u00f3lar<\/strong>\u201d.<\/p>\n<p class=\"destacadoNota\"><a target=\"_blank\" href=\"https:\/\/www.perfil.com\/noticias\/nea\/giacomini-el-plan-economico-va-a-terminar-fracasando-y-el-gobierno-no-tiene-plan-b.phtml\" rel=\"noopener noreferrer\">Giacomini: \u201cEl plan econ\u00f3mico va a terminar fracasando y el Gobierno no tiene plan B\u201d<\/a><\/p>\n<h2>El estudio de Sargent y Wallace<\/h2>\n<p>El analista cit\u00f3 al trabajo de <strong>Sargent y Wallace<\/strong>, <em>\u201cSome unpleasant monetarist arithmetic<\/em> (1981) y se pregunt\u00f3: \u00bfsirve tener super\u00e1vit fiscal, si us\u00e1s mal la tasa de inter\u00e9s?<\/p>\n<p>\u201cMe lo hizo notar un amigo que estuvo en la <strong>Reserva Federal<\/strong>. Lo est\u00e1bamos revisando y debatiendo. El punto es \u00e9ste: <strong>Cuando el mercado ve que el Estado est\u00e1 pagando tasas de inter\u00e9s muy altas. \u00bfQu\u00e9 se pregunta? \u00bfVos est\u00e1s teniendo un super\u00e1vit fiscal que crezca de manera tal que pueda pagar esos mayores intereses que est\u00e1s devengando actualmente?<\/strong>\u201d, argument\u00f3 <strong>Cachanosky<\/strong>.<\/p>\n<p>\u201cSi el mercado duda de que vos teng\u00e1s <strong>super\u00e1vit primario<\/strong> para poder pagar los<strong> intereses de la deuda<\/strong>, en alg\u00fan momento<strong> se te da vuelta y se te va del peso al d\u00f3lar<\/strong> y salta el mercado\u201d, agreg\u00f3 en di\u00e1logo con <em>Splendid AM 990<\/em>.<\/p>\n<p>\u201cObviamente <em>Sargent y Wallace <\/em>trataban de otro enfoque. Yo lo estoy adaptando a la Argentina\u201d, aclar\u00f3.<\/p>\n<p>\u201cSiguiendo ese trabajo, la pregunta que uno deber\u00eda hacer es \u00bfE<strong>l super\u00e1vit primario<\/strong> es sostenible primero as\u00ed como lo est\u00e1n haciendo consumi\u00e9ndose las rutas, no d\u00e1ndole servicios a los discapacitados? \u00bfY si es sostenible, crece el <strong>super\u00e1vit primario<\/strong> a la velocidad que crecen los intereses?\u201d, volvi\u00f3 a interrogarse.<\/p>\n<p>Y de inmediato respondi\u00f3: \u201cLa respuesta que te doy desde ya es \u00b4no\u00b4\u201d.<\/p>\n<p class=\"destacadoNota\"><a target=\"_blank\" href=\"https:\/\/www.perfil.com\/noticias\/nea\/cavallo-advierte-que-sin-una-reforma-monetaria-urgente-el-gobierno-arriesga-inflacion-o-recesion.phtml\" rel=\"noopener noreferrer\">Cavallo advierte que sin una reforma monetaria urgente el Gobierno arriesga inflaci\u00f3n o recesi\u00f3n<\/a><\/p>\n<h2>Cr\u00edticas a Milei<\/h2>\n<p>\u201c<strong>Milei se la pas\u00f3 gritando en la campa\u00f1a electoral que el precio del d\u00f3lar ten\u00eda que ser libre porque era sagrado<\/strong>. No s\u00e9 cu\u00e1ntas cosas dijo. Y lo ten\u00e9s al <strong>Banco Central<\/strong> no s\u00f3lo interviniendo en el d\u00f3lar futuro, que no informa todos los d\u00edas cu\u00e1nto interviene, sino que ahora el <strong>Tesoro<\/strong> est\u00e1 vendiendo d\u00f3lares en el mercado. <strong>Obviamente si vende d\u00f3lares es para que no suba<\/strong>\u201d, cuestion\u00f3 Cachanosky.<\/p>\n<p>\u201cPero lo m\u00e1s grave es que el Tesoro tiene d\u00f3lares en el Banco Central y en el Banco Naci\u00f3n y <strong>no informa todos los d\u00edas cu\u00e1nto vendi\u00f3, a qu\u00e9 precio vendi\u00f3 y qu\u00e9 cantidades vendi\u00f3<\/strong>\u201d, subray\u00f3.<\/p>\n<p>\u201c<strong>Esos d\u00f3lares no son ni de Caputo, ni de Milei, ni de Quirno, el secretario de Finanzas, son de la gente<\/strong>, son recursos p\u00fablicos\u201d, finaliz\u00f3 el economista.<\/p>\n<div class=\"article__tags\">\n<p>En esta Nota<\/p>\n<\/p><\/div>\n","protected":false},"excerpt":{"rendered":"<p>El economista Roberto Cachanosky asegur\u00f3 que \u201ccuando el mercado ve que el Estado paga tasas de inter\u00e9s muy altas, se te da vuelta y se va al d\u00f3lar\u201d. Giacomini: \u201cEl plan econ\u00f3mico va a terminar fracasando y el Gobierno no tiene plan B\u201d El estudio de Sargent y Wallace El analista cit\u00f3 al trabajo de [&hellip;]<\/p>\n","protected":false},"author":1,"featured_media":167248,"comment_status":"closed","ping_status":"closed","sticky":false,"template":"","format":"standard","meta":[],"categories":[2],"tags":[],"_links":{"self":[{"href":"http:\/\/cordobainforma.info\/index.php\/wp-json\/wp\/v2\/posts\/167247"}],"collection":[{"href":"http:\/\/cordobainforma.info\/index.php\/wp-json\/wp\/v2\/posts"}],"about":[{"href":"http:\/\/cordobainforma.info\/index.php\/wp-json\/wp\/v2\/types\/post"}],"author":[{"embeddable":true,"href":"http:\/\/cordobainforma.info\/index.php\/wp-json\/wp\/v2\/users\/1"}],"replies":[{"embeddable":true,"href":"http:\/\/cordobainforma.info\/index.php\/wp-json\/wp\/v2\/comments?post=167247"}],"version-history":[{"count":0,"href":"http:\/\/cordobainforma.info\/index.php\/wp-json\/wp\/v2\/posts\/167247\/revisions"}],"wp:featuredmedia":[{"embeddable":true,"href":"http:\/\/cordobainforma.info\/index.php\/wp-json\/wp\/v2\/media\/167248"}],"wp:attachment":[{"href":"http:\/\/cordobainforma.info\/index.php\/wp-json\/wp\/v2\/media?parent=167247"}],"wp:term":[{"taxonomy":"category","embeddable":true,"href":"http:\/\/cordobainforma.info\/index.php\/wp-json\/wp\/v2\/categories?post=167247"},{"taxonomy":"post_tag","embeddable":true,"href":"http:\/\/cordobainforma.info\/index.php\/wp-json\/wp\/v2\/tags?post=167247"}],"curies":[{"name":"wp","href":"https:\/\/api.w.org\/{rel}","templated":true}]}}