{"id":167187,"date":"2025-09-06T04:23:29","date_gmt":"2025-09-06T04:23:29","guid":{"rendered":"https:\/\/somoscordobeses.com\/2025\/09\/06\/avanza-el-proyecto-opositor-para-limitar-los-dnu-de-milei-con-la-mira-en-el-dia-despues-de-las-elecciones\/"},"modified":"2025-09-06T04:23:29","modified_gmt":"2025-09-06T04:23:29","slug":"avanza-el-proyecto-opositor-para-limitar-los-dnu-de-milei-con-la-mira-en-el-dia-despues-de-las-elecciones","status":"publish","type":"post","link":"http:\/\/cordobainforma.info\/index.php\/2025\/09\/06\/avanza-el-proyecto-opositor-para-limitar-los-dnu-de-milei-con-la-mira-en-el-dia-despues-de-las-elecciones\/","title":{"rendered":"Avanza el proyecto opositor para limitar los DNU de Milei, con la mira en el d\u00eda despu\u00e9s de las elecciones"},"content":{"rendered":"<div><img src=\"http:\/\/cordobainforma.info\/wp-content\/uploads\/2025\/09\/avanza-el-proyecto-opositor-para-limitar-los-dnu-de-milei-con-la-mira-en-el-dia-despues-de-las-elecciones.jpg\" class=\"ff-og-image-inserted\"><\/div>\n<p>En una jornada negra para el presidente <strong>Javier Milei <\/strong>la <strong>oposici\u00f3n <\/strong>aprob\u00f3 en el <strong>Senado <\/strong>un proyecto de <strong>reforma a la ley que regula los decretos de necesidad y urgencia (DNU)<\/strong>, una herramienta que hasta ahora le permiti\u00f3 al mandatario tomar medidas sin pasar por un Congreso cuya mayor\u00eda opositora est\u00e1 cada vez m\u00e1s s\u00f3lida.<\/p>\n<p><span>La iniciativa fue aprobada y girada a la C\u00e1mara de Diputados con 56 votos a favor, 8 en contra y 2 abstenciones, luego del debate en el que una abrumadora mayor\u00eda dej\u00f3 sin efecto el veto de Milei a la ley de emergencia en discapacidad. <\/span>Junto a los DNU, el veto es la otra \u00abarma\u00bb del l\u00edder libertario para defender su plan de ajuste fiscal, por lo que el Senado pint\u00f3 un panorama complejo para adelante.<\/p>\n<p>El proyecto fue presentado por la cordobesa Alejandra Vigo -esposa de Juan Schiaretti, referente de Provincias Unidas- y <strong>se empez\u00f3 a mover de apuro hace dos semanas<\/strong>, cuando Uni\u00f3n por la Patria y senadores radicales y de bloques provinciales lo hicieron circular por los despachos para juntar firmas y alcanzar as\u00ed el dictamen.<\/p>\n<p>El apuro no es casual. <strong>\u00abLa idea es aprobarlo antes de las elecciones\u00bb, desliz\u00f3 a <strong>iProfesional<\/strong> una fuente de la oposici\u00f3n. <\/strong>El plan es que Diputados aproveche el envi\u00f3n y busque una mayor\u00eda para convertirlo en ley antes de que cambie la composici\u00f3n del Congreso en diciembre, dado que el oficialismo podr\u00eda sumar las bancas suficientes como para que le sea m\u00e1s f\u00e1cil blindar los decretos de Milei, con las reglas actuales.<\/p>\n<h2>Javier Milei, frente a otro desaf\u00edo de la oposici\u00f3n: \u00bfqu\u00e9 cambios quieren hacer en los DNU?<\/h2>\n<p>El proyecto de la oposici\u00f3n propone modificar la ley 26.122 <span>para que los DNU queden sin efecto con el rechazo de una sola C\u00e1mara del Congreso y no de las dos, como ocurre hoy. <\/span>Es decir que al Gobierno ya no le alcanzar\u00eda con bloquear o demorar el rechazo solo en Diputados o solo en el Senado.<\/p>\n<p>Este es el punto m\u00e1s inc\u00f3modo para Milei, que hasta ahora logr\u00f3 sostener casi todos sus decretos precisamente por esa regla. El ejemplo paradigm\u00e1tico es el \u00abmega DNU\u00bb (el 70\/2023) con el que inaugur\u00f3 su gesti\u00f3n en 2023 y sirvi\u00f3 de columna vertebral para la Ley Bases.<strong> Sigue vigente porque solo lo rechaz\u00f3 el Senado y no Diputados.<\/strong><\/p>\n<p>No obstante, el proyecto tiene otras modificaciones que limitar\u00edan el uso frecuente que hace Milei de esta herramienta. Una es que se fijar\u00eda un<strong> plazo de 90 d\u00edas para que el Senado y Diputados aprueben cualquier DNU, de lo contrar\u00edo caer\u00e1 autom\u00e1ticamente<\/strong>. Es un cambio sustancial, dado que actualmente, eso no existe y cualquier decreto sigue vigente mientras no sea rechazado por ambas C\u00e1maras. Es lo que se llama \u00absanci\u00f3n ficta\u00bb.<\/p>\n<p>A eso el proyecto le suma que cada DNU deber\u00e1<strong> abarcar una \u00fanica materia<\/strong>, es decir, ya no podr\u00edan dictar normas para \u00e1reas diversas, como hizo Milei con el mismo decreto 70\/2023. En un caso as\u00ed, cada materia requerir\u00e1 de un DNU espec\u00edfico, para que el Congreso los analice individualmente.<\/p>\n<h2>El giro del kirchnerismo con los DNU y la estrategia opositora en el Congreso<\/h2>\n<p><span>La ley 26.122 que marca las reglas para los DNU data de 2006 y fue impulsada por la entonces senadora y primera dama, Cristina Kirchner. Parad\u00f3jicamente, la propuesta que empujan ahora sus senadores plantea volver a un esquema anterior y ponerle fin a la llamada \u00absanci\u00f3n ficta\u00bb<\/span> de los decretos que el kirchnerismo supo defender a capa y espada cuando fueron gobierno.<\/p>\n<p>La contradicci\u00f3n se explica -obviamente- porque ahora son oposici\u00f3n y porque del otro lado est\u00e1 Milei, para quien <strong>hasta ahora los DNU son una forma de gobernar sin tener que negociar con gobernadores ni legisladores la aprobaci\u00f3n de una ley.<\/strong> Esta pr\u00e1ctica es cuestionada por distintos sectores, varios de los cuales fueron aliados del Gobierno hasta hace poco pero el clima electoral y el estilo confrontativo de los libertarios los fue alejando.<\/p>\n<p>La oposici\u00f3n pone la mira en el d\u00eda despu\u00e9s de las elecciones. Todos esperan que LLA tenga alg\u00fan crecimiento en el Congreso y temen que consiga una cantidad de diputados que le permita, a partir de diciembre, <strong>alcanzar un tercio de la C\u00e1mara baja,<\/strong> n\u00famero con el que puede impedir que los dem\u00e1s alcancen la mayor\u00eda de dos tercios requerida para rechazar un DNU.<\/p>\n<p>Senadores y diputados creen que si el oficialismo llega a ese n\u00famero, <span>Milei podr\u00eda usar mucho m\u00e1s seguido los DNU y saltearse al Congreso, con la confianza de tener asegurado el tercio que bloquea el rechazo al menos en una de las C\u00e1maras. La exigencia de buscar la aprobaci\u00f3n de las dos y el plazo que propone el proyecto dificultar\u00edan maniobra.<\/span><\/p>\n<h2>El plan opositor con la mira en las elecciones y la nueva presi\u00f3n para Milei<\/h2>\n<p>Por eso, la idea sobre la que trabaj\u00f3 la oposici\u00f3n del Senado fue apurar la media sanci\u00f3n al proyecto para que la C\u00e1mara baja llegue eventualmente a convertirlo en ley antes de las <strong>elecciones nacionales del 26 de octubre<\/strong> o, en su defecto, antes del recambio que se concreta en diciembre.<\/p>\n<p>En los c\u00e1lculos entra otro detalle: si la ley se aprueba, Milei podr\u00eda vetarla y obligarlos a reunir una mayor\u00eda especial para ratificarla. El escenario puede cambiar seg\u00fan el resultado de las elecciones. <strong>Es posible que un triunfo de LLA le quite impulso a la oposici\u00f3n<\/strong> porque, en definitiva, la pulseada electoral es lo que alej\u00f3 a muchos legisladores que antes apoyaban al oficialismo.<\/p>\n<p><strong>\u00abSi ganamos las elecciones muchos van a levantar el pie del acelerador\u00bb<\/strong>, resumi\u00f3 ante <strong>iProfesional<\/strong> una fuente oficialista con despacho en Casa Rosada. Salta a la vista que todo el debate alrededor de la posibilidad de limitar los DNU obedece a los c\u00e1lculos pol\u00edticos de cada sector, incluido el Gobierno, en el marco de un a\u00f1o electoral.<\/p>\n<p>Esto le pone tambi\u00e9n presi\u00f3n a La Libertad Avanza de cara a las elecciones de octubre<span>. Seg\u00fan deslizan, adem\u00e1s del triunfo que necesitan para enviar una se\u00f1al de gobernabilidad, esperan sumar entre 40 y 50 diputados para les permita alcanzar el tercio. En plena campa\u00f1a, sin embargo, se les suma el desaf\u00edo de contener la nueva avanzada opositora, para no encontrarse con un problema nuevo a partir del 10 de diciembre.<\/span><\/p>\n<p>Por el momento, el proyecto que busca limitar a <strong>Javier Milei<\/strong> en el uso de los <strong>DNU <\/strong>avanza en el <strong>Congreso<\/strong>. El oficialismo hace ya varias sesiones que no consigue marcar la agenda legislativa ni contener la que impulsa la<strong> oposici\u00f3n <\/strong>a contramano de sus deseos. El devenir de esta situaci\u00f3n parece depender exclusivamente del resultado de las elecciones de octubre.<\/p>\n","protected":false},"excerpt":{"rendered":"<p>En una jornada negra para el presidente Javier Milei la oposici\u00f3n aprob\u00f3 en el Senado un proyecto de reforma a la ley que regula los decretos de necesidad y urgencia (DNU), una herramienta que hasta ahora le permiti\u00f3 al mandatario tomar medidas sin pasar por un Congreso cuya mayor\u00eda opositora est\u00e1 cada vez m\u00e1s s\u00f3lida. [&hellip;]<\/p>\n","protected":false},"author":1,"featured_media":167188,"comment_status":"closed","ping_status":"closed","sticky":false,"template":"","format":"standard","meta":[],"categories":[2],"tags":[],"_links":{"self":[{"href":"http:\/\/cordobainforma.info\/index.php\/wp-json\/wp\/v2\/posts\/167187"}],"collection":[{"href":"http:\/\/cordobainforma.info\/index.php\/wp-json\/wp\/v2\/posts"}],"about":[{"href":"http:\/\/cordobainforma.info\/index.php\/wp-json\/wp\/v2\/types\/post"}],"author":[{"embeddable":true,"href":"http:\/\/cordobainforma.info\/index.php\/wp-json\/wp\/v2\/users\/1"}],"replies":[{"embeddable":true,"href":"http:\/\/cordobainforma.info\/index.php\/wp-json\/wp\/v2\/comments?post=167187"}],"version-history":[{"count":0,"href":"http:\/\/cordobainforma.info\/index.php\/wp-json\/wp\/v2\/posts\/167187\/revisions"}],"wp:featuredmedia":[{"embeddable":true,"href":"http:\/\/cordobainforma.info\/index.php\/wp-json\/wp\/v2\/media\/167188"}],"wp:attachment":[{"href":"http:\/\/cordobainforma.info\/index.php\/wp-json\/wp\/v2\/media?parent=167187"}],"wp:term":[{"taxonomy":"category","embeddable":true,"href":"http:\/\/cordobainforma.info\/index.php\/wp-json\/wp\/v2\/categories?post=167187"},{"taxonomy":"post_tag","embeddable":true,"href":"http:\/\/cordobainforma.info\/index.php\/wp-json\/wp\/v2\/tags?post=167187"}],"curies":[{"name":"wp","href":"https:\/\/api.w.org\/{rel}","templated":true}]}}