{"id":167154,"date":"2025-09-05T13:30:29","date_gmt":"2025-09-05T13:30:29","guid":{"rendered":"https:\/\/www.escribiendocine.com\/noticias\/2025\/09\/05\/20376-todos-los-jurados-de-la-73-edicion-del-festival-de-san-sebastian"},"modified":"2025-09-05T13:30:29","modified_gmt":"2025-09-05T13:30:29","slug":"todos-los-jurados-de-la-73a-edicion-del-festival-de-san-sebastian","status":"publish","type":"post","link":"http:\/\/cordobainforma.info\/index.php\/2025\/09\/05\/todos-los-jurados-de-la-73a-edicion-del-festival-de-san-sebastian\/","title":{"rendered":"Todos los jurados de la 73\u00aa edici\u00f3n del Festival de San Sebasti\u00e1n"},"content":{"rendered":"<div class=\"media_block\"><\/div>\n<div><img src=\"http:\/\/cordobainforma.info\/wp-content\/uploads\/2025\/09\/todos-los-jurados-de-la-73a-edicion-del-festival-de-san-sebastian.jpg\" class=\"ff-og-image-inserted\"><\/div>\n<div readability=\"23.790697674419\">\n<div class=\"col-xs-12 col-sm-6 col-md-12 col-lg-3 no-padding col-der\" readability=\"7\">\n<p> <span class=\"fecha\">viernes 05 de septiembre de 2025 <\/span> <\/p>\n<\/p><\/div><\/div>\n<div readability=\"107\">\n<p>El jurado de la Secci\u00f3n Oficial de la 73\u00aa edici\u00f3n del Festival de San Sebasti\u00e1n estar\u00e1 presidido por el cineasta espa\u00f1ol J.A. Bayona, que ha sido seleccionado en la Secci\u00f3n Oficial con<strong> Lo imposible<\/strong> y <strong>Un monstruo viene a verme<\/strong> y gan\u00f3 el Premio del P\u00fablico Ciudad de Donostia \/ San Sebasti\u00e1n en 2023 con <strong>La sociedad de la nieve<\/strong>. El director de<strong> Jurassic World: Fallen Kingdom<\/strong> estar\u00e1 acompa\u00f1ado en las deliberaciones por la cineasta portuguesa Laura Carreira, premiada con la Concha de Plata a la mejor direcci\u00f3n por <strong>On Falling<\/strong> (2024); la directora estadounidense Gia Coppola, reconocida con el Premio Especial del Jurado por <strong>The Last Showgirl<\/strong> (2024); la actriz Zhou Dongyu, protagonista de A<strong>mor bajo el espino blanco<\/strong> de Zhang Yimou; la cantante e int\u00e9rprete argentina <strong>Lali Esp\u00f3sito<\/strong>; el actor brit\u00e1nico Mark Strong, conocido por sus papeles en <strong>The Imitation Game<\/strong>, <strong>El topo<\/strong>, <strong>1917<\/strong>,<strong> T\u00e1r<\/strong> o la saga<strong> Kingsman<\/strong>, y la francesa Anne-Dominique Toussaint, productora de varias pel\u00edculas dirigidas por Louis Garrel, o de t\u00edtulos como <strong>Capharna\u00fcm<\/strong> (Nadine Labaki) o <strong>Ciudad sin sue\u00f1o<\/strong> (Guillermo Galoe).<\/p>\n<p>Jurado Oficial<br \/>J.A. Bayona, director, productor y guionista, Espa\u00f1a (Presidente)<br \/>Laura Carreira, directora, Portugal<br \/>Gia Coppola, directora, guionista, actriz y productora, Estados Unidos<br \/>Zhou Dongyu, actriz, China<br \/>Lali Esp\u00f3sito, actriz y cantante, Argentina<br \/>Mark Strong, actor, Reino Unido<br \/>Anne-Dominique Toussaint, productora y actriz, Francia<\/p>\n<p>Jurado del Premio Kutxabank-New Directors<br \/>Marco M\u00fcller, productor y programador, Italia (Presidente)<br \/>Beatriz Arias, cineasta, Chile<br \/>Isabella Ekl\u00f6f, directora y guionista, Suecia<br \/>Charl\u00e8ne Favier, directora, guionista y productora, Francia<br \/>Elsa Fern\u00e1ndez Santos, cr\u00edtica cinematogr\u00e1fica, Espa\u00f1a<\/p>\n<p>Jurado del Premio Horizontes Make &amp; Mark<br \/>Pilar Palomero, directora, Espa\u00f1a (Presidenta)<br \/>Christoph Friedel, productor, Alemania<br \/>Tatiana Leite, productora, Brasil<\/p>\n<p>Jurado del Premio Zabaltegi-Tabakalera<br \/>Ya\u00ebl Fogiel, productora, Francia (Presidenta)<br \/>Xabier Arakistain, comisario de arte, Espa\u00f1a<br \/>Line Langebek Knudsen, guionista, Dinamarca<\/p>\n<p>Jurado del Premio Nest The Mediapro Studio<br \/>Jon\u00e1s Trueba, director y productor, Espa\u00f1a (Presidente)<\/p>\n<p>Jurado del Premio Culinary Zinema<br \/>Anna Castillo, actriz, Espa\u00f1a (Presidenta)<br \/>Pablo Rivero, cocinero, Argentina<br \/>Matt Goulding, periodista gastron\u00f3mico, Estados Unidos<\/p>\n<p>Jurado del Premio Irizar al Cine Vasco<br \/>Ane Gabarain, actriz (Presidenta)<br \/>Aia Kruse, actriz<br \/>Urtzi Urkizu, periodista<\/p>\n<p>Jurado de los Premios Eusko Label<br \/>Pedro Subijana, chef (Presidente)<br \/>Karmele Pikabea, gerente de la cooperativa Euskaber<br \/>Raimundo Ruiz de Escudero, director de HAZI<\/p>\n<p>Jurado de los Premios Loter\u00edas<br \/>Carmen Machi, actriz (Presidenta)<br \/>Mar\u00eda N\u00fa\u00f1ez, responsable de Comunicaci\u00f3n de Loter\u00edas<br \/>Jos\u00e9 Luis Rebordinos, director del Festival de San Sebasti\u00e1n<\/p>\n<\/p><\/div>\n","protected":false},"excerpt":{"rendered":"<p>viernes 05 de septiembre de 2025 El jurado de la Secci\u00f3n Oficial de la 73\u00aa edici\u00f3n del Festival de San Sebasti\u00e1n estar\u00e1 presidido por el cineasta espa\u00f1ol J.A. Bayona, que ha sido seleccionado en la Secci\u00f3n Oficial con Lo imposible y Un monstruo viene a verme y gan\u00f3 el Premio del P\u00fablico Ciudad de Donostia [&hellip;]<\/p>\n","protected":false},"author":1,"featured_media":167155,"comment_status":"open","ping_status":"closed","sticky":false,"template":"","format":"standard","meta":[],"categories":[21],"tags":[],"_links":{"self":[{"href":"http:\/\/cordobainforma.info\/index.php\/wp-json\/wp\/v2\/posts\/167154"}],"collection":[{"href":"http:\/\/cordobainforma.info\/index.php\/wp-json\/wp\/v2\/posts"}],"about":[{"href":"http:\/\/cordobainforma.info\/index.php\/wp-json\/wp\/v2\/types\/post"}],"author":[{"embeddable":true,"href":"http:\/\/cordobainforma.info\/index.php\/wp-json\/wp\/v2\/users\/1"}],"replies":[{"embeddable":true,"href":"http:\/\/cordobainforma.info\/index.php\/wp-json\/wp\/v2\/comments?post=167154"}],"version-history":[{"count":0,"href":"http:\/\/cordobainforma.info\/index.php\/wp-json\/wp\/v2\/posts\/167154\/revisions"}],"wp:featuredmedia":[{"embeddable":true,"href":"http:\/\/cordobainforma.info\/index.php\/wp-json\/wp\/v2\/media\/167155"}],"wp:attachment":[{"href":"http:\/\/cordobainforma.info\/index.php\/wp-json\/wp\/v2\/media?parent=167154"}],"wp:term":[{"taxonomy":"category","embeddable":true,"href":"http:\/\/cordobainforma.info\/index.php\/wp-json\/wp\/v2\/categories?post=167154"},{"taxonomy":"post_tag","embeddable":true,"href":"http:\/\/cordobainforma.info\/index.php\/wp-json\/wp\/v2\/tags?post=167154"}],"curies":[{"name":"wp","href":"https:\/\/api.w.org\/{rel}","templated":true}]}}