{"id":167148,"date":"2025-09-05T06:54:49","date_gmt":"2025-09-05T06:54:49","guid":{"rendered":"https:\/\/www.mujerhoy.com\/vivir\/ocio\/la-caza-irati-serie-megan-montaner-estreno-alto-movistar-plus-20250905122400-nt.html"},"modified":"2025-09-05T06:54:49","modified_gmt":"2025-09-05T06:54:49","slug":"la-mitica-serie-de-megan-montaner-que-regresa-por-todo-lo-alto-a-movistar-plus-con-un-nuevo-caso-de-lo-mas-siniestro","status":"publish","type":"post","link":"http:\/\/cordobainforma.info\/index.php\/2025\/09\/05\/la-mitica-serie-de-megan-montaner-que-regresa-por-todo-lo-alto-a-movistar-plus-con-un-nuevo-caso-de-lo-mas-siniestro\/","title":{"rendered":"La m\u00edtica serie de Megan Montaner que regresa por todo lo alto a Movistar Plus+ con un nuevo caso de lo m\u00e1s siniestro"},"content":{"rendered":"<div class=\"media_block\"><\/div>\n<p><!-- AUTHOR --><\/p>\n<div class=\"voc-author-timesocial \">\n<!-- AUTHOR --><\/p>\n<div class=\"voc-author-timesocial__signature \">\n<!-- IMAGE AUTHOR -->\n<picture class=\"voc-image-signature\">\n<img class=\"voc-image-signature__img\" src=\"http:\/\/cordobainforma.info\/wp-content\/uploads\/2025\/09\/la-mitica-serie-de-megan-montaner-que-regresa-por-todo-lo-alto-a-movistar-plus-con-un-nuevo-caso-de-lo-mas-siniestro.jpg\" alt=\"Juan Mart\u00edn\">\n<\/picture>\n<!-- INFO AUTHOR --> <\/div><\/div>\n<p><!-- COMPONENTS --><\/p>\n<p class=\"voc-paragraph\">Megan Montaner vuelve a ponerse en la piel de la m\u00edtica Sara Campos para el <a href=\"https:\/\/www.mujerhoy.com\/vivir\/ocio\/yo-jack-wright-serie-estreno-movistar-plus-nuevo-thriller-britanico-20250826170716-nt.html\" target=\"_self\" data-voc-vtm-id=\"in-text-traffic\" title=\"estreno en Movistar Plus+\" data-mrf-link=\"www.mujerhoy.com\" rel=\"noopener noreferrer\">estreno en Movistar Plus+<\/a> de la nueva temporada de La Caza, ambientada en Irati (Navarra). <strong>Una historia siniestra y cargada de simbolismos<\/strong>, como nos tienen acostumbrados sus creadores, que ahora se sit\u00faa en una de las pocas selvas ubicadas en tierras europeas con m\u00e1s de 20.000 hect\u00e1reas de bosque plagado de misterios y secretos aterradores.<\/p>\n<p class=\"voc-paragraph\">La<strong> ambientaci\u00f3n est\u00e1 de lo m\u00e1s lograda<\/strong>, tal y como viene siendo habitual en la conocida saga, que vuelve a correr a cargo de Mart\u00ednez, creador tambi\u00e9n de la reciente <a href=\"https:\/\/www.mujerhoy.com\/vivir\/ocio\/dos-tumbas-miniserie-espanola-netflix-chicas-desaparecidas-alvaro-morte-20250829163704-nt.html\" target=\"_self\" data-voc-vtm-id=\"in-text-traffic\" title=\"Dos tumbas\" data-mrf-link=\"www.mujerhoy.com\" rel=\"noopener noreferrer\">Dos tumbas<\/a>, y Moya (La casa de papel), que escriben el gui\u00f3n junto a Isa S\u00e1nchez (El jardinero). A los mandos de la c\u00e1mara, tenemos al sospechoso habitual Rafa Montesinos, director de las tres primeras entregas, que comparte labor con Javier Pulido, conocido por su labor en La promesa y La Favorita 1922.<\/p>\n<div class=\"v-c-cmp v-c-cmp--t1 \">\n<div class=\"v-cmp-rld v-cmp-rld--2 \">\n<div class=\"v-cnt-m v-cnt-m--m\">\n<div class=\"v-cnt-m__c\">\n<div class=\"v-cnt-m__w v-cnt-m__w--1\">\n<p class=\"v-cnt-m__t\">\nTAMBI\u00c9N TE INTERESA\n<\/p>\n<\/div>\n<\/div>\n<\/div>\n<div class=\"v-g v-g--2-c v-g--bdr-min-xs\">\n<div class=\"v-g__c \">\n<article class=\"v-a v-a--cmp-rld v-a--cmp-rld-2 v-a--p-l\">\n<div class=\"v-a-img-c\">\n<figure class=\"v-a-fig\">\n<a href=\"https:\/\/www.mujerhoy.com\/vivir\/ocio\/todo-esto-te-dare-serie-francesa-filmin-estreno-dolores-redondo-20250902190712-nt.html#vtm_modulosEngag=mod-rel:vivir:noticia:1:cmp:2-not\" class=\"v-a-link\" title=\"La serie francesa sobre una popular novela espa\u00f1ola que asombra a todo el mundo en Filmin\"><br \/>\n<img loading=\"lazy\" class=\"v-a-img\" src=\"http:\/\/cordobainforma.info\/wp-content\/uploads\/2025\/09\/la-mitica-serie-de-megan-montaner-que-regresa-por-todo-lo-alto-a-movistar-plus-con-un-nuevo-caso-de-lo-mas-siniestro-1.jpg\" alt=\"La serie francesa sobre una popular novela espa\u00f1ola que asombra a todo el mundo en Filmin\"><br \/>\n<\/a><br \/>\n<\/figure>\n<\/div>\n<\/article>\n<\/div>\n<div class=\"v-g__c \">\n<article class=\"v-a v-a--cmp-rld v-a--cmp-rld-2 v-a--p-l\">\n<div class=\"v-a-img-c\">\n<figure class=\"v-a-fig\">\n<a href=\"https:\/\/www.mujerhoy.com\/vivir\/ocio\/mapa-lleva-ti-prime-video-estreno-prime-video-20250901000507-nt.html#vtm_modulosEngag=mod-rel:vivir:noticia:2:cmp:2-not\" class=\"v-a-link\" title=\"Si te gust\u00f3 Mi a\u00f1o en Oxford, no te puedes perder esta pel\u00edcula que acaba de llegar a Prime Video\"><br \/>\n<img loading=\"lazy\" class=\"v-a-img\" src=\"http:\/\/cordobainforma.info\/wp-content\/uploads\/2025\/09\/la-mitica-serie-de-megan-montaner-que-regresa-por-todo-lo-alto-a-movistar-plus-con-un-nuevo-caso-de-lo-mas-siniestro-2.jpg\" alt=\"Si te gust\u00f3 Mi a\u00f1o en Oxford, no te puedes perder esta pel\u00edcula que acaba de llegar a Prime Video\"><br \/>\n<\/a><br \/>\n<\/figure>\n<\/div>\n<\/article>\n<\/div>\n<\/div>\n<\/div>\n<\/div>\n<p class=\"voc-paragraph\">A todo ello habr\u00eda que sumar un gran casting encabezado por la ya mencionada Montaner y el <strong>regreso de F\u00e9lix G\u00f3mez como Ernesto Selva<\/strong> para formar un equipo de inspectores al que se une Silvia Alonso (Sin instrucciones). Acompa\u00f1an Eloy Azor\u00edn (Ni una m\u00e1s), Roger Casamajor (La Mes\u00edas), \u00c1ngela Cremonte (Venus), Mariam Hern\u00e1ndez (Weiss &amp; Morales), Carla Campra (Todos lo saben) y Miguel Garc\u00e9s (Querer).<\/p>\n<p><h3 class=\"v-cmp-suh\">\nUna muerte en el bosque<br \/>\n<\/h3>\n<\/p>\n<p class=\"voc-paragraph\">Una mujer asesinada en mitad del bosque de la selva de Irati (Navarra), conduce a un equipo de la UCO al lugar para llevar a acabo una investigaci\u00f3n y esclarecer los hechos que han conducido al crimen, que <strong>parece tener connotaciones ritualistas<\/strong>. El caso recae en las manos de Gloria Menc\u00eda (Silvia Alonso), una joven inspectora que se est\u00e1 empezando a labrar una carrera, y de Selva (F\u00e9lix G\u00f3mez).<\/p>\n<div class=\"v-c-cmp v-c-cmp--s\">\n<div class=\"v-cmp-m \">\n<article class=\"v-a v-a--cmp-m v-c-cmp--m-z\">\n<div class=\"v-a-img-c \">\n<div class=\"v-a-fig\">\n<button class=\"v-a-link\" popovertarget=\"photo-445\"><br \/>\n<img loading=\"lazy\" src=\"http:\/\/cordobainforma.info\/wp-content\/uploads\/2025\/09\/la-mitica-serie-de-megan-montaner-que-regresa-por-todo-lo-alto-a-movistar-plus-con-un-nuevo-caso-de-lo-mas-siniestro-3.jpg\" class=\"v-a-img\" width=\"650\" height=\"650\" alt=\"Silvia Alonso es el nuevo fichaje de la serie para interpreta a la joven y ambiciosa inspectora Gloria Menc\u00eda.\" data-voc-vtm-id=\"in-text-traffic\"> <\/button><figcaption class=\"v-fc\">\n<span class=\"v-fc__t\"><br \/>\nSilvia Alonso es el nuevo fichaje de la serie para interpreta a la joven y ambiciosa inspectora Gloria Menc\u00eda.<br \/>\n<\/span><br \/>\n<span class=\"v-fc__p\"><br \/>\nMOVISTAR PLUS+<br \/>\n<\/span><br \/>\n<\/figcaption><\/div>\n<\/div>\n<div id=\"photo-445\" popover class=\"v-mdl v-mdl--fw\">\n<button class=\"v-x\" popovertarget=\"photo-445\" popovertargetaction=\"hide\"><br \/>\n<span class=\"v-i\"><br \/>\n<svg width=\"24\" height=\"23.996\" viewBox=\"0 0 24 23.996\">\n<path data-name=\"Uni\u00f3n 29\" d=\"M12,14.03,2.031,24,0,21.963,9.968,12,0,2.033,2.031,0,12,9.966,21.969,0,24,2.033,14.032,12,24,21.963,21.969,24Z\" \/>\n<\/svg><br \/>\n<\/span><br \/>\n<\/button><\/p>\n<div class=\"v-mdl__c\">\n<div class=\"v-mdl__w\">\n<img loading=\"lazy\" src=\"http:\/\/cordobainforma.info\/wp-content\/uploads\/2025\/09\/la-mitica-serie-de-megan-montaner-que-regresa-por-todo-lo-alto-a-movistar-plus-con-un-nuevo-caso-de-lo-mas-siniestro-3.jpg\" class=\"v-mdl__img-z\" width=\"650\" height=\"650\" alt>\n<\/div>\n<\/div>\n<\/div>\n<p><span class=\"v-bdp\"><\/span><br \/>\n<\/article>\n<\/div>\n<\/div>\n<p class=\"voc-paragraph\">All\u00ed se reencontrar\u00e1 con su amiga Sara Campos (Megan Montaner) que, tras lo sucedido con la p\u00e9rdida de su pareja V\u00edctor (Alain Hern\u00e1ndez), decidi\u00f3 dejar el trabajo de campo para centrarse en sus estudios y <strong>ahora trabaja como psic\u00f3loga<\/strong> de la Secci\u00f3n de An\u00e1lisis del Comportamiento Delictivo de la Guardia Civil. El tr\u00edo de inverstigadores formar\u00e1 equipo para tratar de desentra\u00f1ar el misterioso crimen, a la par que van desvelando los secretos que oculta la selva.<\/p>\n<p><h3 class=\"v-cmp-suh\">\nUna selva m\u00e1gica<br \/>\n<\/h3>\n<\/p>\n<p class=\"voc-paragraph\">Para ello, deber\u00e1n buscar la colaboraci\u00f3n de los habitantes de la zona, un pueblo peque\u00f1o y aislado que no se muestra especialmente receptivo con la aparici\u00f3n de la Guardia Civil para inmiscuirse en sus asuntos. A modo que sigan investigando a la poblaci\u00f3n y sus relaciones, ir\u00e1n descubriendo que <strong>nadie en Irati es qui\u00e9n dice ser<\/strong> y que todos ellos coultan secretos que los convierte en sospechosos del crimen de la mujer del bosque.<\/p>\n<p class=\"voc-paragraph\">Un bosque inmenso y con connotaciones m\u00e1gicas sobre el que circulan <strong>toda clase de leyendas y mitos<\/strong> relacionados con el Basajaun o la Diosa Mari y otros protagonistas clave del rico y variado folclore vasco y navarro. Un elemento que resultar\u00e1 clave para la investigaci\u00f3n y que nuestros protagonistas deber\u00e1n tener presente si quieren resolver el inquietante caso que tienen entre manos.<\/p>\n<p><h3 class=\"v-cmp-suh\">\n\u00bfUn nuevo asesino en serie?<br \/>\n<\/h3>\n<\/p>\n<p class=\"voc-paragraph\">Esa es la pregunta que se les pasa por la cabeza a Sara, Selva y Gloria conforme avanzan en la investigaci\u00f3n, ya que <strong>las muertes y las misteriosas desapariciones se siguen sucediendo<\/strong> en la poblaci\u00f3n de Irati, con un criminal que act\u00faa con total impunidad y que parece utilizar el conocimiento que tiene sobre la selva a su favor para escudarse y perpretar sus cr\u00edmenes.<\/p>\n<div class=\"v-c-cmp v-c-cmp--s\">\n<div class=\"v-cmp-m \">\n<article class=\"v-a v-a--cmp-m v-c-cmp--m-z\">\n<div class=\"v-a-img-c \">\n<div class=\"v-a-fig\">\n<button class=\"v-a-link\" popovertarget=\"photo-492\"><br \/>\n<img loading=\"lazy\" src=\"http:\/\/cordobainforma.info\/wp-content\/uploads\/2025\/09\/la-mitica-serie-de-megan-montaner-que-regresa-por-todo-lo-alto-a-movistar-plus-con-un-nuevo-caso-de-lo-mas-siniestro-4.jpg\" class=\"v-a-img\" width=\"650\" height=\"650\" alt=\"Megan Montaner y Roger Casamajor compartiendo una escena de La Caza. Irati.\" data-voc-vtm-id=\"in-text-traffic\"> <\/button><figcaption class=\"v-fc\">\n<span class=\"v-fc__t\"><br \/>\nMegan Montaner y Roger Casamajor compartiendo una escena de La Caza. Irati.<br \/>\n<\/span><br \/>\n<span class=\"v-fc__p\"><br \/>\nMOVISTAR PLUS+<br \/>\n<\/span><br \/>\n<\/figcaption><\/div>\n<\/div>\n<div id=\"photo-492\" popover class=\"v-mdl v-mdl--fw\">\n<button class=\"v-x\" popovertarget=\"photo-492\" popovertargetaction=\"hide\"><br \/>\n<span class=\"v-i\"><br \/>\n<svg width=\"24\" height=\"23.996\" viewBox=\"0 0 24 23.996\">\n<path data-name=\"Uni\u00f3n 29\" d=\"M12,14.03,2.031,24,0,21.963,9.968,12,0,2.033,2.031,0,12,9.966,21.969,0,24,2.033,14.032,12,24,21.963,21.969,24Z\" \/>\n<\/svg><br \/>\n<\/span><br \/>\n<\/button><\/p>\n<div class=\"v-mdl__c\">\n<div class=\"v-mdl__w\">\n<img loading=\"lazy\" src=\"http:\/\/cordobainforma.info\/wp-content\/uploads\/2025\/09\/la-mitica-serie-de-megan-montaner-que-regresa-por-todo-lo-alto-a-movistar-plus-con-un-nuevo-caso-de-lo-mas-siniestro-4.jpg\" class=\"v-mdl__img-z\" width=\"650\" height=\"650\" alt>\n<\/div>\n<\/div>\n<\/div>\n<p><span class=\"v-bdp\"><\/span><br \/>\n<\/article>\n<\/div>\n<\/div>\n<p class=\"voc-paragraph\">Se da comienzo as\u00ed a una caza del gato y el rat\u00f3n que pondr\u00e1 al l\u00edmite a los investigadores de la UCO. Con una ambientaci\u00f3n fant\u00e1stica donde prima la simbolog\u00eda, nos adentraremos junto a ellos en las profundidades de esta inmensa selva en pleno coraz\u00f3n de Navarra para dar con este inquietante asesino, con una historia muy bien llevada y de gran ritmo, que nos evoca a los mejores momentos de la saga y <strong>presenta <\/strong><strong>nuevos elementos<\/strong> que la enriquecen a\u00fan m\u00e1s.<\/p>\n<p class=\"voc-paragraph\">Un conjunto de ingredientes que, en suma, convierten a La Caza. Irati en un producto de lo m\u00e1s interesante y su resurrecci\u00f3n en todo un acierto por parte de Movistar Plus, que ya hizo lo propio con la tambi\u00e9n siniestra <a href=\"https:\/\/www.mujerhoy.com\/vivir\/ocio\/los-sin-nombre-adictivo-thriller-espanol--drama-movistar-arrasar-verano-20250627004404-nt.html\" target=\"_self\" data-voc-vtm-id=\"in-text-traffic\" title=\"Los sin nombre\" data-mrf-link=\"www.mujerhoy.com\" rel=\"noopener noreferrer\">Los sin nombre<\/a>. Un ejercicio visual de lo m\u00e1s potente y una <strong>direcci\u00f3n tensa y muy bien lograda<\/strong>, fortalecen una historia interesante y adictiva que no podr\u00e1s dejar de ver durante sus ocho episodios de duraci\u00f3n.<\/p>\n<div class=\"v-c-cmp v-c-cmp--t1 \">\n<div class=\"v-cmp-rld v-cmp-rld--2 \">\n<div class=\"v-cnt-m v-cnt-m--m\">\n<div class=\"v-cnt-m__c\">\n<div class=\"v-cnt-m__w v-cnt-m__w--1\">\n<p class=\"v-cnt-m__t\">\nTAMBI\u00c9N TE INTERESA\n<\/p>\n<\/div>\n<\/div>\n<\/div>\n<div class=\"v-g v-g--2-c v-g--bdr-min-xs\">\n<div class=\"v-g__c \">\n<article class=\"v-a v-a--cmp-rld v-a--cmp-rld-2 v-a--p-l\">\n<div class=\"v-a-img-c\">\n<figure class=\"v-a-fig\">\n<a href=\"https:\/\/www.mujerhoy.com\/vivir\/ocio\/suits-la-spinoff-serie-abogados-skyshowtime-20250830181921-nt.html#vtm_modulosEngag=mod-rel:vivir:noticia:1:cmp:2-not\" class=\"v-a-link\" title=\"Llega el spinoff de la m\u00edtica serie de abogados que lanz\u00f3 a la fama a Meghan Markle\"><br \/>\n<img loading=\"lazy\" class=\"v-a-img\" src=\"http:\/\/cordobainforma.info\/wp-content\/uploads\/2025\/09\/la-mitica-serie-de-megan-montaner-que-regresa-por-todo-lo-alto-a-movistar-plus-con-un-nuevo-caso-de-lo-mas-siniestro-5.jpg\" alt=\"Llega el spinoff de la m\u00edtica serie de abogados que lanz\u00f3 a la fama a Meghan Markle\"><br \/>\n<\/a><br \/>\n<\/figure>\n<\/div>\n<\/article>\n<\/div>\n<div class=\"v-g__c \">\n<article class=\"v-a v-a--cmp-rld v-a--cmp-rld-2 v-a--p-l\">\n<div class=\"v-a-img-c\">\n<figure class=\"v-a-fig\">\n<a href=\"https:\/\/www.mujerhoy.com\/vivir\/ocio\/rey-conquistador-miniserie-britanica-historica-hbo-max-20250828151709-nt.html#vtm_modulosEngag=mod-rel:vivir:noticia:2:cmp:2-not\" class=\"v-a-link\" title=\"Rey y conquistador: la miniserie brit\u00e1nica sobre la batalla que cambi\u00f3 Europa y enganchar\u00e1 a los fans de Vikingos\"><br \/>\n<img loading=\"lazy\" class=\"v-a-img\" src=\"http:\/\/cordobainforma.info\/wp-content\/uploads\/2025\/09\/la-mitica-serie-de-megan-montaner-que-regresa-por-todo-lo-alto-a-movistar-plus-con-un-nuevo-caso-de-lo-mas-siniestro-6.jpg\" alt=\"Rey y conquistador: la miniserie brit\u00e1nica sobre la batalla que cambi\u00f3 Europa y enganchar\u00e1 a los fans de Vikingos\"><br \/>\n<\/a><br \/>\n<\/figure>\n<\/div>\n<\/article>\n<\/div>\n<\/div>\n<\/div>\n<\/div>\n","protected":false},"excerpt":{"rendered":"<p>Megan Montaner vuelve a ponerse en la piel de la m\u00edtica Sara Campos para el estreno en Movistar Plus+ de la nueva temporada de La Caza, ambientada en Irati (Navarra). Una historia siniestra y cargada de simbolismos, como nos tienen acostumbrados sus creadores, que ahora se sit\u00faa en una de las pocas selvas ubicadas en [&hellip;]<\/p>\n","protected":false},"author":1,"featured_media":167149,"comment_status":"open","ping_status":"closed","sticky":false,"template":"","format":"standard","meta":[],"categories":[18],"tags":[],"_links":{"self":[{"href":"http:\/\/cordobainforma.info\/index.php\/wp-json\/wp\/v2\/posts\/167148"}],"collection":[{"href":"http:\/\/cordobainforma.info\/index.php\/wp-json\/wp\/v2\/posts"}],"about":[{"href":"http:\/\/cordobainforma.info\/index.php\/wp-json\/wp\/v2\/types\/post"}],"author":[{"embeddable":true,"href":"http:\/\/cordobainforma.info\/index.php\/wp-json\/wp\/v2\/users\/1"}],"replies":[{"embeddable":true,"href":"http:\/\/cordobainforma.info\/index.php\/wp-json\/wp\/v2\/comments?post=167148"}],"version-history":[{"count":0,"href":"http:\/\/cordobainforma.info\/index.php\/wp-json\/wp\/v2\/posts\/167148\/revisions"}],"wp:featuredmedia":[{"embeddable":true,"href":"http:\/\/cordobainforma.info\/index.php\/wp-json\/wp\/v2\/media\/167149"}],"wp:attachment":[{"href":"http:\/\/cordobainforma.info\/index.php\/wp-json\/wp\/v2\/media?parent=167148"}],"wp:term":[{"taxonomy":"category","embeddable":true,"href":"http:\/\/cordobainforma.info\/index.php\/wp-json\/wp\/v2\/categories?post=167148"},{"taxonomy":"post_tag","embeddable":true,"href":"http:\/\/cordobainforma.info\/index.php\/wp-json\/wp\/v2\/tags?post=167148"}],"curies":[{"name":"wp","href":"https:\/\/api.w.org\/{rel}","templated":true}]}}