{"id":167146,"date":"2025-09-05T13:11:45","date_gmt":"2025-09-05T13:11:45","guid":{"rendered":"https:\/\/www.mujerhoy.com\/vivir\/ocio\/mejores-planes-madrid-septiembre-restaurantes-estrella-michelin-semana-moda-festivales-20250905095328-nt.html"},"modified":"2025-09-05T13:11:45","modified_gmt":"2025-09-05T13:11:45","slug":"los-mejores-planes-en-madrid-para-septiembre-cenas-con-encanto-exposiciones-para-toda-la-familia-y-la-cita-de-moda-mas-esperada","status":"publish","type":"post","link":"http:\/\/cordobainforma.info\/index.php\/2025\/09\/05\/los-mejores-planes-en-madrid-para-septiembre-cenas-con-encanto-exposiciones-para-toda-la-familia-y-la-cita-de-moda-mas-esperada\/","title":{"rendered":"Los mejores planes en Madrid para septiembre: cenas con encanto, exposiciones para toda la familia y la cita de moda m\u00e1s esperada"},"content":{"rendered":"<div class=\"media_block\"><\/div>\n<p><!-- AUTHOR --><\/p>\n<div class=\"voc-author-timesocial \">\n<!-- AUTHOR --><\/p>\n<div class=\"voc-author-timesocial__signature \">\n<!-- IMAGE AUTHOR -->\n<picture class=\"voc-image-signature\">\n<img class=\"voc-image-signature__img\" src=\"http:\/\/cordobainforma.info\/wp-content\/uploads\/2025\/09\/los-mejores-planes-en-madrid-para-septiembre-cenas-con-encanto-exposiciones-para-toda-la-familia-y-la-cita-de-moda-mas-esperada.jpg\" alt=\"Elena Romero Vargas\">\n<\/picture>\n<!-- INFO AUTHOR --> <\/div><\/div>\n<p><!-- COMPONENTS --><\/p>\n<p class=\"voc-paragraph\">Despu\u00e9s de un verano de <a href=\"https:\/\/www.mujerhoy.com\/vivir\/ocio\/planes-verano-sorprendentes-europa-italia-portugal-20250624140149-nt.html\" data-voc-vtm-id=\"in-text-traffic\" title=\"escapadas de ensue\u00f1o\" data-mrf-link=\"www.mujerhoy.com\">escapadas de ensue\u00f1o<\/a>, experiencias nuevas o, sencillamente, <a href=\"https:\/\/www.mujerhoy.com\/vivir\/ocio\/abadia-retuerta-valladolid-escapada-relax-cerca-madrid-monasterio-vino-20250730150912-nt.html\" data-voc-vtm-id=\"in-text-traffic\" title=\"d\u00edas de relax apartados de la rutina\" data-mrf-link=\"www.mujerhoy.com\">d\u00edas de relax apartados de la rutina<\/a>, el momento de <strong>volver a Madrid<\/strong> se hace mucha bola. Parece que la ciudad es sin\u00f3nimo de prisas, estr\u00e9s y despertadores sonando a horas intempestivas. Pero, como siempre en la vida, en realidad todo depende de c\u00f3mo se mire la situaci\u00f3n, pues Madrid en septiembre no solo se llena de turistas que regresan a su hogar, tambi\u00e9n se convierte en la <strong>sede de los planes m\u00e1s especiales<\/strong> para que el inicio de curso sea mucho m\u00e1s apetecible.<\/p>\n<p class=\"voc-paragraph\">A diferencia de todos nosotros, que necesitamos unos d\u00edas de adaptaci\u00f3n despu\u00e9s de las vacaciones, Madrid no pierde el tiempo y desde primero de septiembre anuncia todas las citas especiales que tiene que tener en el radar si t\u00fa tambi\u00e9n pasas el verano en la ciudad. \u00bfLo mejor de todo? Que <strong>hay planes para todos los gustos<\/strong>, y es que Madrid en septiembre es la ciudad para todos, tanto si lo tuyo es probar nuevas experiencias culinarias como si lo que te apetece es bailar y cantar a pleno pulm\u00f3n con tus amigos en un festival.<\/p>\n<div class=\"v-c-cmp v-c-cmp--t1 \">\n<div class=\"v-cmp-rld v-cmp-rld--2 \">\n<div class=\"v-cnt-m v-cnt-m--m\">\n<div class=\"v-cnt-m__c\">\n<div class=\"v-cnt-m__w v-cnt-m__w--1\">\n<p class=\"v-cnt-m__t\">\nTAMBI\u00c9N TE INTERESA\n<\/p>\n<\/div>\n<\/div>\n<\/div>\n<div class=\"v-g v-g--2-c v-g--bdr-min-xs\">\n<div class=\"v-g__c \">\n<article class=\"v-a v-a--cmp-rld v-a--cmp-rld-2 v-a--p-l\">\n<div class=\"v-a-img-c\">\n<figure class=\"v-a-fig\">\n<a href=\"https:\/\/www.mujerhoy.com\/vivir\/ocio\/planes-agosto-restaurante-romantico-hotel-perseidas-vino-spa-20250810123820-nt.html#vtm_modulosEngag=mod-rel:vivir:noticia:1:cmp:2-not\" class=\"v-a-link\" title=\"Planes para darte un capricho en agosto: del restaurante para una cena rom\u00e1ntica al hotel para ver las Perseidas\"><br \/>\n<img loading=\"lazy\" class=\"v-a-img\" src=\"http:\/\/cordobainforma.info\/wp-content\/uploads\/2025\/09\/los-mejores-planes-en-madrid-para-septiembre-cenas-con-encanto-exposiciones-para-toda-la-familia-y-la-cita-de-moda-mas-esperada-1.jpg\" alt=\"Planes para darte un capricho en agosto: del restaurante para una cena rom\u00e1ntica al hotel para ver las Perseidas\"><br \/>\n<\/a><br \/>\n<\/figure>\n<\/div>\n<\/article>\n<\/div>\n<div class=\"v-g__c \">\n<article class=\"v-a v-a--cmp-rld v-a--cmp-rld-2 v-a--p-l\">\n<div class=\"v-a-img-c\">\n<figure class=\"v-a-fig\">\n<a href=\"https:\/\/www.mujerhoy.com\/vivir\/ocio\/mejores-planes-fin-semana-dar-bienvenida-verano-festival-musica-danza-cine-aire-libre-20250627151507-nt.html#vtm_modulosEngag=mod-rel:vivir:noticia:2:cmp:2-not\" class=\"v-a-link\" title=\"Los mejores planes para dar la bienvenida al verano: del festival de m\u00fasica m\u00e1s divertido al homenaje a Camar\u00f3n m\u00e1s espectacular\"><br \/>\n<img loading=\"lazy\" class=\"v-a-img\" src=\"http:\/\/cordobainforma.info\/wp-content\/uploads\/2025\/09\/los-mejores-planes-en-madrid-para-septiembre-cenas-con-encanto-exposiciones-para-toda-la-familia-y-la-cita-de-moda-mas-esperada-2.jpg\" alt=\"Los mejores planes para dar la bienvenida al verano: del festival de m\u00fasica m\u00e1s divertido al homenaje a Camar\u00f3n m\u00e1s espectacular\"><br \/>\n<\/a><br \/>\n<\/figure>\n<\/div>\n<\/article>\n<\/div>\n<\/div>\n<\/div>\n<\/div>\n<div class=\"v-c-cmp v-c-cmp--s\">\n<div class=\"v-cmp-m \">\n<article class=\"v-a v-a--cmp-m v-c-cmp--m-z\">\n<div class=\"v-a-img-c \">\n<div class=\"v-a-fig\">\n<button class=\"v-a-link\" popovertarget=\"photo-569\"><br \/>\n<img loading=\"lazy\" src=\"http:\/\/cordobainforma.info\/wp-content\/uploads\/2025\/09\/los-mejores-planes-en-madrid-para-septiembre-cenas-con-encanto-exposiciones-para-toda-la-familia-y-la-cita-de-moda-mas-esperada-3.jpg\" class=\"v-a-img\" width=\"650\" height=\"650\" alt=\"Espacio Biblioteca en A'Barra Restaurante\" data-voc-vtm-id=\"in-text-traffic\"> <\/button><figcaption class=\"v-fc\">\n<span class=\"v-fc__t\"><br \/>\nEspacio Biblioteca en A&#8217;Barra Restaurante<br \/>\n<\/span><br \/>\n<span class=\"v-fc__p\"><br \/>\nA&#8217;Barra Restaurante<br \/>\n<\/span><br \/>\n<\/figcaption><\/div>\n<\/div>\n<div id=\"photo-569\" popover class=\"v-mdl v-mdl--fw\">\n<button class=\"v-x\" popovertarget=\"photo-569\" popovertargetaction=\"hide\"><br \/>\n<span class=\"v-i\"><br \/>\n<svg width=\"24\" height=\"23.996\" viewBox=\"0 0 24 23.996\">\n<path data-name=\"Uni\u00f3n 29\" d=\"M12,14.03,2.031,24,0,21.963,9.968,12,0,2.033,2.031,0,12,9.966,21.969,0,24,2.033,14.032,12,24,21.963,21.969,24Z\" \/>\n<\/svg><br \/>\n<\/span><br \/>\n<\/button><\/p>\n<div class=\"v-mdl__c\">\n<div class=\"v-mdl__w\">\n<img loading=\"lazy\" src=\"http:\/\/cordobainforma.info\/wp-content\/uploads\/2025\/09\/los-mejores-planes-en-madrid-para-septiembre-cenas-con-encanto-exposiciones-para-toda-la-familia-y-la-cita-de-moda-mas-esperada-3.jpg\" class=\"v-mdl__img-z\" width=\"650\" height=\"650\" alt>\n<\/div>\n<\/div>\n<\/div>\n<p><span class=\"v-bdp\"><\/span><br \/>\n<\/article>\n<\/div>\n<\/div>\n<p><h3 class=\"v-cmp-suh\">\nUna cena de estrella Michel\u00edn en un espacio con mucho encanto<br \/>\n<\/h3>\n<\/p>\n<p class=\"voc-paragraph\">Despu\u00e9s de unos d\u00edas de vacaciones, <strong>A&#8217;Barra<\/strong>, el restaurante ubicado en la calle del Pinar n\u00famero 15, abre de nuevo sus puertas para seguir deleitando a los paladares m\u00e1s exclusivos con sus propuestas gastron\u00f3mica. Este restaurante, que cuenta con una estrella Michel\u00edn, defiende la alta cocina con productos de temporada en una experiencia que se instensifica gracias al espacio en el que se ubica, con la naturaleza como principal fuente de inspiraci\u00f3n, dise\u00f1ado por Silka Barrio.<\/p>\n<p class=\"voc-paragraph\">No hay mejor plan para dar la bienvenida a este nuevo mes que con una cena en este prestigioso lugar en el que todo rema a favor de que el comensal disfrute de una velada agradable, tranquila y, por supuesto, deliciosa. Adem\u00e1s, durante este oto\u00f1o, <strong>el horario de cenas arranca a las 19:00h<\/strong> para ajustarse a un horario m\u00e1s internacional, por lo que tendr\u00e1s para elegir tu momento favorito de la noche para disfrutar con los cinco sentidos de todo lo que A&#8217;Barra tiene para ofrecerte.<\/p>\n<div class=\"v-c-cmp v-c-cmp--s\">\n<div class=\"v-cmp-m \">\n<article class=\"v-a v-a--cmp-m v-c-cmp--m-z\">\n<div class=\"v-a-img-c \">\n<div class=\"v-a-fig\">\n<button class=\"v-a-link\" popovertarget=\"photo-948\"><br \/>\n<img loading=\"lazy\" src=\"http:\/\/cordobainforma.info\/wp-content\/uploads\/2025\/09\/los-mejores-planes-en-madrid-para-septiembre-cenas-con-encanto-exposiciones-para-toda-la-familia-y-la-cita-de-moda-mas-esperada-4.jpg\" class=\"v-a-img\" width=\"650\" height=\"650\" alt=\"Mandarin Oriental Ritz, Madrid, participante en la d\u00e9cima edici\u00f3n de Hotel Tapa Tour\" data-voc-vtm-id=\"in-text-traffic\"> <\/button><figcaption class=\"v-fc\">\n<span class=\"v-fc__t\"><br \/>\nMandarin Oriental Ritz, Madrid, participante en la d\u00e9cima edici\u00f3n de Hotel Tapa Tour<br \/>\n<\/span><br \/>\n<span class=\"v-fc__p\"><br \/>\n@hoteltapatour<br \/>\n<\/span><br \/>\n<\/figcaption><\/div>\n<\/div>\n<div id=\"photo-948\" popover class=\"v-mdl v-mdl--fw\">\n<button class=\"v-x\" popovertarget=\"photo-948\" popovertargetaction=\"hide\"><br \/>\n<span class=\"v-i\"><br \/>\n<svg width=\"24\" height=\"23.996\" viewBox=\"0 0 24 23.996\">\n<path data-name=\"Uni\u00f3n 29\" d=\"M12,14.03,2.031,24,0,21.963,9.968,12,0,2.033,2.031,0,12,9.966,21.969,0,24,2.033,14.032,12,24,21.963,21.969,24Z\" \/>\n<\/svg><br \/>\n<\/span><br \/>\n<\/button><\/p>\n<div class=\"v-mdl__c\">\n<div class=\"v-mdl__w\">\n<img loading=\"lazy\" src=\"http:\/\/cordobainforma.info\/wp-content\/uploads\/2025\/09\/los-mejores-planes-en-madrid-para-septiembre-cenas-con-encanto-exposiciones-para-toda-la-familia-y-la-cita-de-moda-mas-esperada-4.jpg\" class=\"v-mdl__img-z\" width=\"650\" height=\"650\" alt>\n<\/div>\n<\/div>\n<\/div>\n<p><span class=\"v-bdp\"><\/span><br \/>\n<\/article>\n<\/div>\n<\/div>\n<p><h3 class=\"v-cmp-suh\">\nUna ruta de tapeo por los hoteles m\u00e1s prestigiosos de la ciudad<br \/>\n<\/h3>\n<\/p>\n<p class=\"voc-paragraph\">Otra de las propuestas gastron\u00f3micas m\u00e1s interesantes para disfrutar este mes en Madrid es el <strong>Hotel Tapa Tour<\/strong>, que este a\u00f1o, adem\u00e1s, celebra su d\u00e9cimo aniversario. Del 22 de septiembre al 5 de octubre los hoteles m\u00e1s exclusivos de la capital ser\u00e1n parte de las rutas en las que las tapas se reivindican como la manifestaci\u00f3n m\u00e1s democr\u00e1tica de la alta cocina.<\/p>\n<p class=\"voc-paragraph\">En un total de hasta 6 itinerarios ubicados en distintos puntos de la ciudad, cada comensal podr\u00e1 disfrutar sin reserva previa de cuatro pases: <strong>una tapa nacional, una tapa fusi\u00f3n, una de croqueta de autor y otra tapa dulce<\/strong>, todo con su correspondiente maridaje. Adem\u00e1s, algunos de los hoteles cuentan tambi\u00e9n con una experiencia in-house para que el comensal descubra la oferta gastron\u00f3mica propia de ese lugar.<\/p>\n<div class=\"v-c-cmp v-c-cmp--s\">\n<div class=\"v-cmp-m \">\n<article class=\"v-a v-a--cmp-m v-c-cmp--m-z\">\n<div class=\"v-a-img-c \">\n<div class=\"v-a-fig\">\n<button class=\"v-a-link\" popovertarget=\"photo-853\"><br \/>\n<img loading=\"lazy\" src=\"http:\/\/cordobainforma.info\/wp-content\/uploads\/2025\/09\/los-mejores-planes-en-madrid-para-septiembre-cenas-con-encanto-exposiciones-para-toda-la-familia-y-la-cita-de-moda-mas-esperada-5.jpg\" class=\"v-a-img\" width=\"650\" height=\"650\" alt=\"Desfile de la Mercedes Benz Fashion Week Madrid\" data-voc-vtm-id=\"in-text-traffic\"> <\/button><figcaption class=\"v-fc\">\n<span class=\"v-fc__t\"><br \/>\nDesfile de la Mercedes Benz Fashion Week Madrid<br \/>\n<\/span><br \/>\n<span class=\"v-fc__p\"><br \/>\n@mbfwmadrid<br \/>\n<\/span><br \/>\n<\/figcaption><\/div>\n<\/div>\n<div id=\"photo-853\" popover class=\"v-mdl v-mdl--fw\">\n<button class=\"v-x\" popovertarget=\"photo-853\" popovertargetaction=\"hide\"><br \/>\n<span class=\"v-i\"><br \/>\n<svg width=\"24\" height=\"23.996\" viewBox=\"0 0 24 23.996\">\n<path data-name=\"Uni\u00f3n 29\" d=\"M12,14.03,2.031,24,0,21.963,9.968,12,0,2.033,2.031,0,12,9.966,21.969,0,24,2.033,14.032,12,24,21.963,21.969,24Z\" \/>\n<\/svg><br \/>\n<\/span><br \/>\n<\/button><\/p>\n<div class=\"v-mdl__c\">\n<div class=\"v-mdl__w\">\n<img loading=\"lazy\" src=\"http:\/\/cordobainforma.info\/wp-content\/uploads\/2025\/09\/los-mejores-planes-en-madrid-para-septiembre-cenas-con-encanto-exposiciones-para-toda-la-familia-y-la-cita-de-moda-mas-esperada-5.jpg\" class=\"v-mdl__img-z\" width=\"650\" height=\"650\" alt>\n<\/div>\n<\/div>\n<\/div>\n<p><span class=\"v-bdp\"><\/span><br \/>\n<\/article>\n<\/div>\n<\/div>\n<p><h3 class=\"v-cmp-suh\">\nUna fecha marcada en el calendario de los amantes de la moda<br \/>\n<\/h3>\n<\/p>\n<p class=\"voc-paragraph\">Al estilo de las grandes ciudades que reciben el oto\u00f1o celebrando la moda, Madrid se convierte entre los d\u00edas 17 y 21 de septiembre en una gran pasarela en el marco de <strong>Mercedes Benz Fashion Week<\/strong>, que celebra este 2025 su 40 aniversario en IFEMA Madrid. Firmas como <a href=\"http:\/\/mujerhoy.com\/temas\/personajes\/agatha-ruiz-de-la-prada.html\" data-voc-vtm-id=\"in-text-traffic\" title=\"\u00c1gatha Ruiz de la Prada\" data-mrf-link=\"mujerhoy.com\">\u00c1gatha Ruiz de la Prada<\/a>, Pedro del Hierro, <a href=\"https:\/\/www.mujerhoy.com\/temas\/personajes\/adolfo-dominguez.html\" data-voc-vtm-id=\"in-text-traffic\" title=\"Adolfo Dom\u00ednguez\" data-mrf-link=\"www.mujerhoy.com\">Adolfo Dom\u00ednguez<\/a>, Simorra, Paris64 o Claro Couture, entre otros, presentar\u00e1n sus novedades para primavera-verano 2026 y nos adelantar\u00e1n las tendencias de la pr\u00f3xima temporada en un evento que llena de glamour la ciudad cada mes de septiembre.<\/p>\n<p class=\"voc-paragraph\">Pero no es el \u00fanico evento fashion que la capital espa\u00f1ola acoge en septiembre. El evento encargado de dar el pistoletazo de salida a esta Semana de la Moda es <strong>Madrid es Moda<\/strong>, que celebra su nueva edici\u00f3n del 13 al 16 de septiembre y que tambi\u00e9n est\u00e1 de enhorabuena, pues este a\u00f1o cumple una d\u00e9cada. <a href=\"http:\/\/mujerhoy.com\/moda\/pasarelas\/madrid-es-moda-calendario-febrero-2025-actividades-mejor-pasarela-disenadores-made-in-spain-20250206133033-nt.html\" data-voc-vtm-id=\"in-text-traffic\" title=\"Madrid es Moda\" data-mrf-link=\"mujerhoy.com\">Madrid es Moda<\/a> empezar\u00e1 el d\u00eda 13 con un desfile al aire libre, en los Jardines de la Plaza de Oriente, y continuar\u00e1 los d\u00edas posteriores con la presentaci\u00f3n de las colecciones de firmas espa\u00f1olas de renombre como <a href=\"https:\/\/www.mujerhoy.com\/temas\/marcas\/teresa-helbig.html\" data-voc-vtm-id=\"in-text-traffic\" title=\"Teresa Helbig\" data-mrf-link=\"www.mujerhoy.com\">Teresa Helbig<\/a>, Mois\u00e9s Nieto o Roberto Verino.<\/p>\n<div class=\"v-c-cmp v-c-cmp--s\">\n<div class=\"v-cmp-m \">\n<article class=\"v-a v-a--cmp-m v-c-cmp--m-z\">\n<div class=\"v-a-img-c \">\n<div class=\"v-a-fig\">\n<button class=\"v-a-link\" popovertarget=\"photo-85\"><br \/>\n<img loading=\"lazy\" src=\"http:\/\/cordobainforma.info\/wp-content\/uploads\/2025\/09\/los-mejores-planes-en-madrid-para-septiembre-cenas-con-encanto-exposiciones-para-toda-la-familia-y-la-cita-de-moda-mas-esperada-6.jpg\" class=\"v-a-img\" width=\"650\" height=\"650\" alt=\"Cleopatra, la exposici\u00f3n inversiva\" data-voc-vtm-id=\"in-text-traffic\"> <\/button><figcaption class=\"v-fc\">\n<span class=\"v-fc__t\"><br \/>\nCleopatra, la exposici\u00f3n inversiva<br \/>\n<\/span><br \/>\n<span class=\"v-fc__p\"><br \/>\n@madmadridartesdigitales<br \/>\n<\/span><br \/>\n<\/figcaption><\/div>\n<\/div>\n<div id=\"photo-85\" popover class=\"v-mdl v-mdl--fw\">\n<button class=\"v-x\" popovertarget=\"photo-85\" popovertargetaction=\"hide\"><br \/>\n<span class=\"v-i\"><br \/>\n<svg width=\"24\" height=\"23.996\" viewBox=\"0 0 24 23.996\">\n<path data-name=\"Uni\u00f3n 29\" d=\"M12,14.03,2.031,24,0,21.963,9.968,12,0,2.033,2.031,0,12,9.966,21.969,0,24,2.033,14.032,12,24,21.963,21.969,24Z\" \/>\n<\/svg><br \/>\n<\/span><br \/>\n<\/button><\/p>\n<div class=\"v-mdl__c\">\n<div class=\"v-mdl__w\">\n<img loading=\"lazy\" src=\"http:\/\/cordobainforma.info\/wp-content\/uploads\/2025\/09\/los-mejores-planes-en-madrid-para-septiembre-cenas-con-encanto-exposiciones-para-toda-la-familia-y-la-cita-de-moda-mas-esperada-6.jpg\" class=\"v-mdl__img-z\" width=\"650\" height=\"650\" alt>\n<\/div>\n<\/div>\n<\/div>\n<p><span class=\"v-bdp\"><\/span><br \/>\n<\/article>\n<\/div>\n<\/div>\n<p><h3 class=\"v-cmp-suh\">\nUna exposici\u00f3n para viajar al pasado en familia<br \/>\n<\/h3>\n<\/p>\n<p class=\"voc-paragraph\">A partir del 12 de septiembre acudir al espacio MAD Centro de Experiencias Inmersivas es sin\u00f3nimo de viajar en el tiempo hasta el siglo I a.C. gracias a <strong>Cleopatra, la exposici\u00f3n inmersiva<\/strong>. Los visitantes viajar\u00e1n hasta el Antiguo Egipto y podr\u00e1n conocer m\u00e1s de cerca la figura de Cleopatra, su \u00faltima gran reina y un referente de mujer clave en la historia. Adem\u00e1s de la propia Cleopatra, la gran protagonista de esta exposici\u00f3n, tambi\u00e9n presentan a Julio C\u00e9sar y Marco Antonio, que jugaron un papel clave en la vida de la reina.<\/p>\n<p class=\"voc-paragraph\">Esta exposici\u00f3n promete toda <strong>una experiencia multisensorial<\/strong> que se fundamenta en cuatro momentos: recreaciones esc\u00e9nicas del Egipto del siglo I a.C., proyecciones en 360\u00ba que te har\u00e1n sentirte dentro del escenario donde transcurre la historia, un viaje por el metaverso en el que podr\u00e1s conocer los lugares claves del momento hist\u00f3rico y la vida de Cleopatra y hologramas que traer\u00e1n a la propia reina al lugar. Una forma divertida y fascinante de conocer a este personaje tan importante de la historia y que es perfecta para que grandes y peque\u00f1os aprendan y se diviertan de la forma m\u00e1s original.<\/p>\n<div class=\"v-c-cmp v-c-cmp--s\">\n<div class=\"v-cmp-m \">\n<article class=\"v-a v-a--cmp-m v-c-cmp--m-z\">\n<div class=\"v-a-img-c \">\n<div class=\"v-a-fig\">\n<button class=\"v-a-link\" popovertarget=\"photo-826\"><br \/>\n<img loading=\"lazy\" src=\"http:\/\/cordobainforma.info\/wp-content\/uploads\/2025\/09\/los-mejores-planes-en-madrid-para-septiembre-cenas-con-encanto-exposiciones-para-toda-la-familia-y-la-cita-de-moda-mas-esperada-7.jpg\" class=\"v-a-img\" width=\"650\" height=\"650\" alt=\"Festival Jard\u00edn de las Delicias\" data-voc-vtm-id=\"in-text-traffic\"> <\/button><figcaption class=\"v-fc\">\n<span class=\"v-fc__t\"><br \/>\nFestival Jard\u00edn de las Delicias<br \/>\n<\/span><br \/>\n<span class=\"v-fc__p\"><br \/>\n@festival_jardindelasdelicias<br \/>\n<\/span><br \/>\n<\/figcaption><\/div>\n<\/div>\n<div id=\"photo-826\" popover class=\"v-mdl v-mdl--fw\">\n<button class=\"v-x\" popovertarget=\"photo-826\" popovertargetaction=\"hide\"><br \/>\n<span class=\"v-i\"><br \/>\n<svg width=\"24\" height=\"23.996\" viewBox=\"0 0 24 23.996\">\n<path data-name=\"Uni\u00f3n 29\" d=\"M12,14.03,2.031,24,0,21.963,9.968,12,0,2.033,2.031,0,12,9.966,21.969,0,24,2.033,14.032,12,24,21.963,21.969,24Z\" \/>\n<\/svg><br \/>\n<\/span><br \/>\n<\/button><\/p>\n<div class=\"v-mdl__c\">\n<div class=\"v-mdl__w\">\n<img loading=\"lazy\" src=\"http:\/\/cordobainforma.info\/wp-content\/uploads\/2025\/09\/los-mejores-planes-en-madrid-para-septiembre-cenas-con-encanto-exposiciones-para-toda-la-familia-y-la-cita-de-moda-mas-esperada-7.jpg\" class=\"v-mdl__img-z\" width=\"650\" height=\"650\" alt>\n<\/div>\n<\/div>\n<\/div>\n<p><span class=\"v-bdp\"><\/span><br \/>\n<\/article>\n<\/div>\n<\/div>\n<p><h3 class=\"v-cmp-suh\">\nUn festival para cerrar la temporada<br \/>\n<\/h3>\n<\/p>\n<p class=\"voc-paragraph\">\u00bfA\u00fan nostalgicos por el fin de los festivales? Tenemos la soluci\u00f3n para quitarte el mal sabor de boca y coger fuerzas hasta el a\u00f1o que viene, y s\u00ed, tambi\u00e9n es un plan que se celebra en Madrid. El 19 y 20 de septiembre tendr\u00e1 lugar en el recinto de Cantarranas Campus de la Universidad Complutense la sexta edici\u00f3n del <strong>Festival Jard\u00edn de las Delicias<\/strong>, que ha conseguido posicionarse como uno de los eventos referentes entre los amantes de la m\u00fasica y el plan estrella para despedir el verano por todo lo alto.<\/p>\n<p class=\"voc-paragraph\">Este 2025 su cartel cuenta con nombres como Melendi, Silo\u00e9, Mikel Izal, \u00cd<a href=\"https:\/\/www.mujerhoy.com\/celebrities\/inigo-quintero-cantante-revelacion-tiktok-fracaso-carrera-musical-exito-cancion-cristiana-gira-europea-20250729124615-nt.html\" data-voc-vtm-id=\"in-text-traffic\" title=\"\u00f1igo Quintero\" data-mrf-link=\"www.mujerhoy.com\">\u00f1igo Quintero<\/a>, Nena Daconte o <a href=\"https:\/\/www.mujerhoy.com\/actualidad\/quienes-son-hermanos-martinez-grupo-musica-arrasa-spotify-conciertos-directo-mejores-canciones-20250603140308-nt.html\" data-voc-vtm-id=\"in-text-traffic\" title=\"Hermanos Mart\u00ednez\" data-mrf-link=\"www.mujerhoy.com\">Hermanos Mart\u00ednez<\/a>, entre otros. Es la ocasi\u00f3n perfecta para desempolvar tus outfits festivaleros y reunirte con amigos para <strong>cantar a todo pulm\u00f3n canciones de ayer y de hoy<\/strong> en un ambiente \u00fanico y perfecto para coger fuerzas para el inicio de la rutina.<\/p>\n<div class=\"v-c-cmp v-c-cmp--t1 \">\n<div class=\"v-cmp-rld v-cmp-rld--2 \">\n<div class=\"v-cnt-m v-cnt-m--m\">\n<div class=\"v-cnt-m__c\">\n<div class=\"v-cnt-m__w v-cnt-m__w--1\">\n<p class=\"v-cnt-m__t\">\nNO TE PIERDAS\n<\/p>\n<\/div>\n<\/div>\n<\/div>\n<div class=\"v-g v-g--2-c v-g--bdr-min-xs\">\n<div class=\"v-g__c \">\n<article class=\"v-a v-a--cmp-rld v-a--cmp-rld-2 v-a--p-l\">\n<div class=\"v-a-img-c\">\n<figure class=\"v-a-fig\">\n<a href=\"https:\/\/www.mujerhoy.com\/vivir\/ocio\/planes-fin-de-semana-verano-cruzcampo-festival-lavanda-comida-thyssen-escapada-rural-20250711112108-nt.html#vtm_modulosEngag=mod-rel:vivir:noticia:1:cmp:2-not\" class=\"v-a-link\" title=\"De la experiencia cervecera m\u00e1s original a una comida con arte: planes especiales para el fin de semana\"><br \/>\n<img loading=\"lazy\" class=\"v-a-img\" src=\"http:\/\/cordobainforma.info\/wp-content\/uploads\/2025\/09\/los-mejores-planes-en-madrid-para-septiembre-cenas-con-encanto-exposiciones-para-toda-la-familia-y-la-cita-de-moda-mas-esperada-8.jpg\" alt=\"De la experiencia cervecera m\u00e1s original a una comida con arte: planes especiales para el fin de semana\"><br \/>\n<\/a><br \/>\n<\/figure>\n<\/div>\n<\/article>\n<\/div>\n<div class=\"v-g__c \">\n<article class=\"v-a v-a--cmp-rld v-a--cmp-rld-2 v-a--p-l\">\n<div class=\"v-a-img-c\">\n<figure class=\"v-a-fig\">\n<a href=\"https:\/\/www.mujerhoy.com\/vivir\/ocio\/mejores-planes-junio-musica-directo-terraza-festivales-experiencia-gastronomica-20250605092157-nt.html#vtm_modulosEngag=mod-rel:vivir:noticia:2:cmp:2-not\" class=\"v-a-link\" title=\"Los mejores planes para junio: una sorprendente experiencia gastron\u00f3mica y el tardeo con flamenco que no te puedes perde\"><br \/>\n<img loading=\"lazy\" class=\"v-a-img\" src=\"http:\/\/cordobainforma.info\/wp-content\/uploads\/2025\/09\/los-mejores-planes-en-madrid-para-septiembre-cenas-con-encanto-exposiciones-para-toda-la-familia-y-la-cita-de-moda-mas-esperada-9.jpg\" alt=\"Los mejores planes para junio: una sorprendente experiencia gastron\u00f3mica y el tardeo con flamenco que no te puedes perde\"><br \/>\n<\/a><br \/>\n<\/figure>\n<\/div>\n<\/article>\n<\/div>\n<\/div>\n<\/div>\n<\/div>\n","protected":false},"excerpt":{"rendered":"<p>Despu\u00e9s de un verano de escapadas de ensue\u00f1o, experiencias nuevas o, sencillamente, d\u00edas de relax apartados de la rutina, el momento de volver a Madrid se hace mucha bola. Parece que la ciudad es sin\u00f3nimo de prisas, estr\u00e9s y despertadores sonando a horas intempestivas. Pero, como siempre en la vida, en realidad todo depende de [&hellip;]<\/p>\n","protected":false},"author":1,"featured_media":167147,"comment_status":"open","ping_status":"closed","sticky":false,"template":"","format":"standard","meta":[],"categories":[18],"tags":[],"_links":{"self":[{"href":"http:\/\/cordobainforma.info\/index.php\/wp-json\/wp\/v2\/posts\/167146"}],"collection":[{"href":"http:\/\/cordobainforma.info\/index.php\/wp-json\/wp\/v2\/posts"}],"about":[{"href":"http:\/\/cordobainforma.info\/index.php\/wp-json\/wp\/v2\/types\/post"}],"author":[{"embeddable":true,"href":"http:\/\/cordobainforma.info\/index.php\/wp-json\/wp\/v2\/users\/1"}],"replies":[{"embeddable":true,"href":"http:\/\/cordobainforma.info\/index.php\/wp-json\/wp\/v2\/comments?post=167146"}],"version-history":[{"count":0,"href":"http:\/\/cordobainforma.info\/index.php\/wp-json\/wp\/v2\/posts\/167146\/revisions"}],"wp:featuredmedia":[{"embeddable":true,"href":"http:\/\/cordobainforma.info\/index.php\/wp-json\/wp\/v2\/media\/167147"}],"wp:attachment":[{"href":"http:\/\/cordobainforma.info\/index.php\/wp-json\/wp\/v2\/media?parent=167146"}],"wp:term":[{"taxonomy":"category","embeddable":true,"href":"http:\/\/cordobainforma.info\/index.php\/wp-json\/wp\/v2\/categories?post=167146"},{"taxonomy":"post_tag","embeddable":true,"href":"http:\/\/cordobainforma.info\/index.php\/wp-json\/wp\/v2\/tags?post=167146"}],"curies":[{"name":"wp","href":"https:\/\/api.w.org\/{rel}","templated":true}]}}