{"id":167144,"date":"2025-09-05T12:50:45","date_gmt":"2025-09-05T12:50:45","guid":{"rendered":"https:\/\/www.mujerhoy.com\/moda\/no-te-pierdas\/mejores-looks-invitadas-pijas-desfile-iq-collection-20250905143510-nt.html"},"modified":"2025-09-05T12:50:45","modified_gmt":"2025-09-05T12:50:45","slug":"teresa-urquijo-isabel-preysler-o-tana-rivera-la-jet-set-se-reune-en-el-desfile-de-iq-collection-y-estos-son-los-mejores-looks-de-invitada","status":"publish","type":"post","link":"http:\/\/cordobainforma.info\/index.php\/2025\/09\/05\/teresa-urquijo-isabel-preysler-o-tana-rivera-la-jet-set-se-reune-en-el-desfile-de-iq-collection-y-estos-son-los-mejores-looks-de-invitada\/","title":{"rendered":"Teresa Urquijo, Isabel Preysler o Tana Rivera: la jet set se re\u00fane en el desfile de IQ Collection y estos son los mejores looks de invitada"},"content":{"rendered":"<div class=\"media_block\"><\/div>\n<p><!-- AUTHOR --><\/p>\n<div class=\"voc-author-timesocial \">\n<!-- AUTHOR --><\/p>\n<div class=\"voc-author-timesocial__signature \">\n<!-- IMAGE AUTHOR -->\n<picture class=\"voc-image-signature\">\n<img class=\"voc-image-signature__img\" src=\"http:\/\/cordobainforma.info\/wp-content\/uploads\/2025\/09\/teresa-urquijo-isabel-preysler-o-tana-rivera-la-jet-set-se-reune-en-el-desfile-de-iq-collection-y-estos-son-los-mejores-looks-de-invitada.jpg\" alt=\"Raquel Rodr\u00edguez\">\n<\/picture>\n<!-- INFO AUTHOR --> <\/div><\/div>\n<p><!-- COMPONENTS --><\/p>\n<p class=\"voc-paragraph\">El Palacio de Liria acogi\u00f3 ayer el desfile de <a href=\"https:\/\/www.mujerhoy.com\/moda\/no-te-pierdas\/manuela-villena-sevilla-espectacular-vestido-ines-domecq-20250630090819-nt.html\" title=\"www.mujerhoy.com\" data-voc-vtm-id=\"in-text-traffic\" data-mrf-link=\"www.mujerhoy.com\">The IQ Collection <\/a>en el que la firma present\u00f3 ante decenas de invitados la colecci\u00f3n &#8216;Goya&#8217;, que coincide con el quinto aniversario de la marca fundada por<a href=\"https:\/\/www.mujerhoy.com\/celebrities\/realeza\/adriana-marin-cunada-ines-domecq-discreta-boda-liria-galerista-arte-duquesa-alba-20250817122932-nt.html\" title=\"www.mujerhoy.com\" data-voc-vtm-id=\"in-text-traffic\" data-mrf-link=\"www.mujerhoy.com\"> In\u00e9s Domecq<\/a>. A la cita asistieron un sinf\u00edn de rostros conocidos, entre los que se encontraban mujeres como Eugenia Mart\u00ednez de Irujo e incluso royals como <strong>Victoria Federica e Irene Urdangar\u00edn<\/strong>.<\/p>\n<p class=\"voc-paragraph\">Este evento fue la confirmaci\u00f3n de que IQ es la propuesta estil\u00edstica favorita de las arist\u00f3cratas, ya que se convirti\u00f3 en todo un c\u00f3nclave de la jet set en el que tambi\u00e9n vimos nombres como el de Isabel Preysler o Teresa Urquijo. \u00bfEl resultado? Un desfile de VIPS en el que fueron protagonistas<strong> looks de invitada perfectos <\/strong>-la mayor\u00eda, obra de la firma que les hab\u00eda reunido-.<\/p>\n<div class=\"v-c-cmp v-c-cmp--t1 \">\n<div class=\"v-cmp-rld v-cmp-rld--2 \">\n<div class=\"v-cnt-m v-cnt-m--m\">\n<div class=\"v-cnt-m__c\">\n<div class=\"v-cnt-m__w v-cnt-m__w--1\">\n<p class=\"v-cnt-m__t\">\nTAMBI\u00c9N TE INTERESA\n<\/p>\n<\/div>\n<\/div>\n<\/div>\n<div class=\"v-g v-g--2-c v-g--bdr-min-xs\">\n<div class=\"v-g__c \">\n<article class=\"v-a v-a--cmp-rld v-a--cmp-rld-2 v-a--p-l\">\n<div class=\"v-a-img-c\">\n<figure class=\"v-a-fig\">\n<a href=\"https:\/\/www.mujerhoy.com\/moda\/no-te-pierdas\/vestidos-invitada-especiales-boda-otono-mas-bonitos-20250904120627-nt.html#vtm_modulosEngag=mod-rel:moda:noticia:1:cmp:2-not\" class=\"v-a-link\" title=\"Si tienes una boda en oto\u00f1o, estos son los vestidos de invitada m\u00e1s especiales que merece la pena tener en el radar\"><br \/>\n<img loading=\"lazy\" class=\"v-a-img\" src=\"http:\/\/cordobainforma.info\/wp-content\/uploads\/2025\/09\/teresa-urquijo-isabel-preysler-o-tana-rivera-la-jet-set-se-reune-en-el-desfile-de-iq-collection-y-estos-son-los-mejores-looks-de-invitada-1.jpg\" alt=\"Si tienes una boda en oto\u00f1o, estos son los vestidos de invitada m\u00e1s especiales que merece la pena tener en el radar\"><br \/>\n<\/a><br \/>\n<\/figure>\n<\/div>\n<\/article>\n<\/div>\n<div class=\"v-g__c \">\n<article class=\"v-a v-a--cmp-rld v-a--cmp-rld-2 v-a--p-l\">\n<div class=\"v-a-img-c\">\n<figure class=\"v-a-fig\">\n<a href=\"https:\/\/www.mujerhoy.com\/moda\/no-te-pierdas\/sara-carbonero-vestido-invitada-estilo-boho-boda-otono-20250904175538-nt.html#vtm_modulosEngag=mod-rel:moda:noticia:2:cmp:2-not\" class=\"v-a-link\" title=\"Las invitadas de bodas de oto\u00f1o van a querer llevar el look de boho de Sara Carbonero con vestido fluido y chaleco\"><br \/>\n<img loading=\"lazy\" class=\"v-a-img\" src=\"http:\/\/cordobainforma.info\/wp-content\/uploads\/2025\/09\/teresa-urquijo-isabel-preysler-o-tana-rivera-la-jet-set-se-reune-en-el-desfile-de-iq-collection-y-estos-son-los-mejores-looks-de-invitada-2.jpg\" alt=\"Las invitadas de bodas de oto\u00f1o van a querer llevar el look de boho de Sara Carbonero con vestido fluido y chaleco\"><br \/>\n<\/a><br \/>\n<\/figure>\n<\/div>\n<\/article>\n<\/div>\n<\/div>\n<\/div>\n<\/div>\n<div class=\"v-c-cmp \">\n<div class=\"v-cmp-m v-cmp-m--t1\">\n<article class=\"v-a v-a--cmp-m v-c-cmp--m-p\">\n<div class=\"v-a-img-c v-a-img-c--fw-xs\">\n<div class=\"v-a-fig\">\n<div class=\"v-a-link\">\n<img loading=\"lazy\" src=\"http:\/\/cordobainforma.info\/wp-content\/uploads\/2025\/09\/teresa-urquijo-isabel-preysler-o-tana-rivera-la-jet-set-se-reune-en-el-desfile-de-iq-collection-y-estos-son-los-mejores-looks-de-invitada.png\" class=\"v-a-img\" width=\"650\" height=\"975\" alt data-voc-vtm-id=\"in-text-traffic\">\n<\/div><figcaption class=\"v-fc\">\n<span class=\"v-fc__p\"><br \/>\n@eugeniamartinezdeirujo<br \/>\n<\/span><br \/>\n<\/figcaption><\/div>\n<\/div>\n<\/article>\n<\/div>\n<\/div>\n<p><h3 class=\"v-cmp-suh\">\nTana Rivera y Eugenia Mart\u00ednez de Irujo<br \/>\n<\/h3>\n<\/p>\n<p class=\"voc-paragraph\">Madre e hija asistieron al desfile con looks de la firma. Tana se decant\u00f3 por un traje de dos piezas de encaje negro y Eugenia opt\u00f3 por un conjunto de falda larga azul marina con un top de manga larga con bordados.<\/p>\n<div class=\"v-c-cmp \">\n<div class=\"v-cmp-m v-cmp-m--t1\">\n<article class=\"v-a v-a--cmp-m v-c-cmp--m-p\">\n<div class=\"v-a-img-c v-a-img-c--fw-xs\">\n<div class=\"v-a-fig\">\n<div class=\"v-a-link\">\n<img loading=\"lazy\" src=\"http:\/\/cordobainforma.info\/wp-content\/uploads\/2025\/09\/teresa-urquijo-isabel-preysler-o-tana-rivera-la-jet-set-se-reune-en-el-desfile-de-iq-collection-y-estos-son-los-mejores-looks-de-invitada-1.png\" class=\"v-a-img\" width=\"650\" height=\"975\" alt data-voc-vtm-id=\"in-text-traffic\">\n<\/div><figcaption class=\"v-fc\">\n<span class=\"v-fc__p\"><br \/>\n@rochilaffon<br \/>\n<\/span><br \/>\n<\/figcaption><\/div>\n<\/div>\n<\/article>\n<\/div>\n<\/div>\n<p><h3 class=\"v-cmp-suh\">\nVictoria Federica<br \/>\n<\/h3>\n<\/p>\n<p class=\"voc-paragraph\">Victoria Federica acudi\u00f3 junto a su amiga Roc\u00edo Laff\u00f3n.La hija de la infanta Elena escogi\u00f3 un estilizado look protagonizado por un original conjunto con pantalones anchos de color negro.<\/p>\n<div class=\"v-c-cmp \">\n<div class=\"v-cmp-m v-cmp-m--t1\">\n<article class=\"v-a v-a--cmp-m v-c-cmp--m-p\">\n<div class=\"v-a-img-c v-a-img-c--fw-xs\">\n<div class=\"v-a-fig\">\n<div class=\"v-a-link\">\n<img loading=\"lazy\" src=\"http:\/\/cordobainforma.info\/wp-content\/uploads\/2025\/09\/teresa-urquijo-isabel-preysler-o-tana-rivera-la-jet-set-se-reune-en-el-desfile-de-iq-collection-y-estos-son-los-mejores-looks-de-invitada-2.png\" class=\"v-a-img\" width=\"650\" height=\"975\" alt data-voc-vtm-id=\"in-text-traffic\">\n<\/div>\n<\/div>\n<\/div>\n<\/article>\n<\/div>\n<\/div>\n<p><h3 class=\"v-cmp-suh\">\nIsabel Preysler<br \/>\n<\/h3>\n<\/p>\n<p class=\"voc-paragraph\">Isabel Preysler pos\u00f3 con amigas con este look bicolor de lo m\u00e1s elegante. Era un dos piezas con unos originales pantalones blancos y nefros a los que a\u00f1adi\u00f3 un bolso de mano a juego y joyas de Rabat.<\/p>\n<div class=\"v-c-cmp v-c-cmp--s\">\n<div class=\"v-cmp-m \">\n<article class=\"v-a v-a--cmp-m v-c-cmp--m-z\">\n<div class=\"v-a-img-c \">\n<div class=\"v-a-fig\">\n<button class=\"v-a-link\" popovertarget=\"photo-102\"><br \/>\n<img loading=\"lazy\" src=\"http:\/\/cordobainforma.info\/wp-content\/uploads\/2025\/09\/teresa-urquijo-isabel-preysler-o-tana-rivera-la-jet-set-se-reune-en-el-desfile-de-iq-collection-y-estos-son-los-mejores-looks-de-invitada-3.jpg\" class=\"v-a-img\" width=\"650\" height=\"650\" alt data-voc-vtm-id=\"in-text-traffic\"> <\/button><figcaption class=\"v-fc\">\n<span class=\"v-fc__p\"><br \/>\n@martinez_almeida_<br \/>\n<\/span><br \/>\n<\/figcaption><\/div>\n<\/div>\n<div id=\"photo-102\" popover class=\"v-mdl v-mdl--fw\">\n<button class=\"v-x\" popovertarget=\"photo-102\" popovertargetaction=\"hide\"><br \/>\n<span class=\"v-i\"><br \/>\n<svg width=\"24\" height=\"23.996\" viewBox=\"0 0 24 23.996\">\n<path data-name=\"Uni\u00f3n 29\" d=\"M12,14.03,2.031,24,0,21.963,9.968,12,0,2.033,2.031,0,12,9.966,21.969,0,24,2.033,14.032,12,24,21.963,21.969,24Z\" \/>\n<\/svg><br \/>\n<\/span><br \/>\n<\/button><\/p>\n<div class=\"v-mdl__c\">\n<div class=\"v-mdl__w\">\n<img loading=\"lazy\" src=\"http:\/\/cordobainforma.info\/wp-content\/uploads\/2025\/09\/teresa-urquijo-isabel-preysler-o-tana-rivera-la-jet-set-se-reune-en-el-desfile-de-iq-collection-y-estos-son-los-mejores-looks-de-invitada-3.jpg\" class=\"v-mdl__img-z\" width=\"650\" height=\"650\" alt>\n<\/div>\n<\/div>\n<\/div>\n<p><span class=\"v-bdp\"><\/span><br \/>\n<\/article>\n<\/div>\n<\/div>\n<p><h3 class=\"v-cmp-suh\">\nTeresa Urquijo<br \/>\n<\/h3>\n<\/p>\n<p class=\"voc-paragraph\">Teresa Urquijo reapareci\u00f3 tras dar a luz recientemente con un vestido camisero de La DoubleJ, una firma de lujo caracterizada por prendas estampadas a todo color.<\/p>\n<div class=\"v-c-cmp \">\n<div class=\"v-cmp-m v-cmp-m--t1\">\n<article class=\"v-a v-a--cmp-m v-c-cmp--m-p\">\n<div class=\"v-a-img-c v-a-img-c--fw-xs\">\n<div class=\"v-a-fig\">\n<div class=\"v-a-link\">\n<img loading=\"lazy\" src=\"http:\/\/cordobainforma.info\/wp-content\/uploads\/2025\/09\/teresa-urquijo-isabel-preysler-o-tana-rivera-la-jet-set-se-reune-en-el-desfile-de-iq-collection-y-estos-son-los-mejores-looks-de-invitada-4.jpg\" class=\"v-a-img\" width=\"650\" height=\"975\" alt data-voc-vtm-id=\"in-text-traffic\">\n<\/div><figcaption class=\"v-fc\">\n<span class=\"v-fc__p\"><br \/>\n@isabellejunot<br \/>\n<\/span><br \/>\n<\/figcaption><\/div>\n<\/div>\n<\/article>\n<\/div>\n<\/div>\n<p><h3 class=\"v-cmp-suh\">\nIsabelle Junot<br \/>\n<\/h3>\n<\/p>\n<p class=\"voc-paragraph\">Isabelle Junot se apunt\u00f3 a la tendencia de los lunares con este vestido largo de escote en forma de pico. A\u00f1adi\u00f3 unas sandalias negras y puso el toque de color con un bolso de mano rojo.<\/p>\n<div class=\"v-c-cmp \">\n<div class=\"v-cmp-m v-cmp-m--t1\">\n<article class=\"v-a v-a--cmp-m v-c-cmp--m-p\">\n<div class=\"v-a-img-c v-a-img-c--fw-xs\">\n<div class=\"v-a-fig\">\n<div class=\"v-a-link\">\n<img loading=\"lazy\" src=\"http:\/\/cordobainforma.info\/wp-content\/uploads\/2025\/09\/teresa-urquijo-isabel-preysler-o-tana-rivera-la-jet-set-se-reune-en-el-desfile-de-iq-collection-y-estos-son-los-mejores-looks-de-invitada-5.jpg\" class=\"v-a-img\" width=\"650\" height=\"975\" alt data-voc-vtm-id=\"in-text-traffic\">\n<\/div><figcaption class=\"v-fc\">\n<span class=\"v-fc__p\"><br \/>\n@luciabarcena<br \/>\n<\/span><br \/>\n<\/figcaption><\/div>\n<\/div>\n<\/article>\n<\/div>\n<\/div>\n<p><h3 class=\"v-cmp-suh\">\nLuc\u00eda B\u00e1rcena<br \/>\n<\/h3>\n<\/p>\n<p class=\"voc-paragraph\">La influencer derroch\u00f3 elegancia con este precioso vestido de invitada bicolor. Ten\u00eda una espectacular falda blanca abullonada y un cuerpo con escote bardot.<\/p>\n<div class=\"v-c-cmp \">\n<div class=\"v-cmp-m v-cmp-m--t1\">\n<article class=\"v-a v-a--cmp-m v-c-cmp--m-p\">\n<div class=\"v-a-img-c v-a-img-c--fw-xs\">\n<div class=\"v-a-fig\">\n<div class=\"v-a-link\">\n<img loading=\"lazy\" src=\"http:\/\/cordobainforma.info\/wp-content\/uploads\/2025\/09\/teresa-urquijo-isabel-preysler-o-tana-rivera-la-jet-set-se-reune-en-el-desfile-de-iq-collection-y-estos-son-los-mejores-looks-de-invitada-6.jpg\" class=\"v-a-img\" width=\"650\" height=\"975\" alt data-voc-vtm-id=\"in-text-traffic\">\n<\/div><figcaption class=\"v-fc\">\n<span class=\"v-fc__p\"><br \/>\n@mariagdejaime<br \/>\n<\/span><br \/>\n<\/figcaption><\/div>\n<\/div>\n<\/article>\n<\/div>\n<\/div>\n<p><h3 class=\"v-cmp-suh\">\nMar\u00eda Garc\u00eda de Jaime<br \/>\n<\/h3>\n<\/p>\n<p class=\"voc-paragraph\">La influencer tambi\u00e9n escogi\u00f3 la f\u00f3rmula del blanco y el negro con un dos piezas. Ella opt\u00f3 por una versi\u00f3n m\u00e1s casual con pantalones anchos con el bajo ajustado y una blusa de manga larga y cintur\u00f3n.<\/p>\n<div class=\"v-c-cmp \">\n<div class=\"v-cmp-m v-cmp-m--t1\">\n<article class=\"v-a v-a--cmp-m v-c-cmp--m-p\">\n<div class=\"v-a-img-c v-a-img-c--fw-xs\">\n<div class=\"v-a-fig\">\n<div class=\"v-a-link\">\n<img loading=\"lazy\" src=\"http:\/\/cordobainforma.info\/wp-content\/uploads\/2025\/09\/teresa-urquijo-isabel-preysler-o-tana-rivera-la-jet-set-se-reune-en-el-desfile-de-iq-collection-y-estos-son-los-mejores-looks-de-invitada-7.jpg\" class=\"v-a-img\" width=\"650\" height=\"975\" alt data-voc-vtm-id=\"in-text-traffic\">\n<\/div><figcaption class=\"v-fc\">\n<span class=\"v-fc__p\"><br \/>\n@ariviere<br \/>\n<\/span><br \/>\n<\/figcaption><\/div>\n<\/div>\n<\/article>\n<\/div>\n<\/div>\n<p><h3 class=\"v-cmp-suh\">\n\u00c1lex Riviere<br \/>\n<\/h3>\n<\/p>\n<p class=\"voc-paragraph\">La estilosa creadora de contenido demostr\u00f3 que el menos es m\u00e1s con un look con pantalones negros y una blusa blanca con escote a la espalda. \u00a1Elegant\u00edsima!<\/p>\n<div class=\"v-c-cmp v-c-cmp--t1 \">\n<div class=\"v-cmp-rld v-cmp-rld--2 \">\n<div class=\"v-cnt-m v-cnt-m--m\">\n<div class=\"v-cnt-m__c\">\n<div class=\"v-cnt-m__w v-cnt-m__w--1\">\n<p class=\"v-cnt-m__t\">\nTAMBI\u00c9N TE INTERESA\n<\/p>\n<\/div>\n<\/div>\n<\/div>\n<div class=\"v-g v-g--2-c v-g--bdr-min-xs\">\n<div class=\"v-g__c \">\n<article class=\"v-a v-a--cmp-rld v-a--cmp-rld-2 v-a--p-l\">\n<div class=\"v-a-img-c\">\n<figure class=\"v-a-fig\">\n<a href=\"https:\/\/www.mujerhoy.com\/moda\/no-te-pierdas\/vestidos-invitada-otono-invierno-llevaran-proximas-bodas-20250831145054-nt.html#vtm_modulosEngag=mod-rel:moda:noticia:1:cmp:2-not\" class=\"v-a-link\" title=\"Los vestidos de invitada de oto\u00f1o-invierno que se llevar\u00e1n en las pr\u00f3ximas bodas\"><br \/>\n<img loading=\"lazy\" class=\"v-a-img\" src=\"http:\/\/cordobainforma.info\/wp-content\/uploads\/2025\/09\/teresa-urquijo-isabel-preysler-o-tana-rivera-la-jet-set-se-reune-en-el-desfile-de-iq-collection-y-estos-son-los-mejores-looks-de-invitada-8.jpg\" alt=\"Los vestidos de invitada de oto\u00f1o-invierno que se llevar\u00e1n en las pr\u00f3ximas bodas\"><br \/>\n<\/a><br \/>\n<\/figure>\n<\/div>\n<\/article>\n<\/div>\n<div class=\"v-g__c \">\n<article class=\"v-a v-a--cmp-rld v-a--cmp-rld-2 v-a--p-l\">\n<div class=\"v-a-img-c\">\n<figure class=\"v-a-fig\">\n<a href=\"https:\/\/www.mujerhoy.com\/moda\/no-te-pierdas\/bodas-septiembre-tipo-vestidos-invitada-ladypipa-mango-20250818111904-nt.html#vtm_modulosEngag=mod-rel:moda:noticia:2:cmp:2-not\" class=\"v-a-link\" title=\"Bodas de septiembre: qu\u00e9 tipo de vestidos de invitada lucir durante este mes antes del oto\u00f1o\"><br \/>\n<img loading=\"lazy\" class=\"v-a-img\" src=\"http:\/\/cordobainforma.info\/wp-content\/uploads\/2025\/09\/teresa-urquijo-isabel-preysler-o-tana-rivera-la-jet-set-se-reune-en-el-desfile-de-iq-collection-y-estos-son-los-mejores-looks-de-invitada-9.jpg\" alt=\"Bodas de septiembre: qu\u00e9 tipo de vestidos de invitada lucir durante este mes antes del oto\u00f1o\"><br \/>\n<\/a><br \/>\n<\/figure>\n<\/div>\n<\/article>\n<\/div>\n<\/div>\n<\/div>\n<\/div>\n","protected":false},"excerpt":{"rendered":"<p>El Palacio de Liria acogi\u00f3 ayer el desfile de The IQ Collection en el que la firma present\u00f3 ante decenas de invitados la colecci\u00f3n &#8216;Goya&#8217;, que coincide con el quinto aniversario de la marca fundada por In\u00e9s Domecq. A la cita asistieron un sinf\u00edn de rostros conocidos, entre los que se encontraban mujeres como Eugenia [&hellip;]<\/p>\n","protected":false},"author":1,"featured_media":167145,"comment_status":"closed","ping_status":"closed","sticky":false,"template":"","format":"standard","meta":[],"categories":[24],"tags":[],"_links":{"self":[{"href":"http:\/\/cordobainforma.info\/index.php\/wp-json\/wp\/v2\/posts\/167144"}],"collection":[{"href":"http:\/\/cordobainforma.info\/index.php\/wp-json\/wp\/v2\/posts"}],"about":[{"href":"http:\/\/cordobainforma.info\/index.php\/wp-json\/wp\/v2\/types\/post"}],"author":[{"embeddable":true,"href":"http:\/\/cordobainforma.info\/index.php\/wp-json\/wp\/v2\/users\/1"}],"replies":[{"embeddable":true,"href":"http:\/\/cordobainforma.info\/index.php\/wp-json\/wp\/v2\/comments?post=167144"}],"version-history":[{"count":0,"href":"http:\/\/cordobainforma.info\/index.php\/wp-json\/wp\/v2\/posts\/167144\/revisions"}],"wp:featuredmedia":[{"embeddable":true,"href":"http:\/\/cordobainforma.info\/index.php\/wp-json\/wp\/v2\/media\/167145"}],"wp:attachment":[{"href":"http:\/\/cordobainforma.info\/index.php\/wp-json\/wp\/v2\/media?parent=167144"}],"wp:term":[{"taxonomy":"category","embeddable":true,"href":"http:\/\/cordobainforma.info\/index.php\/wp-json\/wp\/v2\/categories?post=167144"},{"taxonomy":"post_tag","embeddable":true,"href":"http:\/\/cordobainforma.info\/index.php\/wp-json\/wp\/v2\/tags?post=167144"}],"curies":[{"name":"wp","href":"https:\/\/api.w.org\/{rel}","templated":true}]}}