{"id":167132,"date":"2025-09-05T12:31:37","date_gmt":"2025-09-05T12:31:37","guid":{"rendered":"https:\/\/cordobainforma.info\/index.php\/2025\/09\/05\/cordoba-avanza-con-el-reporte-ciudadano-los-vecinos-podran-denunciar-autos-mal-estacionados-con-fotos-desde-el-celular\/"},"modified":"2025-09-05T12:31:37","modified_gmt":"2025-09-05T12:31:37","slug":"cordoba-avanza-con-el-reporte-ciudadano-los-vecinos-podran-denunciar-autos-mal-estacionados-con-fotos-desde-el-celular","status":"publish","type":"post","link":"http:\/\/cordobainforma.info\/index.php\/2025\/09\/05\/cordoba-avanza-con-el-reporte-ciudadano-los-vecinos-podran-denunciar-autos-mal-estacionados-con-fotos-desde-el-celular\/","title":{"rendered":"C\u00f3rdoba avanza con el \u00abreporte ciudadano\u00bb: los vecinos podr\u00e1n denunciar autos mal estacionados con fotos desde el celular"},"content":{"rendered":"<div class=\"media_block\"><\/div>\n<div><img src=\"http:\/\/cordobainforma.info\/wp-content\/uploads\/2025\/09\/cordoba-avanza-con-el-reporte-ciudadano-los-vecinos-podran-denunciar-autos-mal-estacionados-con-fotos-desde-el-celular.jpg\" class=\"ff-og-image-inserted\"><\/div>\n<p>La ciudad de C\u00f3rdoba podr\u00eda sumar en breve un nuevo mecanismo para controlar infracciones de tr\u00e1nsito: el <strong>Sistema de Reporte Ciudadano de Infracciones<\/strong>. Esta es<strong> <\/strong>una iniciativa presentada los concejales <strong>Nicol\u00e1s Piloni<\/strong> (Hacemos Unidos por C\u00f3rdoba) y <strong>Javier Fabre<\/strong> (UCR).<\/p>\n<p>La propuesta contempla que los vecinos puedan enviar <strong>fotograf\u00edas geolocalizadas <\/strong>de veh\u00edculos en infracci\u00f3n a trav\u00e9s de una <strong>aplicaci\u00f3n municipal<\/strong>. El sistema validar\u00e1 los datos con identificaci\u00f3n del denunciante y, en los casos que correspondan, permitir\u00e1 iniciar un acta digital de constataci\u00f3n.<\/p>\n<h2>Infracciones que los vecinos podr\u00e1n denunciar<\/h2>\n<p>\u00abEst\u00e1 pensado especialmente para las infracciones de estacionamiento, como el t\u00edpico caso de un <strong>veh\u00edculo que bloquea la salida de un garaje o una rampa para personas con discapacidad<\/strong>. No es algo novedoso: ya funciona en ciudades de Argentina y del mundo\u00bb, explic\u00f3 el concejal Fabre para una radio local.<\/p>\n<p class=\"destacadoNota\"><a target=\"_blank\" href=\"https:\/\/www.perfil.com\/noticias\/cordoba\/vivo-hoy-sanciona-el-senado-como-votan-los-senadores-cordobeses.phtml\" rel=\"noopener noreferrer\">El Senado repuso la emergencia en discapacidad y dej\u00f3 sin efecto un veto presidencial<\/a><\/p>\n<p>El edil subray\u00f3 que las denuncias deber\u00e1n incluir metadatos como <strong>fecha, hora y geolocalizaci\u00f3n<\/strong>, para que luego la autoridad de aplicaci\u00f3n determine si corresponde labrar la multa. \u00abMuestra tambi\u00e9n la falta de respeto que tenemos a veces entre ciudadanos\u00bb, detall\u00f3.<\/p>\n<p>Fabre consider\u00f3 que, al inicio, probablemente se registren muchas denuncias de este tipo, ya que el <strong>sistema no se limitar\u00eda \u00fanicamente a infracciones de estacionamiento<\/strong>. Sin embargo, sostuvo que la herramienta funcionar\u00e1 tambi\u00e9n como un elemento <strong>disuasorio<\/strong>: quienes hoy cometen estas faltas con impunidad, tender\u00e1n a modificar su conducta a medida que comiencen a generarse las sanciones correspondientes.<\/p>\n<h2>Accesibilidad y respuesta inmediata de las gr\u00faas<\/h2>\n<p>Fabre tambi\u00e9n destac\u00f3 que la herramienta tendr\u00e1 un efecto inmediato en la accesibilidad, y a\u00f1adi\u00f3 que la iniciativa busca ordenar la convivencia urbana en barrios donde el mal estacionamiento genera mayores conflictos, como <strong>G\u00fcemes, Nueva C\u00f3rdoba o el Centro<\/strong>.<\/p>\n<p class=\"destacadoNota\"><a target=\"_blank\" href=\"https:\/\/www.perfil.com\/noticias\/cordoba\/el-freno-de-fadea-impacta-en-pymes-cordobesas-trabaja-al-30-y-hay-contratos-por-us112-millones-sin-firmar.phtml\" rel=\"noopener noreferrer\">El freno de FAdeA impacta en pymes cordobesas: trabaja al 30% y hay contratos por US$112 millones sin firmar<\/a><\/p>\n<p>\u00abSe trata de una falta que no solo constituye la mayor cantidad de infracciones, sino que adem\u00e1s provoca malestar y <strong>afecta derechos b\u00e1sicos<\/strong>\u00ab, se\u00f1al\u00f3.<\/p>\n<h2>El camino a la transparencia<\/h2>\n<p>\u00abEste sistema determina tambi\u00e9n el modelo de ciudad al que aspiramos. No podemos seguir en la prehistoria <strong>tecnof\u00f3bica<\/strong>\u00ab, precis\u00f3 Fabre.<\/p>\n<p>Al mismo tiempo, el concejal sostuvo que la <strong>tecnolog\u00eda permite transparentar <\/strong>los procesos de control y garantizar trazabilidad no solo en el tr\u00e1nsito, sino en todo tipo de infracciones. \u00abHoy se puede hacer con la tecnolog\u00eda y me parece que hay que incorporarla, <strong>les guste a los inspectores o no les guste<\/strong>\u00ab, concluy\u00f3.<\/p>\n","protected":false},"excerpt":{"rendered":"<p>La ciudad de C\u00f3rdoba podr\u00eda sumar en breve un nuevo mecanismo para controlar infracciones de tr\u00e1nsito: el Sistema de Reporte Ciudadano de Infracciones. Esta es una iniciativa presentada los concejales Nicol\u00e1s Piloni (Hacemos Unidos por C\u00f3rdoba) y Javier Fabre (UCR). La propuesta contempla que los vecinos puedan enviar fotograf\u00edas geolocalizadas de veh\u00edculos en infracci\u00f3n a [&hellip;]<\/p>\n","protected":false},"author":1,"featured_media":167133,"comment_status":"closed","ping_status":"closed","sticky":false,"template":"","format":"standard","meta":[],"categories":[2],"tags":[],"_links":{"self":[{"href":"http:\/\/cordobainforma.info\/index.php\/wp-json\/wp\/v2\/posts\/167132"}],"collection":[{"href":"http:\/\/cordobainforma.info\/index.php\/wp-json\/wp\/v2\/posts"}],"about":[{"href":"http:\/\/cordobainforma.info\/index.php\/wp-json\/wp\/v2\/types\/post"}],"author":[{"embeddable":true,"href":"http:\/\/cordobainforma.info\/index.php\/wp-json\/wp\/v2\/users\/1"}],"replies":[{"embeddable":true,"href":"http:\/\/cordobainforma.info\/index.php\/wp-json\/wp\/v2\/comments?post=167132"}],"version-history":[{"count":0,"href":"http:\/\/cordobainforma.info\/index.php\/wp-json\/wp\/v2\/posts\/167132\/revisions"}],"wp:featuredmedia":[{"embeddable":true,"href":"http:\/\/cordobainforma.info\/index.php\/wp-json\/wp\/v2\/media\/167133"}],"wp:attachment":[{"href":"http:\/\/cordobainforma.info\/index.php\/wp-json\/wp\/v2\/media?parent=167132"}],"wp:term":[{"taxonomy":"category","embeddable":true,"href":"http:\/\/cordobainforma.info\/index.php\/wp-json\/wp\/v2\/categories?post=167132"},{"taxonomy":"post_tag","embeddable":true,"href":"http:\/\/cordobainforma.info\/index.php\/wp-json\/wp\/v2\/tags?post=167132"}],"curies":[{"name":"wp","href":"https:\/\/api.w.org\/{rel}","templated":true}]}}