{"id":167128,"date":"2025-09-05T11:33:13","date_gmt":"2025-09-05T11:33:13","guid":{"rendered":"https:\/\/cordoba.gob.ar\/?p=80783"},"modified":"2025-09-05T11:33:13","modified_gmt":"2025-09-05T11:33:13","slug":"el-parque-de-la-biodiversidad-traslado-dos-tucanes-toco-a-la-reserva-natural-horco-mollo-de-tucuman","status":"publish","type":"post","link":"http:\/\/cordobainforma.info\/index.php\/2025\/09\/05\/el-parque-de-la-biodiversidad-traslado-dos-tucanes-toco-a-la-reserva-natural-horco-mollo-de-tucuman\/","title":{"rendered":"El Parque de la Biodiversidad traslad\u00f3 dos Tucanes Toco a la Reserva Natural Horco Mollo de Tucum\u00e1n"},"content":{"rendered":"<div><img src=\"http:\/\/cordobainforma.info\/wp-content\/uploads\/2025\/09\/el-parque-de-la-biodiversidad-traslado-dos-tucanes-toco-a-la-reserva-natural-horco-mollo-de-tucuman.jpg\" class=\"ff-og-image-inserted\"><\/div>\n<ul>\n<li data-prosemirror-content-type=\"node\" data-prosemirror-node-name=\"paragraph\" data-prosemirror-node-block=\"true\" data-pm-slice=\"1 1 []\"><strong>Ambos nacieron y fueron criados de forma asistida en un ambiente controlado. <\/strong><\/li>\n<li data-prosemirror-content-type=\"node\" data-prosemirror-node-name=\"paragraph\" data-prosemirror-node-block=\"true\" data-pm-slice=\"1 1 []\"><strong>Se les ense\u00f1ar\u00e1n habilidades para sobrevivir en la naturaleza c\u00f3mo alimentarse por s\u00ed mismos, huir de depredadores y buscar refugio a los fines de lograr su posterior liberaci\u00f3n en la yunga tucumana.<\/strong><\/li>\n<\/ul>\n<hr>\n<p data-prosemirror-content-type=\"node\" data-prosemirror-node-name=\"paragraph\" data-prosemirror-node-block=\"true\">La Municipalidad de C\u00f3rdoba, a trav\u00e9s del Parque de la Biodiversidad, refuerza el proyecto de Conservaci\u00f3n exsitu del Tuc\u00e1n Grande o Toco (Ramphastos toco) con el traslado, por tercer a\u00f1o consecutivo, de dos nuevos ejemplares a la Reserva Experimental Horco Molle de Tucum\u00e1n para su rehabilitaci\u00f3n y futura liberaci\u00f3n.<\/p>\n<p data-prosemirror-content-type=\"node\" data-prosemirror-node-name=\"paragraph\" data-prosemirror-node-block=\"true\">El traslado se realiz\u00f3 en el marco del convenio de trabajo en conjunto que lleva a cabo el Parque de la Biodiversidad con la Reserva Experimental de Tucum\u00e1n, elevando a siete el n\u00famero total de tucanes transferidos a este espacio, para el refuerzo poblacional de la especie en su h\u00e1bitat natural.<\/p>\n<p data-prosemirror-content-type=\"node\" data-prosemirror-node-name=\"paragraph\" data-prosemirror-node-block=\"true\">Los dos individuos, que nacieron y crecieron bajo cuidado humano en el Parque de la Biodiversidad, fueron trasladados una vez que recibieron el alta sanitaria y conductual necesaria.<\/p>\n<p data-prosemirror-content-type=\"node\" data-prosemirror-node-name=\"paragraph\" data-prosemirror-node-block=\"true\">En la provincia vecina comenzar\u00e1n un proceso de adaptaci\u00f3n en un ambiente especialmente preparado para ellos, donde se les reforzar\u00e1 y ense\u00f1ar\u00e1 las habilidades necesarias para sobrevivir en la naturaleza y alimentarse por s\u00ed mismos, huir de depredadores y buscar refugio, habilidades que pueden adquirirse en varios meses.<\/p>\n<p data-prosemirror-content-type=\"node\" data-prosemirror-node-name=\"paragraph\" data-prosemirror-node-block=\"true\">Una vez que los tucanes sean considerados aptos para vivir en su h\u00e1bitat natural, ser\u00e1n liberados dentro de las yungas tucumanas.<\/p>\n<p data-prosemirror-content-type=\"node\" data-prosemirror-node-name=\"paragraph\" data-prosemirror-node-block=\"true\"><strong data-prosemirror-content-type=\"mark\" data-prosemirror-mark-name=\"strong\">Proyecto de conservaci\u00f3n de Tucanes Toco<\/strong><\/p>\n<p data-prosemirror-content-type=\"node\" data-prosemirror-node-name=\"paragraph\" data-prosemirror-node-block=\"true\">En el Parque de la Biodiversidad viv\u00edan en jaulas separadas desde el a\u00f1o 2017 una pareja de tucanes toco que ingresaron por decomiso, provenientes del tr\u00e1fico ilegal y que llegaron a trav\u00e9s de los \u00f3rganos de aplicaci\u00f3n.<\/p>\n<p data-prosemirror-content-type=\"node\" data-prosemirror-node-name=\"paragraph\" data-prosemirror-node-block=\"true\">En mayo de 2021, cuando el exZoo se convierte en Parque de la Biodiversidad, con sus nuevas caracter\u00edsticas se crea el \u00c1rea de Conservaci\u00f3n y ah\u00ed los especialistas deciden hacer un control sanitario de ambos animales, comprobando que se trataba de una pareja de tucanes de ambos sexos, por lo cual se decide juntarlos.<\/p>\n<p data-prosemirror-content-type=\"node\" data-prosemirror-node-name=\"paragraph\" data-prosemirror-node-block=\"true\">En el lugar, y junto a las \u00e1reas de Nutrici\u00f3n y Bienestar Animal se reacondicion\u00f3 el recinto donde vivir\u00edan ambos tucanes para mejorarles la calidad de vida, a la vez que se genera una dieta adecuada para la especie, lo que provoca la estimulaci\u00f3n y el bienestar de ambas aves, previo a su reproducci\u00f3n.<\/p>\n<p data-prosemirror-content-type=\"node\" data-prosemirror-node-name=\"paragraph\" data-prosemirror-node-block=\"true\">Al tratarse de una especie nativa de Argentina, con sus poblaciones en declive y amenazada en ciertas regiones del pa\u00eds, el \u00e1rea de Conservaci\u00f3n del Parque decidi\u00f3 sumarla a sus proyectos de conservaci\u00f3n. Para alcanzar este objetivo se contacta con la Reserva Horco Molle, quienes ven\u00edan trabajando en el Programa de Conservaci\u00f3n del Tuc\u00e1n para la provincia de Tucum\u00e1n, con el fin de sumarse al proyecto.<\/p>\n<p data-prosemirror-content-type=\"node\" data-prosemirror-node-name=\"paragraph\" data-prosemirror-node-block=\"true\">A mediados de 2022 y luego de un fallido nacimiento de tres ejemplares, se reacondiciona un nuevo espacio para los tucanes. En el nuevo recinto y, sumado a la dieta equilibrada que ya ven\u00edan recibiendo, se comenz\u00f3 a notar un cambio positivo en la condici\u00f3n corporal de ambos individuos.<\/p>\n<p data-prosemirror-content-type=\"node\" data-prosemirror-node-name=\"paragraph\" data-prosemirror-node-block=\"true\">Gracias a esos cambios, en enero de 2023 se produce una nueva puesta de huevos f\u00e9rtiles de la pareja de tucanes. Teniendo en cuenta la experiencia anterior y conociendo sobre la dificultad que tiene la especie para reproducirse bajo manejo controlado, el \u00e1rea de Conservaci\u00f3n decide retirar los huevos y pasarlos a incubadora, colaborando de este modo con en el desarrollo de los mismos.<\/p>\n<p data-prosemirror-content-type=\"node\" data-prosemirror-node-name=\"paragraph\" data-prosemirror-node-block=\"true\">De este modo, a los 20 d\u00edas se produjo el nacimiento de los 2 primeros tucanes Toco dentro del Parque de la Biodiversidad. A partir de ese momento se gener\u00f3 un equipo de trabajo especializado en la alimentaci\u00f3n de los dos pichones, llevando a cabo pesaje, registros diarios y un r\u00e9gimen de asistencia y alimentaci\u00f3n cada dos horas a trav\u00e9s de un t\u00edtere con forma de tuc\u00e1n.<\/p>\n<p data-prosemirror-content-type=\"node\" data-prosemirror-node-name=\"paragraph\" data-prosemirror-node-block=\"true\">A medida que los tucanes fueron creciendo en tama\u00f1o, se modific\u00f3 la alimentaci\u00f3n y de espacio, pasando de la nursery a un lugar m\u00e1s amplio con sitios donde posarse y ba\u00f1arse, logrando un mejor desarrollo muscular, practicando sus primeros vuelos.<\/p>\n<p data-prosemirror-content-type=\"node\" data-prosemirror-node-name=\"paragraph\" data-prosemirror-node-block=\"true\">Todo este trabajo permiti\u00f3 que a fines de 2023 los primeros dos tucanes pasaran a una nueva etapa de rehabilitaci\u00f3n en la Reserva Horco Molle ubicada en la Sierra San Javier, \u00e1rea natural protegida de la Universidad Nacional de Tucum\u00e1n (UNT) y un centro de conservaci\u00f3n, educaci\u00f3n ambiental y rehabilitaci\u00f3n de fauna silvestre, en cuya regi\u00f3n geogr\u00e1fica la especie estaba extinta desde la d\u00e9cada de los 90 y reci\u00e9n en 2011 se volvieron a avistar algunos individuos.<\/p>\n<p data-prosemirror-content-type=\"node\" data-prosemirror-node-name=\"paragraph\" data-prosemirror-node-block=\"true\">Desde ese momento, el Parque de la Biodiversidad colabora con el proyecto y cumple su objetivo de aportar individuos a programas de rehabilitaci\u00f3n y liberaci\u00f3n de Tucanes que ya se encuentran en marcha en el pa\u00eds, aprovechando los ejemplares que existen en el parque, con el fin de aumentar el \u00e9xito de estos proyectos y contribuir a la conservaci\u00f3n de esta especie en Argentina.<\/p>\n<p data-prosemirror-content-type=\"node\" data-prosemirror-node-name=\"paragraph\" data-prosemirror-node-block=\"true\">Es importante resaltar que, este proyecto de crianza ex situ constituye un hito como estrategia de conservaci\u00f3n en el Parque de la Biodiversidad, tanto a nivel provincial como nacional.<\/p>\n","protected":false},"excerpt":{"rendered":"<p>Ambos nacieron y fueron criados de forma asistida en un ambiente controlado. Se les ense\u00f1ar\u00e1n habilidades para sobrevivir en la naturaleza c\u00f3mo alimentarse por s\u00ed mismos, huir de depredadores y buscar refugio a los fines de lograr su posterior liberaci\u00f3n en la yunga tucumana. La Municipalidad de C\u00f3rdoba, a trav\u00e9s del Parque de la Biodiversidad, [&hellip;]<\/p>\n","protected":false},"author":1,"featured_media":167129,"comment_status":"closed","ping_status":"closed","sticky":false,"template":"","format":"standard","meta":[],"categories":[2],"tags":[],"_links":{"self":[{"href":"http:\/\/cordobainforma.info\/index.php\/wp-json\/wp\/v2\/posts\/167128"}],"collection":[{"href":"http:\/\/cordobainforma.info\/index.php\/wp-json\/wp\/v2\/posts"}],"about":[{"href":"http:\/\/cordobainforma.info\/index.php\/wp-json\/wp\/v2\/types\/post"}],"author":[{"embeddable":true,"href":"http:\/\/cordobainforma.info\/index.php\/wp-json\/wp\/v2\/users\/1"}],"replies":[{"embeddable":true,"href":"http:\/\/cordobainforma.info\/index.php\/wp-json\/wp\/v2\/comments?post=167128"}],"version-history":[{"count":0,"href":"http:\/\/cordobainforma.info\/index.php\/wp-json\/wp\/v2\/posts\/167128\/revisions"}],"wp:featuredmedia":[{"embeddable":true,"href":"http:\/\/cordobainforma.info\/index.php\/wp-json\/wp\/v2\/media\/167129"}],"wp:attachment":[{"href":"http:\/\/cordobainforma.info\/index.php\/wp-json\/wp\/v2\/media?parent=167128"}],"wp:term":[{"taxonomy":"category","embeddable":true,"href":"http:\/\/cordobainforma.info\/index.php\/wp-json\/wp\/v2\/categories?post=167128"},{"taxonomy":"post_tag","embeddable":true,"href":"http:\/\/cordobainforma.info\/index.php\/wp-json\/wp\/v2\/tags?post=167128"}],"curies":[{"name":"wp","href":"https:\/\/api.w.org\/{rel}","templated":true}]}}