{"id":167114,"date":"2025-09-05T10:38:03","date_gmt":"2025-09-05T10:38:03","guid":{"rendered":"https:\/\/somoscordobeses.com\/2025\/09\/05\/spj-uso-pide-implantar-la-jornada-de-tarde-en-el-juzgado-de-violencia-machista-de-cordoba\/"},"modified":"2025-09-05T10:38:03","modified_gmt":"2025-09-05T10:38:03","slug":"spj-uso-pide-implantar-la-jornada-de-tarde-en-el-juzgado-de-violencia-machista-de-cordoba","status":"publish","type":"post","link":"http:\/\/cordobainforma.info\/index.php\/2025\/09\/05\/spj-uso-pide-implantar-la-jornada-de-tarde-en-el-juzgado-de-violencia-machista-de-cordoba\/","title":{"rendered":"SPJ-USO pide implantar la jornada de tarde en el juzgado de Violencia machista de C\u00f3rdoba"},"content":{"rendered":"<div><img src=\"http:\/\/cordobainforma.info\/wp-content\/uploads\/2025\/09\/spj-uso-pide-implantar-la-jornada-de-tarde-en-el-juzgado-de-violencia-machista-de-cordoba.jpg\" class=\"ff-og-image-inserted\"><\/div>\n<p>El sindicato<strong> SPJ-USO <\/strong>ha solicitado a la <strong>Consejer\u00eda de Justicia<\/strong><strong> <\/strong>la implantaci\u00f3n de una <strong>\u00abjornada vespertina retribuida<\/strong>, con car\u00e1cter voluntario\u00bb, en el juzgado de <strong>Violencia sobre la mujer de <\/strong><strong>C\u00f3rdoba<\/strong> para aliviar su \u00absobrecarga de trabajo estructural\u00bb.<\/p>\n<p>En un escrito al que ha accedido este peri\u00f3dico, la organizaci\u00f3n lamenta que los funcionarios sufren en la actualidad<strong> \u00abprolongaciones constantes de horario sin retribuci\u00f3n espec\u00edfica\u00bb <\/strong>y detalla que esta situaci\u00f3n \u00abha obligado a una compensaci\u00f3n improvisada en forma de d\u00edas libres, que no puede considerarse adecuada ni suficiente\u00bb. En este sentido, afirma que \u00abla presi\u00f3n laboral se ha intensificado, con consecuencias evidentes para la salud de los funcionarios\u00bb.<\/p>\n<h2>Mayor carga para los juzgados<\/h2>\n<p>A este escenario se a\u00f1ade que, a partir del 1 de octubre, con la entrada en vigor de la <strong>Ley de Eficiencia Organizativa del Servicio P\u00fablico de Justicia<\/strong>, los juzgados de Violencia<strong> \u00abasumir\u00e1n m\u00e1s volumen y diversidad de delitos<\/strong>, lo que supondr\u00e1 un incremento previsible y cierto de la carga de trabajo\u00bb, recuerda SPJ-USO.<\/p>\n<p>Adem\u00e1s, previsiblemente, en 2026 el juzgado de Violencia sobre la Mujer de C\u00f3rdoba asumir\u00e1 la competencia en materia de violencia de g\u00e9nero de<strong> los partidos judiciales de <\/strong><strong>Cabra<\/strong><strong>, <\/strong><strong>Lucena<\/strong><strong> y <\/strong><strong>Pozoblanco<\/strong>, lo que supondr\u00e1 \u00abun agravamiento de la situaci\u00f3n actual de saturaci\u00f3n\u00bb.<\/p>\n<p>Por ello, el sindicato reclama un refuerzo inmediato de personal para el juzgado de Violencia sobre la mujer de C\u00f3rdoba; el establecimiento de un r\u00e9gimen de jornada vespertina retribuida, \u00abpara dar salida al volumen de asuntos sin obligar a prolongaciones gratuitas y sin regulaci\u00f3n\u00bb, y una evaluaci\u00f3n \u00aburgente\u00bb de riesgos psicosociales en este \u00f3rgano judicial.<\/p>\n","protected":false},"excerpt":{"rendered":"<p>El sindicato SPJ-USO ha solicitado a la Consejer\u00eda de Justicia la implantaci\u00f3n de una \u00abjornada vespertina retribuida, con car\u00e1cter voluntario\u00bb, en el juzgado de Violencia sobre la mujer de C\u00f3rdoba para aliviar su \u00absobrecarga de trabajo estructural\u00bb. En un escrito al que ha accedido este peri\u00f3dico, la organizaci\u00f3n lamenta que los funcionarios sufren en la [&hellip;]<\/p>\n","protected":false},"author":1,"featured_media":167115,"comment_status":"closed","ping_status":"closed","sticky":false,"template":"","format":"standard","meta":[],"categories":[2],"tags":[],"_links":{"self":[{"href":"http:\/\/cordobainforma.info\/index.php\/wp-json\/wp\/v2\/posts\/167114"}],"collection":[{"href":"http:\/\/cordobainforma.info\/index.php\/wp-json\/wp\/v2\/posts"}],"about":[{"href":"http:\/\/cordobainforma.info\/index.php\/wp-json\/wp\/v2\/types\/post"}],"author":[{"embeddable":true,"href":"http:\/\/cordobainforma.info\/index.php\/wp-json\/wp\/v2\/users\/1"}],"replies":[{"embeddable":true,"href":"http:\/\/cordobainforma.info\/index.php\/wp-json\/wp\/v2\/comments?post=167114"}],"version-history":[{"count":0,"href":"http:\/\/cordobainforma.info\/index.php\/wp-json\/wp\/v2\/posts\/167114\/revisions"}],"wp:featuredmedia":[{"embeddable":true,"href":"http:\/\/cordobainforma.info\/index.php\/wp-json\/wp\/v2\/media\/167115"}],"wp:attachment":[{"href":"http:\/\/cordobainforma.info\/index.php\/wp-json\/wp\/v2\/media?parent=167114"}],"wp:term":[{"taxonomy":"category","embeddable":true,"href":"http:\/\/cordobainforma.info\/index.php\/wp-json\/wp\/v2\/categories?post=167114"},{"taxonomy":"post_tag","embeddable":true,"href":"http:\/\/cordobainforma.info\/index.php\/wp-json\/wp\/v2\/tags?post=167114"}],"curies":[{"name":"wp","href":"https:\/\/api.w.org\/{rel}","templated":true}]}}