{"id":167112,"date":"2025-09-05T10:44:12","date_gmt":"2025-09-05T10:44:12","guid":{"rendered":"https:\/\/somoscordobeses.com\/2025\/09\/05\/moda-anti-shein-como-es-el-festival-que-propone-otra-forma-de-vestirse-en-buenos-aires\/"},"modified":"2025-09-05T10:44:12","modified_gmt":"2025-09-05T10:44:12","slug":"moda-anti-shein-como-es-el-festival-que-propone-otra-forma-de-vestirse-en-buenos-aires","status":"publish","type":"post","link":"http:\/\/cordobainforma.info\/index.php\/2025\/09\/05\/moda-anti-shein-como-es-el-festival-que-propone-otra-forma-de-vestirse-en-buenos-aires\/","title":{"rendered":"Moda anti-Shein: c\u00f3mo es el festival que propone otra forma de vestirse en Buenos Aires"},"content":{"rendered":"<div><img src=\"http:\/\/cordobainforma.info\/wp-content\/uploads\/2025\/09\/moda-anti-shein-como-es-el-festival-que-propone-otra-forma-de-vestirse-en-buenos-aires.jpg\" class=\"ff-og-image-inserted\"><\/div>\n<p>Las bolsas de pl\u00e1stico se acumulan sobre una cama. Cada una guarda una prenda distinta, reci\u00e9n llegada desde el otro lado del mundo. Una influencer sonr\u00ede a la c\u00e1mara y despliega un vestido, un pantal\u00f3n, un top. El video se sube con el hashtag #sheinhaul y en cuesti\u00f3n de minutos se multiplica por miles de visualizaciones. Esa escena, que se repite en todas las redes sociales, es la postal de <strong>un modelo que conquist\u00f3<\/strong> a millones de usuarios: el <strong>fast fashion<\/strong>.<\/p>\n<p>La moda r\u00e1pida, que Shein llev\u00f3 a su m\u00e1xima expresi\u00f3n, funciona con la l\u00f3gica de la velocidad y la abundancia. Aviones recorren el planeta cargados de peque\u00f1os paquetes, cada prenda embalada en su bolsa individual, listos para llegar desde miles de proveedores hasta decenas de millones de casas en distintos pa\u00edses. Una cadena de suministro ultrarr\u00e1pida, sostenida adem\u00e1s por algoritmos que predicen en tiempo real qu\u00e9 quiere el consumidor, garantiza que las tendencias se produzcan, se repartan y se descarten en cuesti\u00f3n de d\u00edas. El resultado:<strong> ropa ultrabarata<\/strong>, consumo compulsivo y toneladas de desechos.<\/p>\n<p>Frente a este monstruo global, en Buenos Aires crece una movida que apuesta a lo contrario: <strong>la moda sustentable<\/strong>. Una moda que se define por la producci\u00f3n responsable y el dise\u00f1o consciente. Y que este 6 de septiembre, de 11 a 18, tendr\u00e1 su propio escenario en el Festival de Moda Sostenible, una jornada gratuita y al aire libre organizada en el marco de Buenos Aires est\u00e1 de Moda impulsada por el Ministerio de Desarrollo Econ\u00f3mico de la Ciudad.<\/p>\n<p>\u201cEl Festival de Moda Sostenible es una propuesta para conocer, comprar y aprender sobre el riqu\u00edsimo universo de la moda sostenible en la Ciudad de Buenos Aires\u201d, explica Sabrina Slauscius, directora de Industrias Creativas en el Gobierno porte\u00f1o. \u201cTodas las marcas que participan tienen un <strong>enfoque \u00e9tico y ambiental<\/strong> en su cadena de valor. Pero tambi\u00e9n buscamos propuestas creativas y vanguardistas, que muestren el talento que hay en la Ciudad\u201d, manifiesta a <strong>Clar\u00edn<\/strong>.<\/p>\n<p>El play\u00f3n del Mercado de Pulgas (Alvarez Thomas y Dorrego) se transformar\u00e1 en un gran punto de encuentro donde <strong>m\u00e1s de 50 marcas y emprendedores<\/strong> exhibir\u00e1n sus dise\u00f1os. Habr\u00e1 prendas hechas con retazos, accesorios creados a partir de materiales reutilizados, colecciones enteras que proponen un ciclo m\u00e1s consciente de la ropa. Tambi\u00e9n estar\u00e1 el sector vintage con referentes como Viva Vintage, una invitaci\u00f3n a darle nueva vida a lo usado.<\/p>\n<div id=\"element-body-5\"><picture><source media=\"(min-width: 975px)\" width=\"720\" height=\"480\"><span>El Festival de Moda Sostenible surge como resistencia a una tendencia de estos tiempos.<\/span><span><\/span><\/picture><\/div>\n<p>\u201cEl sector de la moda a nivel global tiene un gran desaf\u00edo: es una de las industrias <strong>m\u00e1s contaminantes del mundo<\/strong>. Creemos que impulsar espacios como este nos potencia como ciudad, nos posiciona en el mundo como una ciudad global capaz de estar a la altura de los desaf\u00edos del futuro\u201d, remarca Slauscius.<\/p>\n<p>La jornada sumar\u00e1 talleres abiertos al p\u00fablico. La dise\u00f1adora Vero Alfie propondr\u00e1 \u00a1Customiz\u00e1 tu prenda!, un espacio para intervenir y transformar ropa propia, mientras que Flor Dacal dictar\u00e1 un Taller de reciclaje de corbatas. A eso se suma una acci\u00f3n colectiva: un tejido colaborativo que se ir\u00e1 armando durante todo el festival.<\/p>\n<p>El escenario central reunir\u00e1 a especialistas y referentes que pondr\u00e1n en palabras esta otra manera de pensar la moda. Cecilia Membrado, CEO de Renov\u00e1 tu vestidor, contar\u00e1 c\u00f3mo un negocio digital de moda circular puede transformar placares en ingresos que sostienen hogares. Sistema B Argentina dar\u00e1 su charla sobre las empresas certificadas por su impacto social y ambiental. Y las especialistas en tendencias sociales, culturales y de consumo Ximena D\u00edaz Alarc\u00f3n y Gaba Najmanovich analizar\u00e1n la moda sostenible en tiempos de crisis.<\/p>\n<div id=\"element-body-9\"><picture><source media=\"(min-width: 975px)\" width=\"720\" height=\"480\"><span>Shein, la plataforma china para comprar ropa online.<\/span><span><\/span><\/picture><\/div>\n<p>La m\u00fasica tambi\u00e9n ser\u00e1 parte de la propuesta. Vinilos en la Vereda llegar\u00e1 con su ic\u00f3nica Kombi Volkswagen T2 convertida en cabina de vinilos en vivo, para musicalizar el festival con la calidez de lo anal\u00f3gico y lo compartido.<\/p>\n<p>El compromiso ambiental atraviesa toda la jornada: el festival medir\u00e1 y compensar\u00e1 su huella de carbono, los residuos se separar\u00e1n y se aprovechar\u00e1 la luz solar. Los asistentes podr\u00e1n completar una encuesta y participar de sorteos de productos sostenibles, en una din\u00e1mica que busca tambi\u00e9n concientizar sobre el impacto de cada decisi\u00f3n de consumo.<\/p>\n<p>Mientras Shein se expande con su maquinaria aceitada de consumo veloz y desechable, en Buenos Aires se arma una contracara. Una feria al aire libre, con talleres de reciclaje, charlas sobre econom\u00eda circular y m\u00fasica desde una Kombi vintage, propone otra manera de vincularse con la ropa. Moda con prop\u00f3sito, moda anti-Shein: una invitaci\u00f3n a pensar que vestir no tiene por qu\u00e9 significar acumular bolsas de pl\u00e1stico, sino crear comunidad, cuidar el ambiente, darle otra vida a las prendas y apostar por el dise\u00f1o consciente.<\/p>\n<p><em>PS<\/em><\/p>\n","protected":false},"excerpt":{"rendered":"<p>Las bolsas de pl\u00e1stico se acumulan sobre una cama. Cada una guarda una prenda distinta, reci\u00e9n llegada desde el otro lado del mundo. Una influencer sonr\u00ede a la c\u00e1mara y despliega un vestido, un pantal\u00f3n, un top. El video se sube con el hashtag #sheinhaul y en cuesti\u00f3n de minutos se multiplica por miles de [&hellip;]<\/p>\n","protected":false},"author":1,"featured_media":167113,"comment_status":"closed","ping_status":"closed","sticky":false,"template":"","format":"standard","meta":[],"categories":[2],"tags":[],"_links":{"self":[{"href":"http:\/\/cordobainforma.info\/index.php\/wp-json\/wp\/v2\/posts\/167112"}],"collection":[{"href":"http:\/\/cordobainforma.info\/index.php\/wp-json\/wp\/v2\/posts"}],"about":[{"href":"http:\/\/cordobainforma.info\/index.php\/wp-json\/wp\/v2\/types\/post"}],"author":[{"embeddable":true,"href":"http:\/\/cordobainforma.info\/index.php\/wp-json\/wp\/v2\/users\/1"}],"replies":[{"embeddable":true,"href":"http:\/\/cordobainforma.info\/index.php\/wp-json\/wp\/v2\/comments?post=167112"}],"version-history":[{"count":0,"href":"http:\/\/cordobainforma.info\/index.php\/wp-json\/wp\/v2\/posts\/167112\/revisions"}],"wp:featuredmedia":[{"embeddable":true,"href":"http:\/\/cordobainforma.info\/index.php\/wp-json\/wp\/v2\/media\/167113"}],"wp:attachment":[{"href":"http:\/\/cordobainforma.info\/index.php\/wp-json\/wp\/v2\/media?parent=167112"}],"wp:term":[{"taxonomy":"category","embeddable":true,"href":"http:\/\/cordobainforma.info\/index.php\/wp-json\/wp\/v2\/categories?post=167112"},{"taxonomy":"post_tag","embeddable":true,"href":"http:\/\/cordobainforma.info\/index.php\/wp-json\/wp\/v2\/tags?post=167112"}],"curies":[{"name":"wp","href":"https:\/\/api.w.org\/{rel}","templated":true}]}}