{"id":167075,"date":"2025-09-04T15:41:05","date_gmt":"2025-09-04T15:41:05","guid":{"rendered":"https:\/\/somoscordobeses.com\/2025\/09\/04\/el-plante-de-feijoo-a-sanchez-pone-el-foco-en-la-presencia-de-felipe-vi\/"},"modified":"2025-09-04T15:41:05","modified_gmt":"2025-09-04T15:41:05","slug":"el-plante-de-feijoo-a-sanchez-pone-el-foco-en-la-presencia-de-felipe-vi","status":"publish","type":"post","link":"http:\/\/cordobainforma.info\/index.php\/2025\/09\/04\/el-plante-de-feijoo-a-sanchez-pone-el-foco-en-la-presencia-de-felipe-vi\/","title":{"rendered":"El plante de Feij\u00f3o a S\u00e1nchez pone el foco en la presencia de Felipe VI"},"content":{"rendered":"<div><img src=\"http:\/\/cordobainforma.info\/wp-content\/uploads\/2025\/09\/el-plante-de-feijoo-a-sanchez-pone-el-foco-en-la-presencia-de-felipe-vi.jpg\" class=\"ff-og-image-inserted\"><\/div>\n<p><strong>Alberto N\u00fa\u00f1ez<\/strong> <strong>Feij\u00f3o<\/strong>, l\u00edder del PP, no cumplir\u00e1 con la tradici\u00f3n y se ausentar\u00e1 de la apertura del a\u00f1o judicial de este viernes en Madrid. El jefe de la oposici\u00f3n ha achacado su decisi\u00f3n a las cr\u00edticas de Pedro S\u00e1nchez a los jueces y a la <strong>presencia del fiscal general del Estado, <\/strong><strong>\u00c1lvaro Garc\u00eda Ortiz<\/strong><strong>, <\/strong>procesado en el marco del fraude fiscal del novio de Isabel D\u00edaz Ayuso.<\/p>\n<p>La determinaci\u00f3n de Feij\u00f3o tiene m\u00faltiples derivadas pol\u00edticas y una afecta directamente a Felipe VI, que es quien preside el acto, como es habitual. Cuando los populares adelantaron el mi\u00e9rcoles en un comunicado la decisi\u00f3n de Feij\u00f3o de no ir al Tribunal Supremo, arguyeron como principal raz\u00f3n que Feij\u00f3o se hab\u00eda comprometido a <strong>\u00abacompa\u00f1ar\u00bb a Isabel D\u00edaz Ayuso a un acto pol\u00edtico organizado por el Gobierno de Madrid.<\/strong> Fuentes del Ejecutivo regional admitieron en privado que podr\u00edan haber cambiado la hora para evitar la coincidencia. El jueves, el l\u00edder del PP en persona, en un mensaje en X (antes Twitter), subray\u00f3 un segundo argumento para no ir al acto: el l\u00edder de los conservadores no quiere <strong>\u00abavalar\u00bb con su presencia<\/strong> que S\u00e1nchez \u00absometa\u00bb a Felipe VI \u00abal choque institucional\u00bb.<\/p>\n<p>Esta segunda idea pone el foco directamente en el Monarca, como si el Rey pudiera o quisiera plantar tambi\u00e9n al presidente del Gobierno, algo que fuentes de la Zarzuela rechazan de plano. La jefatura del Estado prefiri\u00f3 no decir nada del tuit de Feij\u00f3o. \u00abSin comentarios\u00bb, fue la respuesta a este medio de una portavoz de la instituci\u00f3n.<\/p>\n<p>Durante este reinado, si algo han intentado los dos jefes de la Casa que ha tenido Felipe VI, Jaime Alfons\u00edn y Camilo Villarino, es <strong>evitar transmitir que el actual Rey \u00abborbonea\u00bb. <\/strong>El verbo se invent\u00f3 para describir algunas acciones de Juan Carlos I con las que el exjefe de Estado influy\u00f3 en el devenir de la pol\u00edtica espa\u00f1ola.<\/p>\n<p>Felipe VI no se ha planteado estos d\u00edas en ning\u00fan momento dejar de ir al acto. Fuentes de la Zarzuela ya afirmaron el jueves que lo presidir\u00e1 porque es su \u00abobligaci\u00f3n institucional\u00bb. En la jefatura del Estado recuerdan que \u00abla justicia emana del pueblo y se administra en nombre del Rey por jueces y magistrados\u00bb, tal como est\u00e1 recogido en el <strong>art\u00edculo 1 de la ley org\u00e1nica del poder judicial.<\/strong> Adem\u00e1s, en el<strong> art\u00edculo 181<\/strong>, se establece que al inicio del a\u00f1o judicial se celebrar\u00e1 con un acto solemne en el Tribunal Supremo en el que se presentar\u00e1n la Memoria anual sobre el estado, funcionamiento y actividades de los Juzgados y Tribunales de Justicia y la Memoria anual de la Fiscal\u00eda General del Estado sobre su actividad.<\/p>\n<p>La direcci\u00f3n del PP considera que el jefe del Ejecutivo deber\u00eda haber dejado de apoyar p\u00fablicamente la continuidad de Garc\u00eda Ortiz al frente de la fiscal\u00eda del Estado tras ser <strong>investigado <\/strong>(y ahora ya estar <strong>procesado<\/strong>) por la supuesta revelaci\u00f3n de secretos en el caso de la pareja de Ayuso. Esa retirada de la confianza, seg\u00fan el PP, habr\u00eda llevado al fiscal a dimitir y Felipe VI no tendr\u00eda que haber coincidido con \u00e9l ni en la apertura del a\u00f1o judicial ni en la entrega de la Memoria de la fiscal\u00eda, el pasado mi\u00e9rcoles.<\/p>\n<h3>El antecedente<\/h3>\n<p>Es la segunda vez que Feij\u00f3o deja de acudir a una ceremonia institucional en los \u00faltimos meses y planta, entre otros, al jefe del Estado. Ya lo hizo el pasado <strong>12 de junio<\/strong>, el d\u00eda que el esc\u00e1ndalo de las mordidas del PSOE afect\u00f3 directamente al secretario de organizaci\u00f3n del partido, Santos Cerd\u00e1n, ahora en prisi\u00f3n preventiva. Aquel d\u00eda, el presidente del PP estaba invitado por la Casa del Rey a participar en el&nbsp;acto institucional que Felipe VI&nbsp;presidi\u00f3 en el <strong>Palacio Real <\/strong>para conmemorar el 40\u00ba aniversario de la entrada de Espa\u00f1a en lo que hoy se conoce como Uni\u00f3n Europea. El partido inform\u00f3 pocas horas antes del acontecimiento que no acudir\u00eda porque no se ve\u00eda \u00aben un acto compartido con el se\u00f1or S\u00e1nchez\u00bb<\/p>\n<p data-close=\"closedContent\">Suscr\u00edbete para seguir leyendo<\/p>\n","protected":false},"excerpt":{"rendered":"<p>Alberto N\u00fa\u00f1ez Feij\u00f3o, l\u00edder del PP, no cumplir\u00e1 con la tradici\u00f3n y se ausentar\u00e1 de la apertura del a\u00f1o judicial de este viernes en Madrid. El jefe de la oposici\u00f3n ha achacado su decisi\u00f3n a las cr\u00edticas de Pedro S\u00e1nchez a los jueces y a la presencia del fiscal general del Estado, \u00c1lvaro Garc\u00eda Ortiz, [&hellip;]<\/p>\n","protected":false},"author":1,"featured_media":167076,"comment_status":"closed","ping_status":"closed","sticky":false,"template":"","format":"standard","meta":[],"categories":[2],"tags":[],"_links":{"self":[{"href":"http:\/\/cordobainforma.info\/index.php\/wp-json\/wp\/v2\/posts\/167075"}],"collection":[{"href":"http:\/\/cordobainforma.info\/index.php\/wp-json\/wp\/v2\/posts"}],"about":[{"href":"http:\/\/cordobainforma.info\/index.php\/wp-json\/wp\/v2\/types\/post"}],"author":[{"embeddable":true,"href":"http:\/\/cordobainforma.info\/index.php\/wp-json\/wp\/v2\/users\/1"}],"replies":[{"embeddable":true,"href":"http:\/\/cordobainforma.info\/index.php\/wp-json\/wp\/v2\/comments?post=167075"}],"version-history":[{"count":0,"href":"http:\/\/cordobainforma.info\/index.php\/wp-json\/wp\/v2\/posts\/167075\/revisions"}],"wp:featuredmedia":[{"embeddable":true,"href":"http:\/\/cordobainforma.info\/index.php\/wp-json\/wp\/v2\/media\/167076"}],"wp:attachment":[{"href":"http:\/\/cordobainforma.info\/index.php\/wp-json\/wp\/v2\/media?parent=167075"}],"wp:term":[{"taxonomy":"category","embeddable":true,"href":"http:\/\/cordobainforma.info\/index.php\/wp-json\/wp\/v2\/categories?post=167075"},{"taxonomy":"post_tag","embeddable":true,"href":"http:\/\/cordobainforma.info\/index.php\/wp-json\/wp\/v2\/tags?post=167075"}],"curies":[{"name":"wp","href":"https:\/\/api.w.org\/{rel}","templated":true}]}}