{"id":167038,"date":"2025-09-04T13:51:37","date_gmt":"2025-09-04T13:51:37","guid":{"rendered":"http:\/\/cordobainforma.info\/index.php\/2025\/09\/04\/jeffrey-sachs-la-otan-tendria-que-haber-sido-disuelta-en-1990\/"},"modified":"2025-09-04T13:51:37","modified_gmt":"2025-09-04T13:51:37","slug":"jeffrey-sachs-la-otan-tendria-que-haber-sido-disuelta-en-1990","status":"publish","type":"post","link":"http:\/\/cordobainforma.info\/index.php\/2025\/09\/04\/jeffrey-sachs-la-otan-tendria-que-haber-sido-disuelta-en-1990\/","title":{"rendered":"Jeffrey Sachs: \u00abLa OTAN tendr\u00eda que haber sido disuelta en 1990\u00bb"},"content":{"rendered":"<p><img src=\"http:\/\/cordobainforma.info\/wp-content\/uploads\/2025\/09\/jeffrey-sachs-la-otan-tendria-que-haber-sido-disuelta-en-1990.jpg\"><\/p>\n<p>El economista estadounidense y&nbsp;experto en desarrollo sostenible <strong>Jeffrey Sachs<\/strong> afirm\u00f3&nbsp;recientemente que la OTAN tendr\u00eda que haber dejado de existir hace d\u00e9cadas, tras haber cumplido con el&nbsp;prop\u00f3sito para el cual fue creada.<\/p>\n<p>\u00ab<strong>La OTAN deber\u00eda haberse disuelto en 1990<\/strong>, cuando el presidente [de la URSS Mija\u00edl] Gorbachov disolvi\u00f3 el Pacto de Varsovia\u00bb, <a href=\"https:\/\/ria.ru\/20250831\/nato-2038614782.html\" target=\"_blank\" rel=\"noopener noreferrer\">se\u00f1al\u00f3<\/a> el experto, en declaraciones a RIA Novosti. Sachs indic\u00f3 que la Alianza Atl\u00e1ntica \u00abfue un tratado de&nbsp;defensa contra la Uni\u00f3n Sovi\u00e9tica, que ya no existe\u00bb. \u00ab<strong>En ese sentido, la OTAN ciertamente ha sobrevivido a su funci\u00f3n<\/strong>\u00ab, remarc\u00f3.<\/p>\n<div class=\"ReadMore-root Section-root Section-is1to3-xs_is1to1\" data-widgets=\"ReadMore\">\n<div class=\"Section-container Section-isRow-isTop-isWrap\">\n<article class=\"Card-root Card-is1to1 Card-default \">\n<div class=\"Card-imageWrap\">\n<div class=\"Card-picture\"> <picture class=\"Picture-root Picture-default\"><!--[if IE 9]><video style=\"display: none;\"><![endif]--><source media=\"(-webkit-min-device-pixel-ratio: 2) and (min-resolution: 120dpi)\" srcset=\"http:\/\/cordobainforma.info\/wp-content\/uploads\/2025\/09\/jeffrey-sachs-la-otan-tendria-que-haber-sido-disuelta-en-1990-2.jpg 850w, http:\/\/cordobainforma.info\/wp-content\/uploads\/2025\/09\/jeffrey-sachs-la-otan-tendria-que-haber-sido-disuelta-en-1990-3.jpg 1960w\"><source srcset=\"http:\/\/cordobainforma.info\/wp-content\/uploads\/2025\/09\/jeffrey-sachs-la-otan-tendria-que-haber-sido-disuelta-en-1990-2.jpg, https:\/\/actualidad.rt.com\/actualidad\/460, http:\/\/cordobainforma.info\/wp-content\/uploads\/2025\/09\/jeffrey-sachs-la-otan-tendria-que-haber-sido-disuelta-en-1990-3.jpg 980w\"><!--[if IE 9]><\/video><![endif]--><img data-sizes=\"auto\" src=\"http:\/\/cordobainforma.info\/wp-content\/uploads\/2025\/09\/jeffrey-sachs-la-otan-tendria-que-haber-sido-disuelta-en-1990-2.jpg\" class=\"Picture-root Picture-default lazyload\" alt=\"La OTAN: c\u00f3mo es el mayor bloque militar del mundo y por qu\u00e9 est\u00e1 en lucha con Rusia\"><\/picture><!-- noscript pattern --><noscript><img src=\"http:\/\/cordobainforma.info\/wp-content\/uploads\/2025\/09\/jeffrey-sachs-la-otan-tendria-que-haber-sido-disuelta-en-1990-3.jpg\" alt=\"La OTAN: c\u00f3mo es el mayor bloque militar del mundo y por qu\u00e9 est\u00e1 en lucha con Rusia\"><\/noscript> <\/div><\/div>\n<\/article><\/div><\/div>\n<p>Sachs destac\u00f3 que actualmente el bloque militar \u00abse ha convertido en <strong>una herramienta&nbsp;de la expansi\u00f3n del poder estadounidense<\/strong>, que no es lo que deber\u00eda ser la OTAN\u00bb.<\/p>\n<h3>Rusia no quiere a la OTAN en sus fronteras<\/h3>\n<p>Por su parte, Mosc\u00fa siempre&nbsp;<a href=\"https:\/\/actualidad.rt.com\/actualidad\/501111-rusia-califica-provocativos-ejercicios-otan\" target=\"_blank\" rel=\"nofollow noopener noreferrer\">ha calificado<\/a>&nbsp;de \u00abprovocativos\u00bb los ejercicios que la OTAN celebra cerca de su frontera y ha denunciado que estos&nbsp;<strong>aumentan el riesgo de incidentes militares<\/strong>.&nbsp;Adem\u00e1s,&nbsp;<a href=\"https:\/\/actualidad.rt.com\/actualidad\/499194-putin-negativa-kiev-cumplir-acuerdos-minsk-desencadenante-conflicto\" target=\"_blank\" rel=\"nofollow noopener noreferrer\">ha manifestado<\/a>&nbsp;en m\u00faltiples ocasiones que considera&nbsp;la continua expansi\u00f3n del bloque hacia el este como una grave amenaza a su seguridad nacional.<\/p>\n<p>En una entrevista con NBC en 2021, el presidente ruso, Vlad\u00edmir Putin,&nbsp;<a href=\"https:\/\/actualidad.rt.com\/actualidad\/395082-putin-lamentar-otan-no-cumplir-promesa-no-expandirse-este\" target=\"_blank\" rel=\"nofollow noopener noreferrer\">sugiri\u00f3<\/a>&nbsp;imaginar cu\u00e1l ser\u00eda la reacci\u00f3n de Estados Unidos si Rusia se comportara de la misma manera. \u00ab\u00bfPor qu\u00e9 era necesario expandir la OTAN hacia el este,&nbsp;<strong>acercar su infraestructura a nuestras fronteras<\/strong>? Y ustedes dicen que somos nosotros los que nos comportamos agresivamente. \u00bfPor qu\u00e9?\u00bb, dijo. \u00abImaginemos que envi\u00e1semos nuestras tropas a la cercan\u00eda inmediata de sus fronteras, \u00bfc\u00f3mo reaccionar\u00edan ustedes? Nosotros no lo hicimos, estamos en nuestro territorio\u00bb, agreg\u00f3.<\/p>\n<p><strong><em>Para saber c\u00f3mo la OTAN se acerc\u00f3 a Rusia, violando sus promesas y desestabilizando la situaci\u00f3n en Europa, lea&nbsp;<a href=\"https:\/\/actualidad.rt.com\/a-fondo\/540947-otan-acercarse-rusia-violar-promesas-desestabilizar-europa\" target=\"_blank\" rel=\"noopener noreferrer\">esta nota<\/a><\/em><\/strong><\/p>\n","protected":false},"excerpt":{"rendered":"<p>El economista estadounidense y&nbsp;experto en desarrollo sostenible Jeffrey Sachs afirm\u00f3&nbsp;recientemente que la OTAN tendr\u00eda que haber dejado de existir hace d\u00e9cadas, tras haber cumplido con el&nbsp;prop\u00f3sito para el cual fue creada. \u00abLa OTAN deber\u00eda haberse disuelto en 1990, cuando el presidente [de la URSS Mija\u00edl] Gorbachov disolvi\u00f3 el Pacto de Varsovia\u00bb, se\u00f1al\u00f3 el experto, en [&hellip;]<\/p>\n","protected":false},"author":1,"featured_media":167039,"comment_status":"closed","ping_status":"closed","sticky":false,"template":"","format":"standard","meta":[],"categories":[22],"tags":[],"_links":{"self":[{"href":"http:\/\/cordobainforma.info\/index.php\/wp-json\/wp\/v2\/posts\/167038"}],"collection":[{"href":"http:\/\/cordobainforma.info\/index.php\/wp-json\/wp\/v2\/posts"}],"about":[{"href":"http:\/\/cordobainforma.info\/index.php\/wp-json\/wp\/v2\/types\/post"}],"author":[{"embeddable":true,"href":"http:\/\/cordobainforma.info\/index.php\/wp-json\/wp\/v2\/users\/1"}],"replies":[{"embeddable":true,"href":"http:\/\/cordobainforma.info\/index.php\/wp-json\/wp\/v2\/comments?post=167038"}],"version-history":[{"count":0,"href":"http:\/\/cordobainforma.info\/index.php\/wp-json\/wp\/v2\/posts\/167038\/revisions"}],"wp:featuredmedia":[{"embeddable":true,"href":"http:\/\/cordobainforma.info\/index.php\/wp-json\/wp\/v2\/media\/167039"}],"wp:attachment":[{"href":"http:\/\/cordobainforma.info\/index.php\/wp-json\/wp\/v2\/media?parent=167038"}],"wp:term":[{"taxonomy":"category","embeddable":true,"href":"http:\/\/cordobainforma.info\/index.php\/wp-json\/wp\/v2\/categories?post=167038"},{"taxonomy":"post_tag","embeddable":true,"href":"http:\/\/cordobainforma.info\/index.php\/wp-json\/wp\/v2\/tags?post=167038"}],"curies":[{"name":"wp","href":"https:\/\/api.w.org\/{rel}","templated":true}]}}