{"id":167030,"date":"2025-09-04T11:18:45","date_gmt":"2025-09-04T11:18:45","guid":{"rendered":"https:\/\/www.mujerhoy.com\/moda\/no-te-pierdas\/vestidos-invitada-especiales-boda-otono-mas-bonitos-20250904120627-nt.html"},"modified":"2025-09-04T11:18:45","modified_gmt":"2025-09-04T11:18:45","slug":"si-tienes-una-boda-en-otono-estos-son-los-vestidos-de-invitada-mas-especiales-que-merece-la-pena-tener-en-el-radar","status":"publish","type":"post","link":"http:\/\/cordobainforma.info\/index.php\/2025\/09\/04\/si-tienes-una-boda-en-otono-estos-son-los-vestidos-de-invitada-mas-especiales-que-merece-la-pena-tener-en-el-radar\/","title":{"rendered":"Si tienes una boda en oto\u00f1o, estos son los vestidos de invitada m\u00e1s especiales que merece la pena tener en el radar"},"content":{"rendered":"<div class=\"media_block\"><\/div>\n<p><!-- AUTHOR --><\/p>\n<div class=\"voc-author-timesocial \">\n<!-- AUTHOR --><\/p>\n<div class=\"voc-author-timesocial__signature \">\n<!-- IMAGE AUTHOR -->\n<picture class=\"voc-image-signature\">\n<img class=\"voc-image-signature__img\" src=\"http:\/\/cordobainforma.info\/wp-content\/uploads\/2025\/09\/si-tienes-una-boda-en-otono-estos-son-los-vestidos-de-invitada-mas-especiales-que-merece-la-pena-tener-en-el-radar.jpg\" alt=\"Elena Romero Vargas\">\n<\/picture>\n<!-- INFO AUTHOR --> <\/div><\/div>\n<p><!-- COMPONENTS --><\/p>\n<p class=\"voc-paragraph\">Las bodas de oto\u00f1o tienen un halo especial que bien merece acompa\u00f1ar con <strong>estilismos de invitada a la altura<\/strong>. Encontrar un <a href=\"https:\/\/www.mujerhoy.com\/moda\/no-te-pierdas\/bodas-otono-llenaran-vestidos-marron-chocolate-bodas-20250823132016-nt.html\" data-voc-vtm-id=\"in-text-traffic\" title=\"vestido de invitada de entretiempo\" data-mrf-link=\"www.mujerhoy.com\">vestido de invitada de entretiempo<\/a> es, en realidad, m\u00e1s sencillo de lo que parece, pues seg\u00fan el tipo de boda o el clima del d\u00eda del evento puedes jugar de una forma u otra con los complementos y adecuarlo a la situaci\u00f3n.<\/p>\n<p class=\"voc-paragraph\">Pero, puestos a elegir un look de invitada digno de estas bodas tan m\u00e1gicas, lo mejor es decantarse por <strong>vestidos especiales y con presencia<\/strong> que se valgan por s\u00ed solos. Eso s\u00ed, si ya tienes una fecha en mente para la que buscar look, es esencial que antes de decantarte por uno tengas el cuenta todos los factores que ya te hemos citado y, por supuesto, el <a href=\"https:\/\/www.mujerhoy.com\/moda\/no-te-pierdas\/normas-protocolo-invitada-boda-otono-2024-20240919131116-nt.html\" data-voc-vtm-id=\"in-text-traffic\" title=\"protocolo habitual de este tipo de celebraciones\" data-mrf-link=\"www.mujerhoy.com\">protocolo habitual de este tipo de celebraciones<\/a>.<\/p>\n<p class=\"voc-paragraph\">Dicho esto, si tienes la suerte de asistir a una de estas fiestas del amor en los pr\u00f3ximos meses, toma nota, porque te traemos <strong>los vestidos de invitadas m\u00e1s bonitos del momento<\/strong>. Desde las propuestas m\u00e1s sencillas para aquellas con un gusto m\u00e1s cl\u00e1sico hasta opciones en el que el volumen y los estampados son los grandes protagonistas.<\/p>\n<div class=\"v-c-cmp \">\n<div class=\"v-cmp-m v-cmp-m--t1\">\n<article class=\"v-a v-a--cmp-m v-c-cmp--m-p\">\n<div class=\"v-a-img-c v-a-img-c--fw-xs\">\n<div class=\"v-a-fig\">\n<div class=\"v-a-link\">\n<img loading=\"lazy\" src=\"http:\/\/cordobainforma.info\/wp-content\/uploads\/2025\/09\/si-tienes-una-boda-en-otono-estos-son-los-vestidos-de-invitada-mas-especiales-que-merece-la-pena-tener-en-el-radar-1.jpg\" class=\"v-a-img\" width=\"650\" height=\"975\" alt=\"Vestido Enigm\u00e1tica (199\u20ac)\" data-voc-vtm-id=\"in-text-traffic\">\n<\/div><figcaption class=\"v-fc\">\n<span class=\"v-fc__t\"><br \/>\nVestido Enigm\u00e1tica (199\u20ac)<br \/>\n<\/span><br \/>\n<span class=\"v-fc__p\"><br \/>\nVanderwilde<br \/>\n<\/span><br \/>\n<\/figcaption><\/div>\n<\/div>\n<\/article>\n<\/div>\n<\/div>\n<p><h3 class=\"v-cmp-suh\">\nVanderwilde<br \/>\n<\/h3>\n<\/p>\n<p class=\"voc-paragraph\">La firma sevillana Vanderwilde tiene la opci\u00f3n que va a conquistar a las amantes del boho chic: un <strong>vestido de gasa, largo y estampado<\/strong> en tonos de lo m\u00e1s oto\u00f1ales que es perfecto para una boda de d\u00eda o un evento civil. Adem\u00e1s, es un vestido reversible que permite llevarlo con escote de pico o redondo, seg\u00fan el gusto. De l\u00edneas vaporosas, femenino y precioso, es la propuesta perfecta para aquellas que quieran apostar por la comodidad sin renunciar a la elegancia.<\/p>\n<div class=\"v-c-cmp \">\n<div class=\"v-cmp-m v-cmp-m--t1\">\n<article class=\"v-a v-a--cmp-m v-c-cmp--m-p\">\n<div class=\"v-a-img-c v-a-img-c--fw-xs\">\n<div class=\"v-a-fig\">\n<div class=\"v-a-link\">\n<img loading=\"lazy\" src=\"http:\/\/cordobainforma.info\/wp-content\/uploads\/2025\/09\/si-tienes-una-boda-en-otono-estos-son-los-vestidos-de-invitada-mas-especiales-que-merece-la-pena-tener-en-el-radar-2.jpg\" class=\"v-a-img\" width=\"650\" height=\"975\" alt=\"Vestido Georgina Verde (229,99\u20ac)\" data-voc-vtm-id=\"in-text-traffic\">\n<\/div><figcaption class=\"v-fc\">\n<span class=\"v-fc__t\"><br \/>\nVestido Georgina Verde (229,99\u20ac)<br \/>\n<\/span><br \/>\n<span class=\"v-fc__p\"><br \/>\nMiphai<br \/>\n<\/span><br \/>\n<\/figcaption><\/div>\n<\/div>\n<\/article>\n<\/div>\n<\/div>\n<p><h3 class=\"v-cmp-suh\">\nMiphai<br \/>\n<\/h3>\n<\/p>\n<p class=\"voc-paragraph\">Aquellas que est\u00e9n buscando un vestido elegante y con mucha presencia tienen que fichar esta propuesta de Miphai en uno de los colores del momento, el verde oliva. Un <strong>vestido largo y satinado<\/strong>, con tirante fino y capa y bajo con volantes que estiliza la figura y que no puede ser m\u00e1s acertado para eventos en esta \u00e9poca del a\u00f1o.<\/p>\n<div class=\"v-c-cmp \">\n<div class=\"v-cmp-m v-cmp-m--t1\">\n<article class=\"v-a v-a--cmp-m v-c-cmp--m-p\">\n<div class=\"v-a-img-c v-a-img-c--fw-xs\">\n<div class=\"v-a-fig\">\n<div class=\"v-a-link\">\n<img loading=\"lazy\" src=\"http:\/\/cordobainforma.info\/wp-content\/uploads\/2025\/09\/si-tienes-una-boda-en-otono-estos-son-los-vestidos-de-invitada-mas-especiales-que-merece-la-pena-tener-en-el-radar-3.jpg\" class=\"v-a-img\" width=\"650\" height=\"975\" alt=\"Vestido Valle Verde (64,95\u20ac)\" data-voc-vtm-id=\"in-text-traffic\">\n<\/div><figcaption class=\"v-fc\">\n<span class=\"v-fc__t\"><br \/>\nVestido Valle Verde (64,95\u20ac)<br \/>\n<\/span><br \/>\n<span class=\"v-fc__p\"><br \/>\nClout\u00e9<br \/>\n<\/span><br \/>\n<\/figcaption><\/div>\n<\/div>\n<\/article>\n<\/div>\n<\/div>\n<p><h3 class=\"v-cmp-suh\">\nClout\u00e9<br \/>\n<\/h3>\n<\/p>\n<p class=\"voc-paragraph\">El vestido de invitada perfecto para los d\u00edas m\u00e1s fr\u00edos est\u00e1 en Clout\u00e9. Se trata de un <strong>dise\u00f1o midi, con estampado de hojas y lazada al cuello<\/strong> que ayuda a que la figura se vea m\u00e1s estilizada. Es una propuesta cl\u00e1sica pero de lo m\u00e1s chic que no puede ser m\u00e1s acertada para esta \u00e9poca del a\u00f1o. Adem\u00e1s, sus mangas ligeramente abullonadas y la abertura en la pierna le dan cierto aire juvenil a la prenda sin que pierda su elegancia principal.<\/p>\n<div class=\"v-c-cmp \">\n<div class=\"v-cmp-m v-cmp-m--t1\">\n<article class=\"v-a v-a--cmp-m v-c-cmp--m-p\">\n<div class=\"v-a-img-c v-a-img-c--fw-xs\">\n<div class=\"v-a-fig\">\n<div class=\"v-a-link\">\n<img loading=\"lazy\" src=\"http:\/\/cordobainforma.info\/wp-content\/uploads\/2025\/09\/si-tienes-una-boda-en-otono-estos-son-los-vestidos-de-invitada-mas-especiales-que-merece-la-pena-tener-en-el-radar-4.jpg\" class=\"v-a-img\" width=\"650\" height=\"975\" alt=\"Vestido asim\u00e9trico tirante nudo (59,99\u20ac)\" data-voc-vtm-id=\"in-text-traffic\">\n<\/div><figcaption class=\"v-fc\">\n<span class=\"v-fc__t\"><br \/>\nVestido asim\u00e9trico tirante nudo (59,99\u20ac)<br \/>\n<\/span><br \/>\n<span class=\"v-fc__p\"><br \/>\nMango<br \/>\n<\/span><br \/>\n<\/figcaption><\/div>\n<\/div>\n<\/article>\n<\/div>\n<\/div>\n<p><h3 class=\"v-cmp-suh\">\nMango<br \/>\n<\/h3>\n<\/p>\n<p class=\"voc-paragraph\">No podemos hablar de vestidos de invitada de oto\u00f1o sin mencionar los vestidos en <a href=\"https:\/\/www.mujerhoy.com\/moda\/tendencias\/como-llevar-color-marron-chocolate-tendencia-otono-truco-estilo-mujeres-50-anos-20241025131329-nt.html\" data-voc-vtm-id=\"in-text-traffic\" title=\"marr\u00f3n chocolate\" data-mrf-link=\"www.mujerhoy.com\">marr\u00f3n chocolate<\/a>, otro de los colores por excelencia del momento. En Mango hemos encontrado el vestido que lo tiene todo para convertirse en la opci\u00f3n de cabecera de las chicas con un gusto m\u00e1s sencillo: un <strong>dise\u00f1o largo, con escote asim\u00e9trico y detalle de nudo<\/strong> en el hombro perfecto para llevar en una boda de noche con complementos dorados en un look tan sencillo como acertado.<\/p>\n<div class=\"v-c-cmp \">\n<div class=\"v-cmp-m v-cmp-m--t1\">\n<article class=\"v-a v-a--cmp-m v-c-cmp--m-p\">\n<div class=\"v-a-img-c v-a-img-c--fw-xs\">\n<div class=\"v-a-fig\">\n<div class=\"v-a-link\">\n<img loading=\"lazy\" src=\"http:\/\/cordobainforma.info\/wp-content\/uploads\/2025\/09\/si-tienes-una-boda-en-otono-estos-son-los-vestidos-de-invitada-mas-especiales-que-merece-la-pena-tener-en-el-radar-5.jpg\" class=\"v-a-img\" width=\"650\" height=\"975\" alt data-voc-vtm-id=\"in-text-traffic\">\n<\/div>\n<\/div>\n<\/div>\n<\/article>\n<\/div>\n<\/div>\n<p><h3 class=\"v-cmp-suh\">\nIQ Collection<br \/>\n<\/h3>\n<\/p>\n<p class=\"voc-paragraph\">IQ Collection se ha posicinado como la marca de invitadas favorita de aquellas que llevan la elegancia cl\u00e1sica y el gusto por los dise\u00f1os geom\u00e9tricos por bandera. Uno de sus mejores ejemplos que, adem\u00e1s, es una gran opci\u00f3n para bodas de esta temporada, es este <strong>vestido asim\u00e9trico en verde esmeralda<\/strong>, un dise\u00f1o de Roberto Diz IQ Collection. El dise\u00f1o de manga larga y falda en A rompe con una gasa en diagonal en color beige y el cintur\u00f3n que define la silueta, dando como resultado una propuesta preciosa y de lo m\u00e1s original.<\/p>\n<div class=\"v-c-cmp \">\n<div class=\"v-cmp-m v-cmp-m--t1\">\n<article class=\"v-a v-a--cmp-m v-c-cmp--m-p\">\n<div class=\"v-a-img-c v-a-img-c--fw-xs\">\n<div class=\"v-a-fig\">\n<div class=\"v-a-link\">\n<img loading=\"lazy\" src=\"http:\/\/cordobainforma.info\/wp-content\/uploads\/2025\/09\/si-tienes-una-boda-en-otono-estos-son-los-vestidos-de-invitada-mas-especiales-que-merece-la-pena-tener-en-el-radar-6.jpg\" class=\"v-a-img\" width=\"650\" height=\"975\" alt data-voc-vtm-id=\"in-text-traffic\">\n<\/div>\n<\/div>\n<\/div>\n<\/article>\n<\/div>\n<\/div>\n<p><h3 class=\"v-cmp-suh\">\nRedondo Brand<br \/>\n<\/h3>\n<\/p>\n<p class=\"voc-paragraph\">Este vestido largo de Redondo Brand nos parece un acierto seguro para cualquier tipo de bodas de la temporada. Combina el <strong>escote palabra de honor con peplum y con falda en jacquard<\/strong>, todo ello en un precioso color violeta muy sofisticado y perfecto para combinar con esas joyas que tienes reservada para las citas m\u00e1s especiales.<\/p>\n<div class=\"v-c-cmp v-c-cmp--t1 \">\n<div class=\"v-cmp-rld v-cmp-rld--2 \">\n<div class=\"v-cnt-m v-cnt-m--m\">\n<div class=\"v-cnt-m__c\">\n<div class=\"v-cnt-m__w v-cnt-m__w--1\">\n<p class=\"v-cnt-m__t\">\nNO TE PIERDAS\n<\/p>\n<\/div>\n<\/div>\n<\/div>\n<div class=\"v-g v-g--2-c v-g--bdr-min-xs\">\n<div class=\"v-g__c \">\n<article class=\"v-a v-a--cmp-rld v-a--cmp-rld-2 v-a--p-l\">\n<div class=\"v-a-img-c\">\n<figure class=\"v-a-fig\">\n<a href=\"https:\/\/www.mujerhoy.com\/moda\/no-te-pierdas\/vestidos-invitada-mejor-vestida-entretiempo-otono-20241002125317-nt.html#vtm_modulosEngag=mod-rel:moda:noticia:1:cmp:2-not\" class=\"v-a-link\" title=\"Estos son los 8 vestidos de invitada que me tienen obsesionada y son perfectos si tienes una boda este oto\u00f1o\"><br \/>\n<img loading=\"lazy\" class=\"v-a-img\" src=\"http:\/\/cordobainforma.info\/wp-content\/uploads\/2025\/09\/si-tienes-una-boda-en-otono-estos-son-los-vestidos-de-invitada-mas-especiales-que-merece-la-pena-tener-en-el-radar-7.jpg\" alt=\"Estos son los 8 vestidos de invitada que me tienen obsesionada y son perfectos si tienes una boda este oto\u00f1o\"><br \/>\n<\/a><br \/>\n<\/figure>\n<\/div>\n<\/article>\n<\/div>\n<div class=\"v-g__c \">\n<article class=\"v-a v-a--cmp-rld v-a--cmp-rld-2 v-a--p-l\">\n<div class=\"v-a-img-c\">\n<figure class=\"v-a-fig\">\n<a href=\"https:\/\/www.mujerhoy.com\/moda\/no-te-pierdas\/sassa-osma-invitada-otono-vestido-terciopelo-bodas-20240924100415-nt.html#vtm_modulosEngag=mod-rel:moda:noticia:2:cmp:2-not\" class=\"v-a-link\" title=\"Sassa de Osma se convierte en la mejor invitada del oto\u00f1o con este vestido de terciopelo verde\"><br \/>\n<img loading=\"lazy\" class=\"v-a-img\" src=\"http:\/\/cordobainforma.info\/wp-content\/uploads\/2025\/09\/si-tienes-una-boda-en-otono-estos-son-los-vestidos-de-invitada-mas-especiales-que-merece-la-pena-tener-en-el-radar-8.jpg\" alt=\"Sassa de Osma se convierte en la mejor invitada del oto\u00f1o con este vestido de terciopelo verde\"><br \/>\n<\/a><br \/>\n<\/figure>\n<\/div>\n<\/article>\n<\/div>\n<\/div>\n<\/div>\n<\/div>\n","protected":false},"excerpt":{"rendered":"<p>Las bodas de oto\u00f1o tienen un halo especial que bien merece acompa\u00f1ar con estilismos de invitada a la altura. Encontrar un vestido de invitada de entretiempo es, en realidad, m\u00e1s sencillo de lo que parece, pues seg\u00fan el tipo de boda o el clima del d\u00eda del evento puedes jugar de una forma u otra [&hellip;]<\/p>\n","protected":false},"author":1,"featured_media":167031,"comment_status":"closed","ping_status":"closed","sticky":false,"template":"","format":"standard","meta":[],"categories":[24],"tags":[],"_links":{"self":[{"href":"http:\/\/cordobainforma.info\/index.php\/wp-json\/wp\/v2\/posts\/167030"}],"collection":[{"href":"http:\/\/cordobainforma.info\/index.php\/wp-json\/wp\/v2\/posts"}],"about":[{"href":"http:\/\/cordobainforma.info\/index.php\/wp-json\/wp\/v2\/types\/post"}],"author":[{"embeddable":true,"href":"http:\/\/cordobainforma.info\/index.php\/wp-json\/wp\/v2\/users\/1"}],"replies":[{"embeddable":true,"href":"http:\/\/cordobainforma.info\/index.php\/wp-json\/wp\/v2\/comments?post=167030"}],"version-history":[{"count":0,"href":"http:\/\/cordobainforma.info\/index.php\/wp-json\/wp\/v2\/posts\/167030\/revisions"}],"wp:featuredmedia":[{"embeddable":true,"href":"http:\/\/cordobainforma.info\/index.php\/wp-json\/wp\/v2\/media\/167031"}],"wp:attachment":[{"href":"http:\/\/cordobainforma.info\/index.php\/wp-json\/wp\/v2\/media?parent=167030"}],"wp:term":[{"taxonomy":"category","embeddable":true,"href":"http:\/\/cordobainforma.info\/index.php\/wp-json\/wp\/v2\/categories?post=167030"},{"taxonomy":"post_tag","embeddable":true,"href":"http:\/\/cordobainforma.info\/index.php\/wp-json\/wp\/v2\/tags?post=167030"}],"curies":[{"name":"wp","href":"https:\/\/api.w.org\/{rel}","templated":true}]}}