{"id":167016,"date":"2025-09-03T20:42:46","date_gmt":"2025-09-03T20:42:46","guid":{"rendered":"https:\/\/cordobainforma.info\/index.php\/2025\/09\/03\/elecciones-2025-en-vivo-juan-schiaretti-lanzo-la-lista-de-provincias-unidas-en-cordoba\/"},"modified":"2025-09-03T20:42:46","modified_gmt":"2025-09-03T20:42:46","slug":"elecciones-2025-en-vivo-juan-schiaretti-lanzo-la-lista-de-provincias-unidas-en-cordoba","status":"publish","type":"post","link":"http:\/\/cordobainforma.info\/index.php\/2025\/09\/03\/elecciones-2025-en-vivo-juan-schiaretti-lanzo-la-lista-de-provincias-unidas-en-cordoba\/","title":{"rendered":"Elecciones 2025, en vivo: Juan Schiaretti lanz\u00f3 la lista de Provincias Unidas en C\u00f3rdoba"},"content":{"rendered":"<div class=\"field field-name-body field-type-text-with-summary field-label-hidden\">\n<div class=\"field-items\" readability=\"8\">\n<div class=\"field-item even\" property=\"content:encoded\" readability=\"11\">\n<p>En medio de la tensi\u00f3n pol\u00edtica por el esc\u00e1ndalo de los audios sobre las coimas, los candidatos que se presentan a las urnas el 7 de septiembre y el 26 de octubre continuaron hoy con su agenda de campa\u00f1a. En la provincia de Buenos Aires, es el \u00faltimo fin de semana para conseguir el voto<\/p>\n<\/div>\n<\/div>\n<\/div>\n<div class=\"field field-name-field-link field-type-link-field field-label-above\" readability=\"5.5151515151515\">\n<p>Lee la nota completa en:&nbsp;<\/p>\n<\/div>\n","protected":false},"excerpt":{"rendered":"<p>En medio de la tensi\u00f3n pol\u00edtica por el esc\u00e1ndalo de los audios sobre las coimas, los candidatos que se presentan a las urnas el 7 de septiembre y el 26 de octubre continuaron hoy con su agenda de campa\u00f1a. En la provincia de Buenos Aires, es el \u00faltimo fin de semana para conseguir el voto [&hellip;]<\/p>\n","protected":false},"author":1,"featured_media":167017,"comment_status":"closed","ping_status":"closed","sticky":false,"template":"","format":"standard","meta":[],"categories":[2],"tags":[],"_links":{"self":[{"href":"http:\/\/cordobainforma.info\/index.php\/wp-json\/wp\/v2\/posts\/167016"}],"collection":[{"href":"http:\/\/cordobainforma.info\/index.php\/wp-json\/wp\/v2\/posts"}],"about":[{"href":"http:\/\/cordobainforma.info\/index.php\/wp-json\/wp\/v2\/types\/post"}],"author":[{"embeddable":true,"href":"http:\/\/cordobainforma.info\/index.php\/wp-json\/wp\/v2\/users\/1"}],"replies":[{"embeddable":true,"href":"http:\/\/cordobainforma.info\/index.php\/wp-json\/wp\/v2\/comments?post=167016"}],"version-history":[{"count":0,"href":"http:\/\/cordobainforma.info\/index.php\/wp-json\/wp\/v2\/posts\/167016\/revisions"}],"wp:featuredmedia":[{"embeddable":true,"href":"http:\/\/cordobainforma.info\/index.php\/wp-json\/wp\/v2\/media\/167017"}],"wp:attachment":[{"href":"http:\/\/cordobainforma.info\/index.php\/wp-json\/wp\/v2\/media?parent=167016"}],"wp:term":[{"taxonomy":"category","embeddable":true,"href":"http:\/\/cordobainforma.info\/index.php\/wp-json\/wp\/v2\/categories?post=167016"},{"taxonomy":"post_tag","embeddable":true,"href":"http:\/\/cordobainforma.info\/index.php\/wp-json\/wp\/v2\/tags?post=167016"}],"curies":[{"name":"wp","href":"https:\/\/api.w.org\/{rel}","templated":true}]}}