{"id":167014,"date":"2025-09-03T22:46:54","date_gmt":"2025-09-03T22:46:54","guid":{"rendered":"https:\/\/cordoba.gob.ar\/?p=80780"},"modified":"2025-09-03T22:46:54","modified_gmt":"2025-09-03T22:46:54","slug":"cordoba-se-suma-a-la-red-iberoamericana-de-municipios-por-las-infancias","status":"publish","type":"post","link":"http:\/\/cordobainforma.info\/index.php\/2025\/09\/03\/cordoba-se-suma-a-la-red-iberoamericana-de-municipios-por-las-infancias\/","title":{"rendered":"C\u00f3rdoba se suma a la Red Iberoamericana de Municipios por las Infancias"},"content":{"rendered":"<div><img src=\"http:\/\/cordobainforma.info\/wp-content\/uploads\/2025\/09\/cordoba-se-suma-a-la-red-iberoamericana-de-municipios-por-las-infancias.jpg\" class=\"ff-og-image-inserted\"><\/div>\n<hr>\n<p data-prosemirror-content-type=\"node\" data-prosemirror-node-name=\"paragraph\" data-prosemirror-node-block=\"true\">El intendente Daniel Passerini anunci\u00f3 la incorporaci\u00f3n de la ciudad de C\u00f3rdoba a la Red Iberoamericana de Municipios por las Infancias (Red IberInfancias), tras la firma del acuerdo que institucionaliza su adhesi\u00f3n.<\/p>\n<p data-prosemirror-content-type=\"node\" data-prosemirror-node-name=\"paragraph\" data-prosemirror-node-block=\"true\">Esta red re\u00fane a gobiernos locales, personas e instituciones, agrupadas por la Uni\u00f3n Iberoamericana de Municipalistas (UIM), que trabajan en pos de un mejor presente y futuro para ni\u00f1as y ni\u00f1os en toda Iberoam\u00e9rica.<\/p>\n<p data-prosemirror-content-type=\"node\" data-prosemirror-node-name=\"paragraph\" data-prosemirror-node-block=\"true\">\u201cEn C\u00f3rdoba, el trabajo de cooperaci\u00f3n y el dise\u00f1o de estrategias en base a experiencias que transcurren en otros lugares son una pol\u00edtica p\u00fablica: tenemos una impronta propia que nos permite trabajar en red\u201d, remarc\u00f3 Passerini. \u201cLa infancia es infancia en todos los lugares del mundo\u201d, a\u00f1adi\u00f3.<\/p>\n<p data-prosemirror-content-type=\"node\" data-prosemirror-node-name=\"paragraph\" data-prosemirror-node-block=\"true\">\u201cLa consolidaci\u00f3n de esta red dibuja una voluntad por parte de la UIM y de los municipios de situar en el centro de las pol\u00edticas p\u00fablicas a quienes tienen la llave del presente y del futuro de nuestras sociedades. Los ni\u00f1os y las ni\u00f1as tienen una capacidad para pensar en el inter\u00e9s colectivo, que es claramente un ejercicio que queremos impregnar en esta red\u201d, indic\u00f3 la presidenta de la Red IberInfancias, Mireia Gonz\u00e1lez.<\/p>\n<p data-prosemirror-content-type=\"node\" data-prosemirror-node-name=\"paragraph\" data-prosemirror-node-block=\"true\">C\u00f3rdoba realiza un extenso trabajo de pol\u00edticas p\u00fablicas dirigidas a las infancias, entre las que se encuentra el fortalecimiento de los jardines y escuelas municipales, a trav\u00e9s de la educaci\u00f3n en matem\u00e1tica, ingl\u00e9s y rob\u00f3tica; recreaci\u00f3n en los Parques Educativos y Centros de Encuentro Barrial; salud en los hospitales municipales, especialmente en el Hospital Infantil; campa\u00f1as de vacunaci\u00f3n; actividades ambientales en el Parque de la Biodiversidad y la Universidad Libre del Ambiente; jornadas de cine m\u00f3vil en los CPC; actividades culturales en el Teatro Comedia y los museos municipales; y la recientemente inaugurada Casa de las Infancias, en el ex-Centro Cultural General Paz.<\/p>\n<p data-prosemirror-content-type=\"node\" data-prosemirror-node-name=\"paragraph\" data-prosemirror-node-block=\"true\">Adem\u00e1s, C\u00f3rdoba cuenta con un Servicio Municipal de Protecci\u00f3n Integral de Derechos (SPD) para prevenir vulneraciones de los derechos de ni\u00f1os, ni\u00f1as y adolescentes, con atenci\u00f3n presencial y a distancia en todos los CPC. Es tambi\u00e9n la \u00fanica ciudad en Argentina que cuenta con un Sistema Educativo Municipal: son 38 escuelas primarias y 38 jardines de nivel inicial.<\/p>\n<p data-prosemirror-content-type=\"node\" data-prosemirror-node-name=\"paragraph\" data-prosemirror-node-block=\"true\">Con el anexo a la Red Iberoamericana de Municipios por las Infancias, C\u00f3rdoba expandir\u00e1 y profundizar\u00e1 su trabajo en esta materia, gracias al trabajo conjunto y las experiencias compartidas con otros municipios. Asimismo, algunas de las experiencias vividas en nuestra ciudad podr\u00e1n ser replicadas en otras latitudes.<\/p>\n<p data-prosemirror-content-type=\"node\" data-prosemirror-node-name=\"paragraph\" data-prosemirror-node-block=\"true\">Esta red est\u00e1 presidida Ayuntamiento de Santa Coloma de Gramenet, Espa\u00f1a; y tambi\u00e9n est\u00e1 conformada por los municipios de Villa Mar\u00eda, Zapopan (M\u00e9xico) y Los Realejos (Espa\u00f1a), y la provincia de Sancti Sp\u00edritus (Cuba). Adem\u00e1s, cuenta con representantes de Chile, Ecuador y UNICEF; y en las pr\u00f3ximas semanas se sumar\u00e1n San Francisco y Despe\u00f1aderos.<\/p>\n<p data-prosemirror-content-type=\"node\" data-prosemirror-node-name=\"paragraph\" data-prosemirror-node-block=\"true\">Algunas de las actividades que promueve esta red, y que C\u00f3rdoba tambi\u00e9n comenzar\u00e1 a implementar, incluyen encuentros, congresos y seminarios tem\u00e1ticos; acciones formativas presenciales y virtuales; proyectos de cooperaci\u00f3n internacional; programas de cooperaci\u00f3n para el desarrollo municipal, regional y territorial; y el impulso de plataformas colaborativas y espacios de investigaci\u00f3n aplicada; entre otras acciones.<\/p>\n","protected":false},"excerpt":{"rendered":"<p>El intendente Daniel Passerini anunci\u00f3 la incorporaci\u00f3n de la ciudad de C\u00f3rdoba a la Red Iberoamericana de Municipios por las Infancias (Red IberInfancias), tras la firma del acuerdo que institucionaliza su adhesi\u00f3n. Esta red re\u00fane a gobiernos locales, personas e instituciones, agrupadas por la Uni\u00f3n Iberoamericana de Municipalistas (UIM), que trabajan en pos de un [&hellip;]<\/p>\n","protected":false},"author":1,"featured_media":167015,"comment_status":"closed","ping_status":"closed","sticky":false,"template":"","format":"standard","meta":[],"categories":[2],"tags":[],"_links":{"self":[{"href":"http:\/\/cordobainforma.info\/index.php\/wp-json\/wp\/v2\/posts\/167014"}],"collection":[{"href":"http:\/\/cordobainforma.info\/index.php\/wp-json\/wp\/v2\/posts"}],"about":[{"href":"http:\/\/cordobainforma.info\/index.php\/wp-json\/wp\/v2\/types\/post"}],"author":[{"embeddable":true,"href":"http:\/\/cordobainforma.info\/index.php\/wp-json\/wp\/v2\/users\/1"}],"replies":[{"embeddable":true,"href":"http:\/\/cordobainforma.info\/index.php\/wp-json\/wp\/v2\/comments?post=167014"}],"version-history":[{"count":0,"href":"http:\/\/cordobainforma.info\/index.php\/wp-json\/wp\/v2\/posts\/167014\/revisions"}],"wp:featuredmedia":[{"embeddable":true,"href":"http:\/\/cordobainforma.info\/index.php\/wp-json\/wp\/v2\/media\/167015"}],"wp:attachment":[{"href":"http:\/\/cordobainforma.info\/index.php\/wp-json\/wp\/v2\/media?parent=167014"}],"wp:term":[{"taxonomy":"category","embeddable":true,"href":"http:\/\/cordobainforma.info\/index.php\/wp-json\/wp\/v2\/categories?post=167014"},{"taxonomy":"post_tag","embeddable":true,"href":"http:\/\/cordobainforma.info\/index.php\/wp-json\/wp\/v2\/tags?post=167014"}],"curies":[{"name":"wp","href":"https:\/\/api.w.org\/{rel}","templated":true}]}}