{"id":167012,"date":"2025-09-04T12:19:34","date_gmt":"2025-09-04T12:19:34","guid":{"rendered":"https:\/\/cordoba.gob.ar\/?p=80776"},"modified":"2025-09-04T12:19:34","modified_gmt":"2025-09-04T12:19:34","slug":"estacion-invierno-en-el-cementerio-san-jeronimo-el-viernes-abrira-el-encuentro-el-coro-juvenil-mixto","status":"publish","type":"post","link":"http:\/\/cordobainforma.info\/index.php\/2025\/09\/04\/estacion-invierno-en-el-cementerio-san-jeronimo-el-viernes-abrira-el-encuentro-el-coro-juvenil-mixto\/","title":{"rendered":"\u201dEstaci\u00f3n Invierno\u201d en el Cementerio San Jer\u00f3nimo: el viernes abrir\u00e1 el encuentro el Coro Juvenil Mixto"},"content":{"rendered":"<div><img src=\"http:\/\/cordobainforma.info\/wp-content\/uploads\/2025\/09\/estacion-invierno-en-el-cementerio-san-jeronimo-el-viernes-abrira-el-encuentro-el-coro-juvenil-mixto.jpg\" class=\"ff-og-image-inserted\"><\/div>\n<ul>\n<li data-prosemirror-content-type=\"node\" data-prosemirror-node-name=\"paragraph\" data-prosemirror-node-block=\"true\"><strong>Posteriormente los participantes podr\u00e1n conocer la historia de la Hermana Purita, Transito C\u00e1ceres de Allende y Jard\u00edn Florido.<\/strong><\/li>\n<li data-prosemirror-content-type=\"node\" data-prosemirror-node-name=\"paragraph\" data-prosemirror-node-block=\"true\"><strong>Ser\u00e1 este viernes a partir de las 18:00 horas.<\/strong><\/li>\n<\/ul>\n<hr>\n<p data-prosemirror-content-type=\"node\" data-prosemirror-node-name=\"paragraph\" data-prosemirror-node-block=\"true\">El cementerio San Jer\u00f3nimo es un lugar emblema de la ciudad, en donde miles de historias se encuentran escondidas entre sus pasillos y cofrad\u00edas. La nueva edici\u00f3n del ciclo \u201cLas cuatro estaciones en el Cementerio San Jer\u00f3nimo\u201d que se realizar\u00e1 este viernes es la jornada ideal para conocer y rescatar aquello que se supon\u00eda olvidado.<\/p>\n<p data-prosemirror-content-type=\"node\" data-prosemirror-node-name=\"paragraph\" data-prosemirror-node-block=\"true\">En la estaci\u00f3n \u201cInvierno\u201d, a trav\u00e9s de relatos y melod\u00edas, los asistentes develar\u00e1n los misterios e historias de las personalidades que descansan en este camposanto y que nacieron o fallecieron en alguno de los meses que encierra esta estaci\u00f3n.<\/p>\n<p data-prosemirror-content-type=\"node\" data-prosemirror-node-name=\"paragraph\" data-prosemirror-node-block=\"true\">Desde las 18:00 horas, el Coro Juvenil Mixto, dirigido por Emilio Chavesta, abrir\u00e1 el encuentro con voces que abrazan. Posteriormente &nbsp;los participantes podr\u00e1n conocer la historia de la Hermana Purita, Transito C\u00e1ceres de Allende y Jardin Florido<\/p>\n<p data-prosemirror-content-type=\"node\" data-prosemirror-node-name=\"paragraph\" data-prosemirror-node-block=\"true\"><strong data-prosemirror-content-type=\"mark\" data-prosemirror-mark-name=\"strong\">Sobre los personajes<\/strong><\/p>\n<p data-prosemirror-content-type=\"node\" data-prosemirror-node-name=\"paragraph\" data-prosemirror-node-block=\"true\">Hermana Purita: probablemente la pr\u00f3xima beata argentina. Su nombre era Secundina Guadalupe Olmos y naci\u00f3 en La Cumbre en 1896. Llev\u00f3 una vida religiosa ejemplar. De rezo diario y dedicada a instituciones como colegios y hospitales. Alg\u00fan tiempo despu\u00e9s de su muerte comenz\u00f3 a recibir pedidos de favores, referidos a cuestiones laborales, amorosas o de salud. Poco a poco las placas de agradecimiento poblaron las paredes del pante\u00f3n donde descansan sus restos. Desde el a\u00f1o 1997 es considerada Sierva de Dios.<\/p>\n<p data-prosemirror-content-type=\"node\" data-prosemirror-node-name=\"paragraph\" data-prosemirror-node-block=\"true\">Transito C\u00e1ceres de Allende: su nombre completo era Mar\u00eda Hipolita Casiana del Tr\u00e1nsito C\u00e1ceres Mart\u00ednez Allende y naci\u00f3 en la ciudad de C\u00f3rdoba en 1830. Su esposo era Rosso Allende, con qui\u00e9n tuvo 11 hijos. Fue presidenta de la Sociedad de Beneficencia de C\u00f3rdoba, particip\u00f3 de la creaci\u00f3n del Hospital de Ni\u00f1os, y del Asilo de Ancianos y Mendigos.&nbsp;Fue tambi\u00e9n la encargada de la creaci\u00f3n del primer hospital que luch\u00f3 contra la tuberculosis, el cual llevar\u00eda su nombre.<\/p>\n<p data-prosemirror-content-type=\"node\" data-prosemirror-node-name=\"paragraph\" data-prosemirror-node-block=\"true\">Jardin Florido: su nombre real era Ferdinando Albiero Bertapelle, hab\u00eda nacido en Italia y siendo un adolescente su familia se traslad\u00f3 a nuestro pa\u00eds. Primero vivi\u00f3 en Santa Fe y luego en C\u00f3rdoba. Su domicilio fue en el hist\u00f3rico barrio de Alta C\u00f3rdoba, en calle Antonio del Viso. Tuvo decenas de trabajos y oficios. Pero sin dudas que desde el momento en el cual decidi\u00f3 adoptar el frac, la galera y el bast\u00f3n se convirti\u00f3 en Jard\u00edn Florido. De la nada a la popularidad transcurri\u00f3 su vida. Falleci\u00f3 en julio de 1968 y su figura a\u00fan es recordada en la peatonal, 9 de Julio esquina Rivera Indarte.<\/p>\n","protected":false},"excerpt":{"rendered":"<p>Posteriormente los participantes podr\u00e1n conocer la historia de la Hermana Purita, Transito C\u00e1ceres de Allende y Jard\u00edn Florido. Ser\u00e1 este viernes a partir de las 18:00 horas. El cementerio San Jer\u00f3nimo es un lugar emblema de la ciudad, en donde miles de historias se encuentran escondidas entre sus pasillos y cofrad\u00edas. La nueva edici\u00f3n del [&hellip;]<\/p>\n","protected":false},"author":1,"featured_media":167013,"comment_status":"closed","ping_status":"closed","sticky":false,"template":"","format":"standard","meta":[],"categories":[2],"tags":[],"_links":{"self":[{"href":"http:\/\/cordobainforma.info\/index.php\/wp-json\/wp\/v2\/posts\/167012"}],"collection":[{"href":"http:\/\/cordobainforma.info\/index.php\/wp-json\/wp\/v2\/posts"}],"about":[{"href":"http:\/\/cordobainforma.info\/index.php\/wp-json\/wp\/v2\/types\/post"}],"author":[{"embeddable":true,"href":"http:\/\/cordobainforma.info\/index.php\/wp-json\/wp\/v2\/users\/1"}],"replies":[{"embeddable":true,"href":"http:\/\/cordobainforma.info\/index.php\/wp-json\/wp\/v2\/comments?post=167012"}],"version-history":[{"count":0,"href":"http:\/\/cordobainforma.info\/index.php\/wp-json\/wp\/v2\/posts\/167012\/revisions"}],"wp:featuredmedia":[{"embeddable":true,"href":"http:\/\/cordobainforma.info\/index.php\/wp-json\/wp\/v2\/media\/167013"}],"wp:attachment":[{"href":"http:\/\/cordobainforma.info\/index.php\/wp-json\/wp\/v2\/media?parent=167012"}],"wp:term":[{"taxonomy":"category","embeddable":true,"href":"http:\/\/cordobainforma.info\/index.php\/wp-json\/wp\/v2\/categories?post=167012"},{"taxonomy":"post_tag","embeddable":true,"href":"http:\/\/cordobainforma.info\/index.php\/wp-json\/wp\/v2\/tags?post=167012"}],"curies":[{"name":"wp","href":"https:\/\/api.w.org\/{rel}","templated":true}]}}