{"id":167001,"date":"2025-09-04T08:50:05","date_gmt":"2025-09-04T08:50:05","guid":{"rendered":"http:\/\/cordobainforma.info\/index.php\/2025\/09\/04\/el-mercado-ya-aposto-a-que-va-a-ser-pato-pierde-milei-por-5-puntos-en-pba-pero-y-si-es\/"},"modified":"2025-09-04T08:50:05","modified_gmt":"2025-09-04T08:50:05","slug":"el-mercado-ya-aposto-a-que-va-a-ser-pato-pierde-milei-por-5-puntos-en-pba-pero-y-si-es","status":"publish","type":"post","link":"http:\/\/cordobainforma.info\/index.php\/2025\/09\/04\/el-mercado-ya-aposto-a-que-va-a-ser-pato-pierde-milei-por-5-puntos-en-pba-pero-y-si-es\/","title":{"rendered":"El mercado ya apost\u00f3 a que va a ser pato (pierde Milei por 5 puntos en PBA), pero&#8230; \u00bfy si es &#8230;"},"content":{"rendered":"<p>(Por Marcela Pistarini) Las elecciones en el principal distrito electoral del pa\u00eds el pr\u00f3ximo domingo marcar\u00e1n el pulso del Mercado de Valores. <\/p>\n","protected":false},"excerpt":{"rendered":"<p>(Por Marcela Pistarini) Las elecciones en el principal distrito electoral del pa\u00eds el pr\u00f3ximo domingo marcar\u00e1n el pulso del Mercado de Valores.<\/p>\n","protected":false},"author":1,"featured_media":0,"comment_status":"closed","ping_status":"closed","sticky":false,"template":"","format":"standard","meta":[],"categories":[23],"tags":[],"_links":{"self":[{"href":"http:\/\/cordobainforma.info\/index.php\/wp-json\/wp\/v2\/posts\/167001"}],"collection":[{"href":"http:\/\/cordobainforma.info\/index.php\/wp-json\/wp\/v2\/posts"}],"about":[{"href":"http:\/\/cordobainforma.info\/index.php\/wp-json\/wp\/v2\/types\/post"}],"author":[{"embeddable":true,"href":"http:\/\/cordobainforma.info\/index.php\/wp-json\/wp\/v2\/users\/1"}],"replies":[{"embeddable":true,"href":"http:\/\/cordobainforma.info\/index.php\/wp-json\/wp\/v2\/comments?post=167001"}],"version-history":[{"count":0,"href":"http:\/\/cordobainforma.info\/index.php\/wp-json\/wp\/v2\/posts\/167001\/revisions"}],"wp:attachment":[{"href":"http:\/\/cordobainforma.info\/index.php\/wp-json\/wp\/v2\/media?parent=167001"}],"wp:term":[{"taxonomy":"category","embeddable":true,"href":"http:\/\/cordobainforma.info\/index.php\/wp-json\/wp\/v2\/categories?post=167001"},{"taxonomy":"post_tag","embeddable":true,"href":"http:\/\/cordobainforma.info\/index.php\/wp-json\/wp\/v2\/tags?post=167001"}],"curies":[{"name":"wp","href":"https:\/\/api.w.org\/{rel}","templated":true}]}}