{"id":166965,"date":"2025-09-04T07:10:10","date_gmt":"2025-09-04T07:10:10","guid":{"rendered":"https:\/\/www.clarin.com\/deportes\/poema-club-brasil-confirmo-martin-palermo-nuevo-dt_0_ybEod1HFWy.html"},"modified":"2025-09-04T07:10:10","modified_gmt":"2025-09-04T07:10:10","slug":"con-un-poema-un-club-de-brasil-anuncio-a-martin-palermo-como-nuevo-dt","status":"publish","type":"post","link":"http:\/\/cordobainforma.info\/index.php\/2025\/09\/04\/con-un-poema-un-club-de-brasil-anuncio-a-martin-palermo-como-nuevo-dt\/","title":{"rendered":"Con un poema, un club de Brasil anunci\u00f3 a Mart\u00edn Palermo como nuevo DT"},"content":{"rendered":"<p><img src=\"http:\/\/cordobainforma.info\/wp-content\/uploads\/2025\/09\/con-un-poema-un-club-de-brasil-anuncio-a-martin-palermo-como-nuevo-dt.jpg\"><\/p>\n<div><img src=\"http:\/\/cordobainforma.info\/wp-content\/uploads\/2025\/09\/con-un-poema-un-club-de-brasil-anuncio-a-martin-palermo-como-nuevo-dt-2.jpg\" class=\"ff-og-image-inserted\"><\/div>\n<div id=\"element-body-0\" readability=\"63\">\n<p>Despu\u00e9s de participar en la fiesta por los 80 a\u00f1os de Clar\u00edn, <strong>Mart\u00edn Palermo empez\u00f3 a preparar sus valijas para Brasil<\/strong>. Este mi\u00e9rcoles, a \u00faltima hora, un club del pa\u00eds vecino oficializ\u00f3 su llegada como nuevo director t\u00e9cnico, y lo hizo de una forma particular.<\/p>\n<\/div>\n<div id=\"element-body-1\" readability=\"63\">\n<p><strong>Fortaleza<\/strong>, que hab\u00eda despedido el martes pasado al portugu\u00e9s Renato Paiva, <strong>public\u00f3 en sus redes un emotivo video<\/strong> con im\u00e1genes de momentos felices y otros m\u00e1s dif\u00edciles del club, mientras una voz en off recita <strong>el poema \u00abAcredite\u00bb, de Br\u00e1ulio Bessa.<\/strong><\/p>\n<\/div>\n<div id=\"element-body-2\" readability=\"29.601542416452\">\n<blockquote class=\"twitter-tweet\" readability=\"10.994858611825\">\n<p lang=\"pt\" dir=\"ltr\">Mart\u00edn Palermo est\u00e1 <a href=\"https:\/\/twitter.com\/hashtag\/FechadoComOLe%C3%A3o?src=hash&amp;ref_src=twsrc%5Etfw\">#FechadoComOLe\u00e3o<\/a>! \ud83d\udc4a\ud83e\udd81<\/p>\n<p>O Fortaleza Esporte Clube comunica a contrata\u00e7\u00e3o do t\u00e9cnico Mart\u00edn Palermo. O acordo vai at\u00e9 o final de 2025, com op\u00e7\u00e3o de renova\u00e7\u00e3o at\u00e9 o fim da pr\u00f3xima temporada.<\/p>\n<p>Em seu \u00faltimo trabalho, Palermo foi campe\u00e3o Paraguaio pelo Ol\u00edmpia.\u2026 <a href=\"https:\/\/t.co\/1SRBiBZOoE\">pic.twitter.com\/1SRBiBZOoE<\/a><\/p>\n<p>\u2014 Fortaleza Esporte Clube \ud83e\udd81 (@FortalezaEC) <a href=\"https:\/\/twitter.com\/FortalezaEC\/status\/1963426178204660220?ref_src=twsrc%5Etfw\">September 4, 2025<\/a><\/p><\/blockquote><\/div>\n<div id=\"element-body-3\" readability=\"60\">\n<p>Tras un minuto y medio, el clip cierra con im\u00e1genes del ex goleador de Boca en La Bombonera. <strong>\u00abNosotros creemos. Y ahora \u00e9l tambi\u00e9n cree\u00bb<\/strong>, concluye el video.<\/p>\n<\/div>\n<div id=\"element-body-4\" readability=\"60\">\n<p>En su sitio oficial, el club inform\u00f3 que <strong>el contrato se extiende hasta finales de 2025, con opci\u00f3n de renovaci\u00f3n<\/strong> hasta el cierre de la pr\u00f3xima temporada.<\/p>\n<\/div>\n<div id=\"element-body-5\" readability=\"61\">\n<p>El ex multicampe\u00f3n con el Xeneize se presentar\u00e1 en los pr\u00f3ximos d\u00edas en el Centro de Excelencia Alcides Santos junto a su cuerpo t\u00e9cnico: Diego Cagna y Cristian Dami\u00e1n Leyes como asistentes, Gast\u00f3n Mendoza y Esteban Herrera como preparadores f\u00edsicos, y Renato Cornejo como analista.<\/p>\n<\/div>\n<div id=\"element-body-6\" readability=\"63\">\n<p><strong>Se espera que debute el s\u00e1bado 13 de septiembre<\/strong> en el Arena Castel\u00e3o, frente a Vit\u00f3ria, por la 23\u00aa fecha del Brasileir\u00e3o, donde <strong>Fortaleza ocupa la ante\u00faltima posici\u00f3n, en zona de descenso directo.<\/strong><\/p>\n<\/div>\n<div id=\"element-body-7\" readability=\"20.603773584906\">\n<blockquote class=\"twitter-tweet\" readability=\"3.9245283018868\">\n<p lang=\"pt\" dir=\"ltr\">Seja muito bem-vindo, Mart\u00edn Palermo! \ud83d\udc4a\ud83e\udd81\ud83c\udde6\ud83c\uddf7<a href=\"https:\/\/twitter.com\/hashtag\/FortalezaEC?src=hash&amp;ref_src=twsrc%5Etfw\">#FortalezaEC<\/a> <a href=\"https:\/\/t.co\/po5wdVX2ss\">pic.twitter.com\/po5wdVX2ss<\/a><\/p>\n<p>\u2014 Fortaleza Esporte Clube \ud83e\udd81 (@FortalezaEC) <a href=\"https:\/\/twitter.com\/FortalezaEC\/status\/1963430140341305542?ref_src=twsrc%5Etfw\">September 4, 2025<\/a><\/p><\/blockquote><\/div>\n<div id=\"element-body-8\" readability=\"64\">\n<p>Marcelo Paz, director ejecutivo del club, destac\u00f3 a Palermo: \u00abBusc\u00e1bamos un entrenador que impactara en el vestuario, un profesional respetado y con trayectoria en crecimiento. \u00c9l <strong>comprendi\u00f3 nuestra situaci\u00f3n y el desaf\u00edo<\/strong> de formar un equipo que luche cada bal\u00f3n, defienda bien y sume puntos\u00bb.<\/p>\n<\/div>\n<div id=\"element-body-9\" readability=\"64\">\n<p>\u00ab<strong>Conoc\u00eda Fortaleza por su amistad con Vojvoda,<\/strong> ya hablaron del club. Palermo crey\u00f3 en nuestro proyecto y quiere triunfar en Brasil. Adem\u00e1s, es un deportista de gran \u00e9xito, uno de los mejores delanteros de su generaci\u00f3n, con pasos por la selecci\u00f3n argentina y Boca Juniors\u00bb, agreg\u00f3 Paz.<\/p>\n<\/div>\n<div id=\"element-body-10\" readability=\"68\">\n<p>Palermo llega tras su paso por Olimpia de Paraguay, donde dirigi\u00f3 41 partidos, con 21 victorias, 13 empates y siete derrotas. Adem\u00e1s del Clausura, logr\u00f3 el tercer puesto en el Apertura y lleg\u00f3 a los cuartos de final de la Copa Paraguaya. Su trayectoria como DT incluye etapas en Godoy Cruz, Arsenal, Uni\u00f3n Espa\u00f1ola, Pachuca, Aldosivi y Platense.<\/p>\n<\/div>\n<div id=\"element-body-11\" readability=\"65\">\n<p>El t\u00e9cnico, de 51 a\u00f1os, <strong>buscar\u00e1 ahora repetir la buena imagen que dej\u00f3 Vojvoda<\/strong>, el otro argentino que dirigi\u00f3 a la instituci\u00f3n del estado de Cear\u00e1. El actual entrenador del Santos gan\u00f3 con Fortaleza una Copa do Nordeste y tres campeonatos cearenses, adem\u00e1s de lograr <strong>una campa\u00f1a hist\u00f3rica llegando a la final de la Copa Sudamericana 2023<\/strong>, donde cay\u00f3 por penales contra Liga de Quito.<\/p>\n<\/div>\n<div id=\"element-body-13\" readability=\"65\">\n<p><em>Creer y tener fe en lo que nadie puede probar. Y prescindir de la certeza que suele probarlo. Porque la duda es una deuda, y la cuenta solo se renueva. Cree en lo improbable, cree en lo imposible, ve lo que nadie ve, percibe lo imperceptible y enfrenta lo que, para muchos, parece invencible.<\/em><\/p>\n<\/div>\n<div id=\"element-body-14\" readability=\"63\">\n<p><em>Cree en ti mismo, en la fuerza de tu fe, en las veces que tuviste que remar contracorriente. Cada \u00abno\u00bb que alguien te dijo te dio fuerza para demostrar que, cuando tropezamos, nos levantamos y volvemos a empezar.<\/em><\/p>\n<\/div>\n<div id=\"element-body-15\" readability=\"61\">\n<p><em>Cree en lo que te hace diferente, en lo que has vivido y en lo que te espera. Cree, s\u00e9 fuerte. No esperes la suerte ni a nadie, porque si esperas demasiado podr\u00edas quedarte estancado.<\/em><\/p>\n<\/div>\n<div id=\"element-body-16\" readability=\"60\">\n<p><em>Cr\u00e9eme, no des explicaciones, porque pocos lo entender\u00e1n. Solo puedes entender un sue\u00f1o si eres quien lo sue\u00f1a.<\/em><\/p>\n<\/div>\n<div id=\"element-body-17\" readability=\"58\">\n<p><em>Nosotros creemos. Y ahora \u00e9l tambi\u00e9n cree. Cree, mi Fortaleza.<\/em><\/p>\n<\/div>\n","protected":false},"excerpt":{"rendered":"<p>Despu\u00e9s de participar en la fiesta por los 80 a\u00f1os de Clar\u00edn, Mart\u00edn Palermo empez\u00f3 a preparar sus valijas para Brasil. Este mi\u00e9rcoles, a \u00faltima hora, un club del pa\u00eds vecino oficializ\u00f3 su llegada como nuevo director t\u00e9cnico, y lo hizo de una forma particular. Fortaleza, que hab\u00eda despedido el martes pasado al portugu\u00e9s Renato [&hellip;]<\/p>\n","protected":false},"author":1,"featured_media":166966,"comment_status":"closed","ping_status":"closed","sticky":false,"template":"","format":"standard","meta":[],"categories":[20],"tags":[],"_links":{"self":[{"href":"http:\/\/cordobainforma.info\/index.php\/wp-json\/wp\/v2\/posts\/166965"}],"collection":[{"href":"http:\/\/cordobainforma.info\/index.php\/wp-json\/wp\/v2\/posts"}],"about":[{"href":"http:\/\/cordobainforma.info\/index.php\/wp-json\/wp\/v2\/types\/post"}],"author":[{"embeddable":true,"href":"http:\/\/cordobainforma.info\/index.php\/wp-json\/wp\/v2\/users\/1"}],"replies":[{"embeddable":true,"href":"http:\/\/cordobainforma.info\/index.php\/wp-json\/wp\/v2\/comments?post=166965"}],"version-history":[{"count":0,"href":"http:\/\/cordobainforma.info\/index.php\/wp-json\/wp\/v2\/posts\/166965\/revisions"}],"wp:featuredmedia":[{"embeddable":true,"href":"http:\/\/cordobainforma.info\/index.php\/wp-json\/wp\/v2\/media\/166966"}],"wp:attachment":[{"href":"http:\/\/cordobainforma.info\/index.php\/wp-json\/wp\/v2\/media?parent=166965"}],"wp:term":[{"taxonomy":"category","embeddable":true,"href":"http:\/\/cordobainforma.info\/index.php\/wp-json\/wp\/v2\/categories?post=166965"},{"taxonomy":"post_tag","embeddable":true,"href":"http:\/\/cordobainforma.info\/index.php\/wp-json\/wp\/v2\/tags?post=166965"}],"curies":[{"name":"wp","href":"https:\/\/api.w.org\/{rel}","templated":true}]}}