{"id":166963,"date":"2025-09-03T23:38:26","date_gmt":"2025-09-03T23:38:26","guid":{"rendered":"https:\/\/somoscordobeses.com\/2025\/09\/03\/nuevos-cortes-programados-de-epec-para-este-jueves-en-cordoba\/"},"modified":"2025-09-03T23:38:26","modified_gmt":"2025-09-03T23:38:26","slug":"nuevos-cortes-programados-de-epec-para-este-jueves-en-cordoba","status":"publish","type":"post","link":"http:\/\/cordobainforma.info\/index.php\/2025\/09\/03\/nuevos-cortes-programados-de-epec-para-este-jueves-en-cordoba\/","title":{"rendered":"Nuevos cortes programados de Epec para este jueves en C\u00f3rdoba"},"content":{"rendered":"<div><img src=\"http:\/\/cordobainforma.info\/wp-content\/uploads\/2025\/09\/nuevos-cortes-programados-de-epec-para-este-jueves-en-cordoba.jpg\" class=\"ff-og-image-inserted\"><\/div>\n<p><strong>C\u00f3rdoba<\/strong><\/p>\n<p>De 13:30 a 17:30. Motivo: Poda Sobre Red A\u00e9rea De Media Tensi\u00f3n. Zona afectada: Sector comprendido por Camino a Chacra de la Merced y barrio Sangre y Sol.<\/p>\n<p>De 08:00 a 11:30. Motivo: Poda Sobre Red A\u00e9rea De Media Tensi\u00f3n. Zona afectada: Barrios Bajo Pueyrred\u00f3n, Balcones del Este, Sangre y Sol, Barranca Yaco y sector Ruta N\u00ba 19, entre Av. Circunvalaci\u00f3n y Av. de la Semiller\u00eda, en forma parcial.<\/p>\n<p>De 08:00 a 11:00. Motivo: Mantenimiento En Red A\u00e9rea. Zona afectada: Sector comprendido por Colectora Sur y Av. O\u00b4Higgins.<\/p>\n<p><strong>R\u00edo Tercero<\/strong><\/p>\n<p>De 06:30 a 06:45. Motivo: Cambio De Alimentaci\u00f3n Por Tareas De Reparaci\u00f3n En Media Tensi\u00f3n. Zona afectada: Localidades de R\u00edo Tercero, Corralito y Monte Ralo.<\/p>\n<p><strong>Santa Mar\u00eda<\/strong><\/p>\n<p>De 08:00 a 11:00. Motivo: Mantenimiento En Red A\u00e9rea. Zona afectada: barrio El Pero en forma parcial.<\/p>\n<p><strong>La Cumbre<\/strong><\/p>\n<p>De 08:30 a 12:00. Motivo: Poda Sobre Red A\u00e9rea De Media Tensi\u00f3n. Zona afectada: Barrio San Ger\u00f3nimo y zona Estancia el Rosario.<\/p>\n<p><strong>Cruz del Eje<\/strong><\/p>\n<p>De 13:00 a 16:00. Motivo: Mantenimiento En Red A\u00e9rea. Zona afectada: Barrio La Toma, zona El Dique y Cooperativa San Marcos.<\/p>\n","protected":false},"excerpt":{"rendered":"<p>C\u00f3rdoba De 13:30 a 17:30. Motivo: Poda Sobre Red A\u00e9rea De Media Tensi\u00f3n. Zona afectada: Sector comprendido por Camino a Chacra de la Merced y barrio Sangre y Sol. De 08:00 a 11:30. Motivo: Poda Sobre Red A\u00e9rea De Media Tensi\u00f3n. Zona afectada: Barrios Bajo Pueyrred\u00f3n, Balcones del Este, Sangre y Sol, Barranca Yaco y [&hellip;]<\/p>\n","protected":false},"author":1,"featured_media":166964,"comment_status":"closed","ping_status":"closed","sticky":false,"template":"","format":"standard","meta":[],"categories":[2],"tags":[],"_links":{"self":[{"href":"http:\/\/cordobainforma.info\/index.php\/wp-json\/wp\/v2\/posts\/166963"}],"collection":[{"href":"http:\/\/cordobainforma.info\/index.php\/wp-json\/wp\/v2\/posts"}],"about":[{"href":"http:\/\/cordobainforma.info\/index.php\/wp-json\/wp\/v2\/types\/post"}],"author":[{"embeddable":true,"href":"http:\/\/cordobainforma.info\/index.php\/wp-json\/wp\/v2\/users\/1"}],"replies":[{"embeddable":true,"href":"http:\/\/cordobainforma.info\/index.php\/wp-json\/wp\/v2\/comments?post=166963"}],"version-history":[{"count":0,"href":"http:\/\/cordobainforma.info\/index.php\/wp-json\/wp\/v2\/posts\/166963\/revisions"}],"wp:featuredmedia":[{"embeddable":true,"href":"http:\/\/cordobainforma.info\/index.php\/wp-json\/wp\/v2\/media\/166964"}],"wp:attachment":[{"href":"http:\/\/cordobainforma.info\/index.php\/wp-json\/wp\/v2\/media?parent=166963"}],"wp:term":[{"taxonomy":"category","embeddable":true,"href":"http:\/\/cordobainforma.info\/index.php\/wp-json\/wp\/v2\/categories?post=166963"},{"taxonomy":"post_tag","embeddable":true,"href":"http:\/\/cordobainforma.info\/index.php\/wp-json\/wp\/v2\/tags?post=166963"}],"curies":[{"name":"wp","href":"https:\/\/api.w.org\/{rel}","templated":true}]}}