{"id":166961,"date":"2025-09-04T00:09:02","date_gmt":"2025-09-04T00:09:02","guid":{"rendered":"https:\/\/somoscordobeses.com\/2025\/09\/03\/racing-vs-independiente-empate-en-el-clasico-de-reserva\/"},"modified":"2025-09-04T00:09:02","modified_gmt":"2025-09-04T00:09:02","slug":"racing-vs-independiente-empate-en-el-clasico-de-reserva","status":"publish","type":"post","link":"http:\/\/cordobainforma.info\/index.php\/2025\/09\/04\/racing-vs-independiente-empate-en-el-clasico-de-reserva\/","title":{"rendered":"Racing vs Independiente: empate en el cl\u00e1sico de Reserva"},"content":{"rendered":"<div><img src=\"http:\/\/cordobainforma.info\/wp-content\/uploads\/2025\/09\/racing-vs-independiente-empate-en-el-clasico-de-reserva.jpg\" class=\"ff-og-image-inserted\"><\/div>\n<div class=\"tdb-block-inner td-fix-index\" readability=\"37\">\n<p><time datetime=\"2025-09-03T20:53:48-03:00\">03\/09\/2025 20:53hs.<\/time><\/p>\n<p>Para el cl\u00e1sico de Primera todav\u00eda faltan un par de partidos. Sin embargo, el mi\u00e9rcoles hubo una previa que sirvi\u00f3 de anticip\u00f3 para lo que se vendr\u00e1 el domingo 28. <strong>En el Cilindro, con socios locales y la presencia de Gustavo Costas y Diego Milito, se jug\u00f3 el Racing contra Independiente de Reserva<\/strong>. Dos equipos que llegaban al duelo interzonal m\u00e1s importante en la misma irregularidad, con tres partidos ganados, dos empatados y dos perdidos.<strong> Se esperaba un encuentro parejo y as\u00ed fue.<\/strong><\/p>\n<h2>El primer tiempo fue de Racing<\/h2>\n<p><strong>En el primer tiempo, los pibes jugaron bien a lo cl\u00e1sico. La Academia de Chirola Romero tuvo m\u00e1s la pelota y atac\u00f3 por los costados, pero sin generar mucho peligro<\/strong>. Fue un desarrollo trabado, con muchos cortes por infracciones. Los mejores destellos de f\u00fatbol, al menos el inicio, hab\u00edan sido por el local desde los pies de Yegros y la velocidad de Degregorio, quien baj\u00f3 del plantel de Costas para reforzar a los pibes.<\/p>\n<h2>La m\u00e1s clara para Independiente<\/h2>\n<p>En el ST pas\u00f3 lo mejor. <strong>A los 3\u2019, Viollaz qued\u00f3 mano a mano con G\u00f3mez, se lo sac\u00f3 de encima y qued\u00f3 solo para definir de zurda. <\/strong>Ins\u00f3litamente quiso volver a enganchar y perdi\u00f3 la pelota. Era el 1-0 cantado del Rojo. Era el 1-0 cantado del Rojo en un partido donde no sobraron chances de gol. Por eso el lamento de los chicos del Rojo.<\/p>\n<p>Termin\u00f3 siendo un empate sin goles y con m\u00e1s intenciones que oportunidades. Ahora, que se venga el de los grandes\u2026<\/p>\n<section><picture><\/picture>\n<div>\n<p><span>Mir\u00e1 tambi\u00e9n<\/span><\/p>\n<hr>\n<h3>Bombazo en el Nacional: Emiliano Vecchio rescindi\u00f3 contrato en Defensores <\/h3>\n<\/div>\n<\/section>\n<\/div>\n","protected":false},"excerpt":{"rendered":"<p>03\/09\/2025 20:53hs. Para el cl\u00e1sico de Primera todav\u00eda faltan un par de partidos. Sin embargo, el mi\u00e9rcoles hubo una previa que sirvi\u00f3 de anticip\u00f3 para lo que se vendr\u00e1 el domingo 28. En el Cilindro, con socios locales y la presencia de Gustavo Costas y Diego Milito, se jug\u00f3 el Racing contra Independiente de Reserva. [&hellip;]<\/p>\n","protected":false},"author":1,"featured_media":166962,"comment_status":"closed","ping_status":"closed","sticky":false,"template":"","format":"standard","meta":[],"categories":[20,2],"tags":[],"_links":{"self":[{"href":"http:\/\/cordobainforma.info\/index.php\/wp-json\/wp\/v2\/posts\/166961"}],"collection":[{"href":"http:\/\/cordobainforma.info\/index.php\/wp-json\/wp\/v2\/posts"}],"about":[{"href":"http:\/\/cordobainforma.info\/index.php\/wp-json\/wp\/v2\/types\/post"}],"author":[{"embeddable":true,"href":"http:\/\/cordobainforma.info\/index.php\/wp-json\/wp\/v2\/users\/1"}],"replies":[{"embeddable":true,"href":"http:\/\/cordobainforma.info\/index.php\/wp-json\/wp\/v2\/comments?post=166961"}],"version-history":[{"count":0,"href":"http:\/\/cordobainforma.info\/index.php\/wp-json\/wp\/v2\/posts\/166961\/revisions"}],"wp:featuredmedia":[{"embeddable":true,"href":"http:\/\/cordobainforma.info\/index.php\/wp-json\/wp\/v2\/media\/166962"}],"wp:attachment":[{"href":"http:\/\/cordobainforma.info\/index.php\/wp-json\/wp\/v2\/media?parent=166961"}],"wp:term":[{"taxonomy":"category","embeddable":true,"href":"http:\/\/cordobainforma.info\/index.php\/wp-json\/wp\/v2\/categories?post=166961"},{"taxonomy":"post_tag","embeddable":true,"href":"http:\/\/cordobainforma.info\/index.php\/wp-json\/wp\/v2\/tags?post=166961"}],"curies":[{"name":"wp","href":"https:\/\/api.w.org\/{rel}","templated":true}]}}