{"id":166928,"date":"2025-09-02T21:58:01","date_gmt":"2025-09-02T21:58:01","guid":{"rendered":"https:\/\/www.escribiendocine.com\/noticias\/2025\/09\/02\/20355-peras-primas-argentinas-y-una-coproduccion-regional-desembarcan-en-el-festival-de-santander"},"modified":"2025-09-02T21:58:01","modified_gmt":"2025-09-02T21:58:01","slug":"operas-primas-argentinas-y-una-coproduccion-regional-desembarcan-en-el-festival-de-santander","status":"publish","type":"post","link":"http:\/\/cordobainforma.info\/index.php\/2025\/09\/02\/operas-primas-argentinas-y-una-coproduccion-regional-desembarcan-en-el-festival-de-santander\/","title":{"rendered":"\u00d3peras primas argentinas y una coproducci\u00f3n regional desembarcan en el Festival de Santander"},"content":{"rendered":"<div class=\"media_block\"><\/div>\n<div><img src=\"http:\/\/cordobainforma.info\/wp-content\/uploads\/2025\/09\/operas-primas-argentinas-y-una-coproduccion-regional-desembarcan-en-el-festival-de-santander.jpg\" class=\"ff-og-image-inserted\"><\/div>\n<div readability=\"23.619047619048\">\n<div class=\"col-xs-12 col-sm-6 col-md-12 col-lg-3 no-padding col-der\" readability=\"7\">\n<p> <span class=\"fecha\">martes 02 de septiembre de 2025 <\/span> <\/p>\n<\/p><\/div><\/div>\n<div readability=\"61\">\n<p>El puente entre Am\u00e9rica del Sur y Espa\u00f1a no es casual: todas las pel\u00edculas forman parte del cat\u00e1logo de Gar\u00faa, distribuidora con sede en Barcelona creada por Agust\u00edn Burghi, que se ha propuesto visibilizar las primeras obras de cineastas emergentes de la regi\u00f3n.<\/p>\n<p>La programaci\u00f3n incluye el estreno mundial de <strong>Mu\u00f1a Mu\u00f1a<\/strong>, de Paula Morel Kristof, una historia que se desarrolla en el valle tucumano y pone en primer plano la vida de Olga, una enfermera que, al borde del duelo por la partida de su hijo, se cruza con un turista franc\u00e9s y reabre una dimensi\u00f3n \u00edntima que cre\u00eda clausurada.<\/p>\n<p class=\"noticia-relacionada noEditable\" data-id=\"19801\"><ampiframe src=\"https:\/\/www.escribiendocine.com\/api\/noticias\/19801\/relacionadas?amp=1\" layout=\"fixed-height\" sandbox=\"allow-top-navigation allow-top-navigation-by-user-activation allow-scripts \" height=\"100px\"> <b placeholder>Lee tambi\u00e9n: Cr\u00edtica de \u201cLa b\u00fasqueda de Martina\u201d: Mercedes Mor\u00e1n en un papel conmovedor por la memoria, verdad y justicia<\/b> <\/ampiframe><\/p>\n<p>La dimensi\u00f3n pol\u00edtica aparece con <strong>A procura de Martina<\/strong>, dirigida por M\u00e1rcia Faria, que se estrena en Espa\u00f1a tras su paso por Mar del Plata, R\u00edo de Janeiro y Guadalajara. La pel\u00edcula sigue la b\u00fasqueda de una Abuela de Plaza de Mayo por su nieto nacido en cautiverio durante la dictadura argentina, mientras atraviesa los primeros s\u00edntomas de Alzheimer.<\/p>\n<p>El registro social se intensifica con <strong>Nancy<\/strong>, \u00f3pera prima de ficci\u00f3n de Luciano Zito que tuvo su estreno en el BAFICI y desembarca en Santander el 15 de septiembre. El relato acompa\u00f1a a una joven que limpia casas en una ciudad costera y enfrenta transformaciones que ponen en riesgo su estabilidad emocional y laboral.<\/p>\n<p class=\"noticia-relacionada noEditable\" data-id=\"19501\"><ampiframe src=\"https:\/\/www.escribiendocine.com\/api\/noticias\/19501\/relacionadas?amp=1\" layout=\"fixed-height\" sandbox=\"allow-top-navigation allow-top-navigation-by-user-activation allow-scripts \" height=\"100px\"> <b placeholder>Lee tambi\u00e9n: Cr\u00edtica de \u00abNancy\u00bb: Camila Peralta es la chica que todo lo limpia<\/b> <\/ampiframe><\/p>\n<p>Finalmente,<strong> Lo que queda<\/strong>, de Mariel Escobar, ofrece una mirada \u00edntima sobre el duelo y el regreso. Ana vuelve a Buenos Aires tras un accidente y, en ese movimiento, se enfrenta al recuerdo de su primer amor.<\/p>\n<p class=\"noticia-relacionada noEditable\" data-id=\"18353\"><ampiframe src=\"https:\/\/www.escribiendocine.com\/api\/noticias\/18353\/relacionadas?amp=1\" layout=\"fixed-height\" sandbox=\"allow-top-navigation allow-top-navigation-by-user-activation allow-scripts \" height=\"100px\"> <b placeholder>Lee tambi\u00e9n: Cr\u00edtica de \u00abLo que queda\u00bb: Mariel Escobar y una reflexi\u00f3n sobre el amor, la p\u00e9rdida y lo que nunca fue<\/b> <\/ampiframe><\/p>\n<p>Con estas cuatro pel\u00edculas, el cine argentino y latinoamericano vuelve a conquistar un espacio de relevancia en un festival europeo, en un a\u00f1o en el que las \u00f3peras primas buscan afirmarse como una de las apuestas m\u00e1s s\u00f3lidas para tender puentes entre generaciones y geograf\u00edas.<\/p>\n<\/p><\/div>\n","protected":false},"excerpt":{"rendered":"<p>martes 02 de septiembre de 2025 El puente entre Am\u00e9rica del Sur y Espa\u00f1a no es casual: todas las pel\u00edculas forman parte del cat\u00e1logo de Gar\u00faa, distribuidora con sede en Barcelona creada por Agust\u00edn Burghi, que se ha propuesto visibilizar las primeras obras de cineastas emergentes de la regi\u00f3n. La programaci\u00f3n incluye el estreno mundial [&hellip;]<\/p>\n","protected":false},"author":1,"featured_media":166929,"comment_status":"open","ping_status":"closed","sticky":false,"template":"","format":"standard","meta":[],"categories":[21],"tags":[],"_links":{"self":[{"href":"http:\/\/cordobainforma.info\/index.php\/wp-json\/wp\/v2\/posts\/166928"}],"collection":[{"href":"http:\/\/cordobainforma.info\/index.php\/wp-json\/wp\/v2\/posts"}],"about":[{"href":"http:\/\/cordobainforma.info\/index.php\/wp-json\/wp\/v2\/types\/post"}],"author":[{"embeddable":true,"href":"http:\/\/cordobainforma.info\/index.php\/wp-json\/wp\/v2\/users\/1"}],"replies":[{"embeddable":true,"href":"http:\/\/cordobainforma.info\/index.php\/wp-json\/wp\/v2\/comments?post=166928"}],"version-history":[{"count":0,"href":"http:\/\/cordobainforma.info\/index.php\/wp-json\/wp\/v2\/posts\/166928\/revisions"}],"wp:featuredmedia":[{"embeddable":true,"href":"http:\/\/cordobainforma.info\/index.php\/wp-json\/wp\/v2\/media\/166929"}],"wp:attachment":[{"href":"http:\/\/cordobainforma.info\/index.php\/wp-json\/wp\/v2\/media?parent=166928"}],"wp:term":[{"taxonomy":"category","embeddable":true,"href":"http:\/\/cordobainforma.info\/index.php\/wp-json\/wp\/v2\/categories?post=166928"},{"taxonomy":"post_tag","embeddable":true,"href":"http:\/\/cordobainforma.info\/index.php\/wp-json\/wp\/v2\/tags?post=166928"}],"curies":[{"name":"wp","href":"https:\/\/api.w.org\/{rel}","templated":true}]}}