{"id":166926,"date":"2025-09-03T13:55:06","date_gmt":"2025-09-03T13:55:06","guid":{"rendered":"http:\/\/cordobainforma.info\/index.php\/2025\/09\/03\/putin-si-zelenski-esta-listo-que-venga-a-moscu-y-esta-reunion-se-celebrara\/"},"modified":"2025-09-03T13:55:06","modified_gmt":"2025-09-03T13:55:06","slug":"putin-si-zelenski-esta-listo-que-venga-a-moscu-y-esta-reunion-se-celebrara","status":"publish","type":"post","link":"http:\/\/cordobainforma.info\/index.php\/2025\/09\/03\/putin-si-zelenski-esta-listo-que-venga-a-moscu-y-esta-reunion-se-celebrara\/","title":{"rendered":"Putin: \u00abSi Zelenski est\u00e1 listo, que venga a Mosc\u00fa y esta reuni\u00f3n se celebrar\u00e1\u00bb"},"content":{"rendered":"<p><img src=\"http:\/\/cordobainforma.info\/wp-content\/uploads\/2025\/09\/putin-si-zelenski-esta-listo-que-venga-a-moscu-y-esta-reunion-se-celebrara.jpg\"><\/p>\n<div><img src=\"http:\/\/cordobainforma.info\/wp-content\/uploads\/2025\/09\/putin-si-zelenski-esta-listo-que-venga-a-moscu-y-esta-reunion-se-celebrara-2.jpg\" class=\"ff-og-image-inserted\"><\/div>\n<div class=\"Text-root Text-type_5 ArticleView-text ViewText-root \">\n<p>El presidente de Rusia, Vlad\u00edmir Putin, ofreci\u00f3 al l\u00edder del r\u00e9gimen de Kiev, Vlad\u00edmir Zelenski, a celebrar un encuentro en Mosc\u00fa.&nbsp;<\/p>\n<p>\u00abEn cuanto a las reuniones con Zelenski, no&nbsp;he descartado tales encuentros. \u00bfTienen alg\u00fan sentido estos encuentros? Si Zelenski est\u00e1 listo, que venga a Mosc\u00fa, tal reuni\u00f3n se va a celebrar\u00bb, dijo el l\u00edder ruso durante una rueda de prensa celebrada&nbsp;para concluir su visita a China.<\/p>\n<p><strong><em>M\u00e1s informaci\u00f3n, en breve.<\/em><\/strong><\/p>\n<\/div>\n","protected":false},"excerpt":{"rendered":"<p>El presidente de Rusia, Vlad\u00edmir Putin, ofreci\u00f3 al l\u00edder del r\u00e9gimen de Kiev, Vlad\u00edmir Zelenski, a celebrar un encuentro en Mosc\u00fa.&nbsp; \u00abEn cuanto a las reuniones con Zelenski, no&nbsp;he descartado tales encuentros. \u00bfTienen alg\u00fan sentido estos encuentros? Si Zelenski est\u00e1 listo, que venga a Mosc\u00fa, tal reuni\u00f3n se va a celebrar\u00bb, dijo el l\u00edder ruso [&hellip;]<\/p>\n","protected":false},"author":1,"featured_media":166927,"comment_status":"closed","ping_status":"closed","sticky":false,"template":"","format":"standard","meta":[],"categories":[22],"tags":[],"_links":{"self":[{"href":"http:\/\/cordobainforma.info\/index.php\/wp-json\/wp\/v2\/posts\/166926"}],"collection":[{"href":"http:\/\/cordobainforma.info\/index.php\/wp-json\/wp\/v2\/posts"}],"about":[{"href":"http:\/\/cordobainforma.info\/index.php\/wp-json\/wp\/v2\/types\/post"}],"author":[{"embeddable":true,"href":"http:\/\/cordobainforma.info\/index.php\/wp-json\/wp\/v2\/users\/1"}],"replies":[{"embeddable":true,"href":"http:\/\/cordobainforma.info\/index.php\/wp-json\/wp\/v2\/comments?post=166926"}],"version-history":[{"count":0,"href":"http:\/\/cordobainforma.info\/index.php\/wp-json\/wp\/v2\/posts\/166926\/revisions"}],"wp:featuredmedia":[{"embeddable":true,"href":"http:\/\/cordobainforma.info\/index.php\/wp-json\/wp\/v2\/media\/166927"}],"wp:attachment":[{"href":"http:\/\/cordobainforma.info\/index.php\/wp-json\/wp\/v2\/media?parent=166926"}],"wp:term":[{"taxonomy":"category","embeddable":true,"href":"http:\/\/cordobainforma.info\/index.php\/wp-json\/wp\/v2\/categories?post=166926"},{"taxonomy":"post_tag","embeddable":true,"href":"http:\/\/cordobainforma.info\/index.php\/wp-json\/wp\/v2\/tags?post=166926"}],"curies":[{"name":"wp","href":"https:\/\/api.w.org\/{rel}","templated":true}]}}