{"id":166922,"date":"2025-09-03T10:31:12","date_gmt":"2025-09-03T10:31:12","guid":{"rendered":"https:\/\/www.mujerhoy.com\/vivir\/ocio\/mejor-plan-ninos-madrid-gratis-vuelta-cole-divertida-gofamily-20250903122106-nt.html"},"modified":"2025-09-03T10:31:12","modified_gmt":"2025-09-03T10:31:12","slug":"el-mejor-plan-con-ninos-en-madrid-para-la-vuelta-al-cole-es-divertido-educativo-y-gratis","status":"publish","type":"post","link":"http:\/\/cordobainforma.info\/index.php\/2025\/09\/03\/el-mejor-plan-con-ninos-en-madrid-para-la-vuelta-al-cole-es-divertido-educativo-y-gratis\/","title":{"rendered":"El mejor plan con ni\u00f1os en Madrid para la vuelta al cole es divertido, educativo y gratis"},"content":{"rendered":"<div class=\"media_block\"><\/div>\n<p><!-- AUTHOR --><\/p>\n<div class=\"voc-author-timesocial \">\n<!-- AUTHOR --><\/p>\n<div class=\"voc-author-timesocial__signature \">\n<!-- IMAGE AUTHOR -->\n<picture class=\"voc-image-signature\">\n<img class=\"voc-image-signature__img\" src=\"http:\/\/cordobainforma.info\/wp-content\/uploads\/2025\/09\/el-mejor-plan-con-ninos-en-madrid-para-la-vuelta-al-cole-es-divertido-educativo-y-gratis.jpg\" alt=\"Ana Calvo\">\n<\/picture>\n<!-- INFO AUTHOR --><\/p>\n<div class=\"voc-author-timesocial__info\" data-mrf-recirculation=\"Autor\">\n<div class=\"voc-author-info\">\n<author><br \/>\n<a class=\"voc-author\" href=\"https:\/\/www.mujerhoy.com\/autor\/ana-calvo-1186.html\">Ana Calvo<\/a><br \/>\n<\/author><br \/>\n<!-- TIME --><br \/>\n<time data-voc-date-modified class=\"mdamp-article-time\" itemprop=\"dateModified\" datetime=\"2025-09-03T10:27:31Z\" data-timestamp><br \/>\nActualizado \u00b7 <span data-voc-date-modified-short>3 de septiembre de 2025, 12:27 h<\/span><br \/>\n<\/time>\n<\/div>\n<\/div>\n<\/div><\/div>\n<p><!-- COMPONENTS --><\/p>\n<p class=\"voc-paragraph\">En septiembre comienza el curso. El a\u00f1o se reinicia. Estrenamos agenda y prop\u00f3sitos. Llega la vuelta al cole y a la oficina. Y, una temporada m\u00e1s, celebramos tambi\u00e9n <a href=\"https:\/\/gofamily.mujerhoy.com\/\" title=\"gofamily.mujerhoy.com\" data-voc-vtm-id=\"in-text-traffic\" data-mrf-link=\"gofamily.mujerhoy.com\">Go Family<\/a>, <strong>el evento para peques m\u00e1s divertivo, educativo e inspirador<\/strong>. Una jornada repleta de actividades en la que tambi\u00e9n disfrutar\u00e1n los mayores y que est\u00e1 pensada para dar la bienvenida a la rutina por todo lo alto.<\/p>\n<p class=\"voc-paragraph\">El s\u00e1bado <strong>13 de septiembre, de 10 a 16 horas, Fundaland<\/strong> (Monasterio de las Huelgas, 15) vuelve a acoger Go Family, el evento m\u00e1s esperado de la vuelta al cole. Una jornada inolvidabe pensada para disfrutar en familia al aire libre y vivir una aventura educativa, colaborativa, imaginativa, divertida y gratis.<\/p>\n<p class=\"voc-paragraph\">Actividades al aire libre, juegos, carreras de sacos, cuentacuentos, manualidades, bailes, m\u00fasica&#8230; En Go Family, los peques disfrutar\u00e1n de talleres guiados por expertos, pero tambi\u00e9n de actividades y juegos recreativos en este evento organizado por <strong>Mujerhoy y Vocento<\/strong> que cuenta con el patrocinio de <strong>LEAPMOTOR, Smileat, Suavinex, Zeiss Visi\u00f3n y Petit BamBou<\/strong> y en el que tambi\u00e9n colaboran <strong>Fundaland A la Par y UNICEF<\/strong>.<\/p>\n<p><h3 class=\"v-cmp-suh\">\nTodo lo que podr\u00e1n hacer tus hijos en Go Family<br \/>\n<\/h3>\n<\/p>\n<p class=\"voc-paragraph\">De 10 a 14h., los m\u00e1s peque\u00f1os descubrir\u00e1n un mundo de creatividad en&nbsp;<strong>The Artist Room<\/strong>, unos talleres educativos y creativos con materiales naturales y reciclados para que los ni\u00f1os y ni\u00f1as a partir de 3 a\u00f1os puedan desarrollar y estimular su imaginaci\u00f3n, emociones y capacidad creativa a trav\u00e9s del juego y el trabajo en grupo en un entorno cercano y divertido.<\/p>\n<p class=\"voc-paragraph\">En&nbsp;<strong>The Cooking House<\/strong>, los ni\u00f1os aprender\u00e1n a cocinar de forma saludable y divertida con talleres y showcookings en los que despertar\u00e1n su curiosidad culinaria, se concienciar\u00e1n de la importancia de una alimentaci\u00f3n sana y aprender\u00e1n recetas sencillas y deliciosas que, despu\u00e9s, podr\u00e9is hacer juntos en casa.<\/p>\n<p class=\"voc-paragraph\">La ciencia cobra protagonismo con el&nbsp;<strong>Taller de Ciencias<\/strong>, pensado para los peque\u00f1os investigadores a partir de seis a\u00f1os. En \u00e9l, los ni\u00f1os y ni\u00f1as podr\u00e1n explorar, descubrir, experimentar y aprender con actividades sorprendentes y educativas durante toda la ma\u00f1ana.<\/p>\n<p class=\"voc-paragraph\">El espect\u00e1culo tambi\u00e9n forma parte del plan y en el&nbsp;<strong>Teatrillo Fundaland<\/strong> se alternar\u00e1n clases de&nbsp;Zumba Mini de 11:45 a 12:15h.), cuentacuentos (de 12:30 a 13h.) y coreograf\u00edas de (13:15 a 13:45h.) en&nbsp;CoreoKIDS. Una ma\u00f1ana en la que el ritmo, los relatos y el movimiento se convierten en un atractivo para todos los sentidos.<\/p>\n<p class=\"voc-paragraph\">Adem\u00e1s de los talleres y actividades guiadas, <strong>la acci\u00f3n est\u00e1 asegurada<\/strong> con actividades como&nbsp;tiro con arco,&nbsp;escalada,&nbsp;parque de bolas,&nbsp;camas el\u00e1sticas,&nbsp;Diver Jumper,&nbsp;circuitos multiaventura&nbsp;y hasta un&nbsp;castillo hinchable. Juegos pensados para ni\u00f1os y ni\u00f1as de todas las edades, desde los 2 hasta los 15 a\u00f1os.<\/p>\n<p class=\"voc-paragraph\">Para sumar creatividad al ejercicio, no faltar\u00e1n las&nbsp;carreras de sacos,&nbsp;gymkanas&nbsp;y juegos de equipo en el que los m\u00e1s peque\u00f1os pueden competir en familia en din\u00e1micas que refuerzan la cooperaci\u00f3n, la coordinaci\u00f3n y la sonrisa. Por si fuera poco, desde las 10:15 y hasta las 14 horas estar\u00e1 abierto <strong>un espacio creativo para pintar<\/strong> en el los peques sacar\u00e1n al artista que llevan dentro y podr\u00e1n plasmar su experiencia en Go Family con un dibujo.<\/p>\n<div class=\"v-c-cmp v-c-cmp--t1\">\n<div class=\"v-cmp-rld v-cmp-rld--1 \">\n<article class=\"v-a v-a--cmp-rld v-a--cmp-rld-1 v-a--p-l\">\n<div class=\"v-a-img-c \">\n<div class=\"v-a-fig\">\n<a href=\"https:\/\/www.mujerhoy.com\/actualidad\/planes-ninos-en-familia-madrid-gofamily-mujerhoy-20240916140627-nt.html#vtm_modulosEngag=mod-rel:vivir:noticia:1:cmp:1-not\" class=\"v-a-link\" aria-label=\"Imagen\"><\/p>\n<div class=\"v-a-link\">\n<img loading=\"lazy\" src=\"http:\/\/cordobainforma.info\/wp-content\/uploads\/2025\/09\/el-mejor-plan-con-ninos-en-madrid-para-la-vuelta-al-cole-es-divertido-educativo-y-gratis-1.jpg\" class=\"v-a-img\" width=\"258\" height=\"180\" alt data-voc-vtm-id=\"in-text-traffic\">\n<\/div>\n<p><\/a>\n<\/div>\n<\/div>\n<\/article>\n<\/div>\n<\/div>\n","protected":false},"excerpt":{"rendered":"<p>Ana Calvo Actualizado \u00b7 3 de septiembre de 2025, 12:27 h En septiembre comienza el curso. El a\u00f1o se reinicia. Estrenamos agenda y prop\u00f3sitos. Llega la vuelta al cole y a la oficina. Y, una temporada m\u00e1s, celebramos tambi\u00e9n Go Family, el evento para peques m\u00e1s divertivo, educativo e inspirador. Una jornada repleta de actividades [&hellip;]<\/p>\n","protected":false},"author":1,"featured_media":166923,"comment_status":"open","ping_status":"closed","sticky":false,"template":"","format":"standard","meta":[],"categories":[18],"tags":[],"_links":{"self":[{"href":"http:\/\/cordobainforma.info\/index.php\/wp-json\/wp\/v2\/posts\/166922"}],"collection":[{"href":"http:\/\/cordobainforma.info\/index.php\/wp-json\/wp\/v2\/posts"}],"about":[{"href":"http:\/\/cordobainforma.info\/index.php\/wp-json\/wp\/v2\/types\/post"}],"author":[{"embeddable":true,"href":"http:\/\/cordobainforma.info\/index.php\/wp-json\/wp\/v2\/users\/1"}],"replies":[{"embeddable":true,"href":"http:\/\/cordobainforma.info\/index.php\/wp-json\/wp\/v2\/comments?post=166922"}],"version-history":[{"count":0,"href":"http:\/\/cordobainforma.info\/index.php\/wp-json\/wp\/v2\/posts\/166922\/revisions"}],"wp:featuredmedia":[{"embeddable":true,"href":"http:\/\/cordobainforma.info\/index.php\/wp-json\/wp\/v2\/media\/166923"}],"wp:attachment":[{"href":"http:\/\/cordobainforma.info\/index.php\/wp-json\/wp\/v2\/media?parent=166922"}],"wp:term":[{"taxonomy":"category","embeddable":true,"href":"http:\/\/cordobainforma.info\/index.php\/wp-json\/wp\/v2\/categories?post=166922"},{"taxonomy":"post_tag","embeddable":true,"href":"http:\/\/cordobainforma.info\/index.php\/wp-json\/wp\/v2\/tags?post=166922"}],"curies":[{"name":"wp","href":"https:\/\/api.w.org\/{rel}","templated":true}]}}