{"id":166920,"date":"2025-09-03T12:38:13","date_gmt":"2025-09-03T12:38:13","guid":{"rendered":"https:\/\/www.mujerhoy.com\/vivir\/ocio\/besalu-pueblo-medieval-bonito-garrotxa-girona-puente-20250903152447-nt.html"},"modified":"2025-09-03T12:38:13","modified_gmt":"2025-09-03T12:38:13","slug":"asi-es-el-pueblo-medieval-mas-bonito-de-la-garrotxa-y-puede-que-de-espana-su-majestuoso-puente-y-unos-banos-rituales","status":"publish","type":"post","link":"http:\/\/cordobainforma.info\/index.php\/2025\/09\/03\/asi-es-el-pueblo-medieval-mas-bonito-de-la-garrotxa-y-puede-que-de-espana-su-majestuoso-puente-y-unos-banos-rituales\/","title":{"rendered":"As\u00ed es el pueblo medieval m\u00e1s bonito de la Garrotxa, y puede que de Espa\u00f1a: su majestuoso puente y unos ba\u00f1os rituales"},"content":{"rendered":"<div class=\"media_block\"><\/div>\n<p><!-- AUTHOR --><\/p>\n<div class=\"voc-author-timesocial \">\n<!-- AUTHOR --><\/p>\n<div class=\"voc-author-timesocial__signature \">\n<!-- IMAGE AUTHOR -->\n<picture class=\"voc-image-signature\">\n<img class=\"voc-image-signature__img\" src=\"http:\/\/cordobainforma.info\/wp-content\/uploads\/2025\/09\/asi-es-el-pueblo-medieval-mas-bonito-de-la-garrotxa-y-puede-que-de-espana-su-majestuoso-puente-y-unos-banos-rituales.jpg\" alt=\"\u00c1ngeles Castillo\">\n<\/picture>\n<!-- INFO AUTHOR --> <\/div><\/div>\n<p><!-- COMPONENTS --><\/p>\n<p class=\"voc-paragraph\">Decimos <a href=\"https:\/\/www.mujerhoy.com\/vivir\/ocio\/albarracin-pueblo-misterioso-espana-teruel-bonito-medieval-casas-rojas-leyendas-20250515160648-nt.html\" target=\"_self\" data-voc-vtm-id=\"in-text-traffic\" title=\"el pueblo medieval m\u00e1s bonito\" data-mrf-link=\"www.mujerhoy.com\" rel=\"noopener noreferrer\">el pueblo medieval m\u00e1s bonito<\/a> de la Garrotxa, pero tambi\u00e9n es uno de los m\u00e1s bonitos de Espa\u00f1a, como el vecino Castellfollit de la Roca, soberbio y a solo trece kil\u00f3metros. O <a href=\"https:\/\/www.mujerhoy.com\/vivir\/ocio\/sant-marti-vell-girona-pueblo-medieval-visitan-leonor-sofia-20250724111700-nt.html\" target=\"_self\" data-voc-vtm-id=\"in-text-traffic\" title=\"Sant Mart\u00ed Vell, donde se alza el santuario en el que se cas\u00f3 Dal\u00ed\" data-mrf-link=\"www.mujerhoy.com\" rel=\"noopener noreferrer\">Sant Mart\u00ed Vell, donde se alza el santuario en el que se cas\u00f3 Dal\u00ed<\/a>, a apenas media hora. A <strong>Besal\u00fa<\/strong> lo definir\u00edamos como el t\u00edpico pueblo que siempre sale bien en la foto, como si hubiese hecho un pacto con el diablo y no pasase el tiempo por \u00e9l, ni siquiera cerca de \u00e9l. Su casco antiguo es admirable, lo mismo que su pintoresca ubicaci\u00f3n sobre el Fluvi\u00e0. <\/p>\n<p class=\"voc-paragraph\">Tanta grandeza se debe a que fue un condado independiente, erigido a m\u00e1s de 150 metros de altitud. Uno de los m\u00e1s influyentes de Catalu\u00f1a, a decir verdad. Se nota al llegar al <strong>Pont Vell<\/strong>, <a href=\"https:\/\/www.mujerhoy.com\/vivir\/ocio\/alcantara-precioso-pueblo-caceres-portugal-puente-romano-20250822181526-nt.html\" target=\"_self\" data-voc-vtm-id=\"in-text-traffic\" title=\"bello puente rom\u00e1nico con siete arcos\" data-mrf-link=\"www.mujerhoy.com\" rel=\"noopener noreferrer\">bello puente rom\u00e1nico con siete arcos<\/a> desiguales que desprende majestuosidad y que hace presagiar todo lo dem\u00e1s. Originario del siglo XI, fue destruido durante la guerra civil espa\u00f1ola y reconstruido, por fortuna, en los a\u00f1os cincuenta y siguientes. Hoy reluce como la joya de su corona, atracci\u00f3n tur\u00edstica m\u00e1xima.<\/p>\n<div class=\"v-c-cmp v-c-cmp--t1 \">\n<div class=\"v-cmp-rld v-cmp-rld--2 \">\n<div class=\"v-cnt-m v-cnt-m--m\">\n<div class=\"v-cnt-m__c\">\n<div class=\"v-cnt-m__w v-cnt-m__w--1\">\n<p class=\"v-cnt-m__t\">\nTAMBI\u00c9N TE INTERESA\n<\/p>\n<\/div>\n<\/div>\n<\/div>\n<div class=\"v-g v-g--2-c v-g--bdr-min-xs\">\n<div class=\"v-g__c \">\n<article class=\"v-a v-a--cmp-rld v-a--cmp-rld-2 v-a--p-l\">\n<div class=\"v-a-img-c\">\n<figure class=\"v-a-fig\">\n<a href=\"https:\/\/www.mujerhoy.com\/vivir\/ocio\/bubion-bonito-pueblo-blanco-alpujarras-granada-destino-slow-20250801100314-nt.html#vtm_modulosEngag=mod-rel:vivir:noticia:1:cmp:2-not\" class=\"v-a-link\" title=\"Este pueblo blanco alpujarre\u00f1o es el \u00fanico destino slow de Andaluc\u00eda: oda a la vida tranquila, vistas a Sierra Nevada, arquitectura t\u00edpica y jarapas\"><br \/>\n<img loading=\"lazy\" class=\"v-a-img\" src=\"http:\/\/cordobainforma.info\/wp-content\/uploads\/2025\/09\/asi-es-el-pueblo-medieval-mas-bonito-de-la-garrotxa-y-puede-que-de-espana-su-majestuoso-puente-y-unos-banos-rituales-1.jpg\" alt=\"Este pueblo blanco alpujarre\u00f1o es el \u00fanico destino slow de Andaluc\u00eda: oda a la vida tranquila, vistas a Sierra Nevada, arquitectura t\u00edpica y jarapas\"><br \/>\n<\/a><br \/>\n<\/figure>\n<\/div>\n<\/article>\n<\/div>\n<div class=\"v-g__c \">\n<article class=\"v-a v-a--cmp-rld v-a--cmp-rld-2 v-a--p-l\">\n<div class=\"v-a-img-c\">\n<figure class=\"v-a-fig\">\n<a href=\"https:\/\/www.mujerhoy.com\/vivir\/ocio\/maro-pueblo-blanco-malaga-axarquia-playas-calas-secretas-20250820202219-nt.html#vtm_modulosEngag=mod-rel:vivir:noticia:2:cmp:2-not\" class=\"v-a-link\" title=\"El pueblo blanco de M\u00e1laga que tiene calas preciosas, acantilados espectaculares y una gran cascada\"><br \/>\n<img loading=\"lazy\" class=\"v-a-img\" src=\"http:\/\/cordobainforma.info\/wp-content\/uploads\/2025\/09\/asi-es-el-pueblo-medieval-mas-bonito-de-la-garrotxa-y-puede-que-de-espana-su-majestuoso-puente-y-unos-banos-rituales-2.jpg\" alt=\"El pueblo blanco de M\u00e1laga que tiene calas preciosas, acantilados espectaculares y una gran cascada\"><br \/>\n<\/a><br \/>\n<\/figure>\n<\/div>\n<\/article>\n<\/div>\n<\/div>\n<\/div>\n<\/div>\n<p class=\"voc-paragraph\">No obstante, Besal\u00fa es <strong>muy siglo XII<\/strong>. El siglo de la iglesia del antiguo monasterio de Sant Pere, en la que hay que deambular, valga la redundancia, por el deambulatorio o girola, y pararse un momento -o m\u00e1s- a contemplar su sobria e imponente fachada. Por cierto, es la sede del Festival de M\u00fasica de Besal\u00fa, que tiene lugar en mayo; no pod\u00eda haberla mejor. Y es, a la vez, el siglo de la de Sant Vicen\u00e7, de portada igualmente impresionante, como su interior. Situada justamente a la entrada de la villa y uno de sus edificios m\u00e1s antiguos, pues ya exist\u00eda en parte en el lejan\u00edsimo siglo X. <\/p>\n<p class=\"voc-paragraph\">Cambiando de tercio, la<strong> iglesia hospital de Sant Juli\u00e0<\/strong>, que atend\u00eda a los peregrinos, conserva \u00fanicamente la fachada de su estructura original, con seis arcos en degradaci\u00f3n y cuatro capiteles. La de Santa Mar\u00eda, de otro lado, proviene del siglo XI y hay que <a href=\"https:\/\/www.mujerhoy.com\/vivir\/ocio\/oropesa-toledo-pueblo-medieval-dos-horas-madrid-visitar-castillo-parador-leyenda-arabe-20250808151830-nt.html\" target=\"_self\" data-voc-vtm-id=\"in-text-traffic\" title=\"buscarla en el recinto del castillo\" data-mrf-link=\"www.mujerhoy.com\" rel=\"noopener noreferrer\">buscarla en el recinto del castillo<\/a>, o lo que queda de \u00e9l (o de ellos). De hecho se llam\u00f3 en un principio Santa Maria del Castell. Despu\u00e9s la esperaban mayor gloria y no pocas transformaciones. Ahora, sus restos m\u00e1s sobresalientes est\u00e1n en el Conventet de Pedralbes y el Museu Nacional d&#8217;Art de Catalunya en Barcelona.<\/p>\n<div class=\"v-c-cmp v-c-cmp--s\">\n<div class=\"v-cmp-m \">\n<article class=\"v-a v-a--cmp-m v-c-cmp--m-z\">\n<div class=\"v-a-img-c \">\n<div class=\"v-a-fig\">\n<button class=\"v-a-link\" popovertarget=\"photo-300\"><br \/>\n<img loading=\"lazy\" src=\"http:\/\/cordobainforma.info\/wp-content\/uploads\/2025\/09\/asi-es-el-pueblo-medieval-mas-bonito-de-la-garrotxa-y-puede-que-de-espana-su-majestuoso-puente-y-unos-banos-rituales-3.jpg\" class=\"v-a-img\" width=\"650\" height=\"650\" alt=\"La iglesia del monasterio de Sant Pere es una de las joyas de Besal\u00fa.\" data-voc-vtm-id=\"in-text-traffic\"> <\/button><figcaption class=\"v-fc\">\n<span class=\"v-fc__t\"><br \/>\nLa iglesia del monasterio de Sant Pere es una de las joyas de Besal\u00fa.<br \/>\n<\/span><br \/>\n<span class=\"v-fc__p\"><br \/>\nPEXELS\/ANTONIO LORENZANA<br \/>\n<\/span><br \/>\n<\/figcaption><\/div>\n<\/div>\n<div id=\"photo-300\" popover class=\"v-mdl v-mdl--fw\">\n<button class=\"v-x\" popovertarget=\"photo-300\" popovertargetaction=\"hide\"><br \/>\n<span class=\"v-i\"><br \/>\n<svg width=\"24\" height=\"23.996\" viewBox=\"0 0 24 23.996\">\n<path data-name=\"Uni\u00f3n 29\" d=\"M12,14.03,2.031,24,0,21.963,9.968,12,0,2.033,2.031,0,12,9.966,21.969,0,24,2.033,14.032,12,24,21.963,21.969,24Z\" \/>\n<\/svg><br \/>\n<\/span><br \/>\n<\/button><\/p>\n<div class=\"v-mdl__c\">\n<div class=\"v-mdl__w\">\n<img loading=\"lazy\" src=\"http:\/\/cordobainforma.info\/wp-content\/uploads\/2025\/09\/asi-es-el-pueblo-medieval-mas-bonito-de-la-garrotxa-y-puede-que-de-espana-su-majestuoso-puente-y-unos-banos-rituales-3.jpg\" class=\"v-mdl__img-z\" width=\"650\" height=\"650\" alt>\n<\/div>\n<\/div>\n<\/div>\n<p><span class=\"v-bdp\"><\/span><br \/>\n<\/article>\n<\/div>\n<\/div>\n<p class=\"voc-paragraph\">Besal\u00fa nos introduce en un suma y sigue de <strong>patrimonio hist\u00f3rico-art\u00edstico<\/strong>. M\u00e1s all\u00e1 de sus memorables iglesias, la casa Cornell\u00e0, construida por una de sus familias m\u00e1s ilustres, es uno de los ejemplos del rom\u00e1nico civil mejor conservados de Catalu\u00f1a. La planta baja era para los establos y el servicio; el primer piso, con galer\u00eda de arcos de medio punto, la vivienda de los Cornell\u00e0, y el \u00faltimo, el granero. No le falta un patio porticado que se merece todas nuestras alabanzas. De los Cornell\u00e0 pas\u00f3 a los Llaudes y actualmente es de los Sol\u00e0-Morales. <\/p>\n<p class=\"voc-paragraph\">En cuanto a la<strong> C\u00faria Real<\/strong>, el edificio medieval destinado a la administraci\u00f3n de la justicia en nombre del rey, que fue posteriormente convento, presume de sala g\u00f3tica, su pieza de mayor relevancia hist\u00f3rica. Sin embargo, una de sus dependencias fue convertida en <strong>restaurante<\/strong>, del mismo nombre, que hace alarde -porque puede- <a href=\"https:\/\/www.mujerhoy.com\/vivir\/gastronomia\/mejores-terrazas-madrid-costa-del-sol-sevilla-canarias-verano-2025-20250608145647-nt.html\" target=\"_self\" data-voc-vtm-id=\"in-text-traffic\" title=\"de terraza con vistas impagables\" data-mrf-link=\"www.mujerhoy.com\" rel=\"noopener noreferrer\">de terraza con vistas impagables<\/a>. Todo tiene <a href=\"https:\/\/www.mujerhoy.com\/vivir\/ocio\/alquezar-huesca-pueblo-medieval-colgado-leyendas-espiritus-fortaleza-arabe-20250718142551-nt.html\" target=\"_self\" data-voc-vtm-id=\"in-text-traffic\" title=\"un acentuado aire medieval aqu\u00ed\" data-mrf-link=\"www.mujerhoy.com\" rel=\"noopener noreferrer\">un acentuado aire medieval aqu\u00ed<\/a>, lo que no quita para que haya huellas de \u00edberos y romanos. <\/p>\n<p><h3 class=\"v-cmp-suh\">\nQu\u00e9 ver en Besal\u00fa adem\u00e1s de los ba\u00f1os jud\u00edos<br \/>\n<\/h3>\n<\/p>\n<p class=\"voc-paragraph\">Besal\u00fa, como <a href=\"https:\/\/www.mujerhoy.com\/vivir\/ocio\/calatanazor-soria-pueblo-medieval-desconocido-turistas-castillo-ruina-20250726100135-nt.html\" target=\"_self\" data-voc-vtm-id=\"in-text-traffic\" title=\"Calata\u00f1azor, donde parece que se ha parado el tiempo\" data-mrf-link=\"www.mujerhoy.com\" rel=\"noopener noreferrer\">Calata\u00f1azor, donde parece que se ha parado el tiempo<\/a>, hay que pate\u00e1rselo de arriba a abajo y sin dejarse rinc\u00f3n alguno. As\u00ed, monumento a monumento y con la boca abierta de asombro, se llega a la juder\u00eda y, m\u00e1s concretamente, al <strong>micv\u00e9<\/strong>, la casa de ba\u00f1os rituales jud\u00edos, la \u00fanica descubierta hasta ahora (y por casualidad) en la pen\u00ednsula ib\u00e9rica, junto a la de Girona. Una c\u00e1mara de estilo rom\u00e1nico hecha de piedra tallada con b\u00f3veda de ca\u00f1\u00f3n, una ventana estrecha y una <strong>piscina central<\/strong> para purificar el alma, a la que se desciende mediante 36 escalones. Tambi\u00e9n pueden verse los restos de la sinagoga, datada en 1264. Al final, en la plaza de los Jud\u00edos, el regalo, uno m\u00e1s, es la panor\u00e1mica del puente fortificado y el omnipresente Fluvi\u00e0.<\/p>\n<p class=\"voc-paragraph\">Besal\u00fa fue siempre un relevante cruce de caminos entre Girona y Francia, entre las comarcas del Alt Empord\u00e0, el Pla de l&#8217;Estany y La Garrotxa, que le es propia, adem\u00e1s de concitar a artesanos, campesinos y comerciantes en un fresco que, otra vez, nos traslada a la Edad Media. Lo que hace su prestigiosa <strong>feria medieval<\/strong>, el primer fin de semana de septiembre, cuando trovadores, artesanos y caballeros toman las calles con sus cantigas, oficios y justas. Para la Feria de la Rataf\u00eda, con muestra, degustaci\u00f3n y venta de este licor dulce t\u00edpicamente catal\u00e1n, hay que esperar al primer domingo de diciembre. El momento id\u00f3neo para comprar un buen turr\u00f3n en los puestos de su mercado artesanal.<\/p>\n<div class=\"v-c-cmp v-c-cmp--s\">\n<div class=\"v-cmp-m \">\n<article class=\"v-a v-a--cmp-m v-c-cmp--m-z\">\n<div class=\"v-a-img-c \">\n<div class=\"v-a-fig\">\n<button class=\"v-a-link\" popovertarget=\"photo-653\"><br \/>\n<img loading=\"lazy\" src=\"http:\/\/cordobainforma.info\/wp-content\/uploads\/2025\/09\/asi-es-el-pueblo-medieval-mas-bonito-de-la-garrotxa-y-puede-que-de-espana-su-majestuoso-puente-y-unos-banos-rituales-4.jpg\" class=\"v-a-img\" width=\"650\" height=\"650\" alt=\"El Pont Vell de Besal\u00fa sobre el r\u00edo Fluvi\u00e0.\" data-voc-vtm-id=\"in-text-traffic\"> <\/button><figcaption class=\"v-fc\">\n<span class=\"v-fc__t\"><br \/>\nEl Pont Vell de Besal\u00fa sobre el r\u00edo Fluvi\u00e0.<br \/>\n<\/span><br \/>\n<span class=\"v-fc__p\"><br \/>\nPEXELS\/MANUEL TORRES GARC\u00cdA<br \/>\n<\/span><br \/>\n<\/figcaption><\/div>\n<\/div>\n<div id=\"photo-653\" popover class=\"v-mdl v-mdl--fw\">\n<button class=\"v-x\" popovertarget=\"photo-653\" popovertargetaction=\"hide\"><br \/>\n<span class=\"v-i\"><br \/>\n<svg width=\"24\" height=\"23.996\" viewBox=\"0 0 24 23.996\">\n<path data-name=\"Uni\u00f3n 29\" d=\"M12,14.03,2.031,24,0,21.963,9.968,12,0,2.033,2.031,0,12,9.966,21.969,0,24,2.033,14.032,12,24,21.963,21.969,24Z\" \/>\n<\/svg><br \/>\n<\/span><br \/>\n<\/button><\/p>\n<div class=\"v-mdl__c\">\n<div class=\"v-mdl__w\">\n<img loading=\"lazy\" src=\"http:\/\/cordobainforma.info\/wp-content\/uploads\/2025\/09\/asi-es-el-pueblo-medieval-mas-bonito-de-la-garrotxa-y-puede-que-de-espana-su-majestuoso-puente-y-unos-banos-rituales-4.jpg\" class=\"v-mdl__img-z\" width=\"650\" height=\"650\" alt>\n<\/div>\n<\/div>\n<\/div>\n<p><span class=\"v-bdp\"><\/span><br \/>\n<\/article>\n<\/div>\n<\/div>\n<p class=\"voc-paragraph\">A vueltas con el r\u00edo Fluvi\u00e0, que <a href=\"https:\/\/www.mujerhoy.com\/vivir\/ocio\/ampurdan-castillos-surrealistas-pueblos-medievales-recomendaciones-vacaciones-alojamientos-lujo-20250706145720-nt.html\" target=\"_self\" data-voc-vtm-id=\"in-text-traffic\" title=\"desemboca en las marismas del Ampurd\u00e1n\" data-mrf-link=\"www.mujerhoy.com\" rel=\"noopener noreferrer\">desemboca en las marismas del Ampurd\u00e1n<\/a>, cerca de Sant Pere Pescador, se puede recorrer, a pie o en bicicleta, por el <strong>Anillo Verde<\/strong> que traza circunvalando la villa y pasando por jardines, huertos y molinos harineros. Y, pensando a lo grande, lo suyo es aventurarse, ya que estamos por aqu\u00ed (a solo 24 km), por el <strong>Parque Natural de la Zona Volc\u00e1nica de la Garrotxa<\/strong>, el mejor exponente de paisaje volc\u00e1nico de la pen\u00ednsula ib\u00e9rica. Una cuarentena de conos volc\u00e1nicos y m\u00e1s de 20 coladas de lavas bas\u00e1lticas, para ser exactos. Lo que se traduce en vegetaci\u00f3n exuberante, dominada por robledales, encinares y hayedos.<\/p>\n<p class=\"voc-paragraph\">Otra cosa muy distinta, pero igual de emocionante, es dejarse caer por el <strong>estany de Banyoles<\/strong>, el lago natural m\u00e1s grande de Girona y de toda Catalu\u00f1a, que nos queda a solo 13 kil\u00f3metros. Y si se tercia, que se terciar\u00e1, darse un chapuz\u00f3n en cualquiera de sus tres puntos habilitados para el ba\u00f1o: la Caseta de Fusta, los Banys Vells, con bar para tapear y todo, y las instalaciones del Club Nataci\u00f3 Banyoles, con entrada de pago para los no socios. Pues eso, el lugar id\u00edlico que buscabas.<\/p>\n<div class=\"v-c-cmp v-c-cmp--t1 \">\n<div class=\"v-cmp-rld v-cmp-rld--2 \">\n<div class=\"v-cnt-m v-cnt-m--m\">\n<div class=\"v-cnt-m__c\">\n<div class=\"v-cnt-m__w v-cnt-m__w--1\">\n<p class=\"v-cnt-m__t\">\nNO TE PIERDAS\n<\/p>\n<\/div>\n<\/div>\n<\/div>\n<div class=\"v-g v-g--2-c v-g--bdr-min-xs\">\n<div class=\"v-g__c \">\n<article class=\"v-a v-a--cmp-rld v-a--cmp-rld-2 v-a--p-l\">\n<div class=\"v-a-img-c\">\n<figure class=\"v-a-fig\">\n<a href=\"https:\/\/www.mujerhoy.com\/vivir\/ocio\/algodonales-pueblo-blanco-cadiz-perfecto-vacaciones-20250823110352-nt.html#vtm_modulosEngag=mod-rel:vivir:noticia:1:cmp:2-not\" class=\"v-a-link\" title=\"El desconocido pueblo blanco de C\u00e1diz para redondear tus vacaciones: doce fuentes, encantadoras calles con naranjos y altos vuelos en parapente\"><br \/>\n<img loading=\"lazy\" class=\"v-a-img\" src=\"http:\/\/cordobainforma.info\/wp-content\/uploads\/2025\/09\/asi-es-el-pueblo-medieval-mas-bonito-de-la-garrotxa-y-puede-que-de-espana-su-majestuoso-puente-y-unos-banos-rituales-5.jpg\" alt=\"El desconocido pueblo blanco de C\u00e1diz para redondear tus vacaciones: doce fuentes, encantadoras calles con naranjos y altos vuelos en parapente\"><br \/>\n<\/a><br \/>\n<\/figure>\n<\/div>\n<\/article>\n<\/div>\n<div class=\"v-g__c \">\n<article class=\"v-a v-a--cmp-rld v-a--cmp-rld-2 v-a--p-l\">\n<div class=\"v-a-img-c\">\n<figure class=\"v-a-fig\">\n<a href=\"https:\/\/www.mujerhoy.com\/vivir\/ocio\/baiona-pontevedra-rias-baixas-pueblo-medieval-paseo-maritimo-20250821111839-nt.html#vtm_modulosEngag=mod-rel:vivir:noticia:2:cmp:2-not\" class=\"v-a-link\" title=\"El verano perfecto para los amantes del mar est\u00e1 en Pontevedra: una villa amurallada frente a las islas C\u00edes\"><br \/>\n<img loading=\"lazy\" class=\"v-a-img\" src=\"http:\/\/cordobainforma.info\/wp-content\/uploads\/2025\/09\/asi-es-el-pueblo-medieval-mas-bonito-de-la-garrotxa-y-puede-que-de-espana-su-majestuoso-puente-y-unos-banos-rituales-6.jpg\" alt=\"El verano perfecto para los amantes del mar est\u00e1 en Pontevedra: una villa amurallada frente a las islas C\u00edes\"><br \/>\n<\/a><br \/>\n<\/figure>\n<\/div>\n<\/article>\n<\/div>\n<\/div>\n<\/div>\n<\/div>\n","protected":false},"excerpt":{"rendered":"<p>Decimos el pueblo medieval m\u00e1s bonito de la Garrotxa, pero tambi\u00e9n es uno de los m\u00e1s bonitos de Espa\u00f1a, como el vecino Castellfollit de la Roca, soberbio y a solo trece kil\u00f3metros. O Sant Mart\u00ed Vell, donde se alza el santuario en el que se cas\u00f3 Dal\u00ed, a apenas media hora. A Besal\u00fa lo definir\u00edamos [&hellip;]<\/p>\n","protected":false},"author":1,"featured_media":166921,"comment_status":"open","ping_status":"closed","sticky":false,"template":"","format":"standard","meta":[],"categories":[18],"tags":[],"_links":{"self":[{"href":"http:\/\/cordobainforma.info\/index.php\/wp-json\/wp\/v2\/posts\/166920"}],"collection":[{"href":"http:\/\/cordobainforma.info\/index.php\/wp-json\/wp\/v2\/posts"}],"about":[{"href":"http:\/\/cordobainforma.info\/index.php\/wp-json\/wp\/v2\/types\/post"}],"author":[{"embeddable":true,"href":"http:\/\/cordobainforma.info\/index.php\/wp-json\/wp\/v2\/users\/1"}],"replies":[{"embeddable":true,"href":"http:\/\/cordobainforma.info\/index.php\/wp-json\/wp\/v2\/comments?post=166920"}],"version-history":[{"count":0,"href":"http:\/\/cordobainforma.info\/index.php\/wp-json\/wp\/v2\/posts\/166920\/revisions"}],"wp:featuredmedia":[{"embeddable":true,"href":"http:\/\/cordobainforma.info\/index.php\/wp-json\/wp\/v2\/media\/166921"}],"wp:attachment":[{"href":"http:\/\/cordobainforma.info\/index.php\/wp-json\/wp\/v2\/media?parent=166920"}],"wp:term":[{"taxonomy":"category","embeddable":true,"href":"http:\/\/cordobainforma.info\/index.php\/wp-json\/wp\/v2\/categories?post=166920"},{"taxonomy":"post_tag","embeddable":true,"href":"http:\/\/cordobainforma.info\/index.php\/wp-json\/wp\/v2\/tags?post=166920"}],"curies":[{"name":"wp","href":"https:\/\/api.w.org\/{rel}","templated":true}]}}