{"id":166906,"date":"2025-09-03T12:20:40","date_gmt":"2025-09-03T12:20:40","guid":{"rendered":"https:\/\/cordobainforma.info\/index.php\/2025\/09\/03\/transporte-en-corrientes-colectivos-dejaron-de-circular-de-23-a-6-y-hay-menos-unidades-en-el-dia\/"},"modified":"2025-09-03T12:20:40","modified_gmt":"2025-09-03T12:20:40","slug":"transporte-en-corrientes-colectivos-dejaron-de-circular-de-23-a-6-y-hay-menos-unidades-en-el-dia","status":"publish","type":"post","link":"http:\/\/cordobainforma.info\/index.php\/2025\/09\/03\/transporte-en-corrientes-colectivos-dejaron-de-circular-de-23-a-6-y-hay-menos-unidades-en-el-dia\/","title":{"rendered":"Transporte en Corrientes: colectivos dejaron de circular de 23 a 6 y hay menos unidades en el d\u00eda"},"content":{"rendered":"<div class=\"media_block\"><\/div>\n<div><img src=\"http:\/\/cordobainforma.info\/wp-content\/uploads\/2025\/09\/transporte-en-corrientes-colectivos-dejaron-de-circular-de-23-a-6-y-hay-menos-unidades-en-el-dia.jpg\" class=\"ff-og-image-inserted\"><\/div>\n<p>Un nuevo conflicto se desat\u00f3 en el sector del transporte p\u00fablico de <strong>Corrientes<\/strong> tras la decisi\u00f3n unilateral de las empresas <strong>Ersa<\/strong> y <strong>San Lorenzo<\/strong> de reducir el servicio de <strong>colectivos<\/strong> en la ciudad. La medida, que rige desde este martes y que seg\u00fan la <strong>Uni\u00f3n Tranviarios Automotor (UTA)<\/strong> se extender\u00e1 por tiempo indeterminado, impacta directamente en el bolsillo y la rutina de los pasajeros.<\/p>\n<p class=\"destacadoNota\"><a target=\"_blank\" href=\"https:\/\/www.perfil.com\/noticias\/nea\/puente-chaco-corrientes-anuncian-trabajos-nocturnos-que-afectaran-el-transito-durante-un-mes.phtml\" rel=\"noopener noreferrer\"><strong>Puente Chaco-Corrientes: anuncian trabajos nocturnos que afectar\u00e1n el tr\u00e1nsito durante un mes<\/strong><\/a><\/p>\n<p><strong>Jos\u00e9 Luis Sabao<\/strong>, secretario general de la <strong>UTA Corrientes<\/strong>, fue quien confirm\u00f3 la medida, y asegur\u00f3 que los <strong>colectivos<\/strong> dejar\u00e1n de circular entre las <strong>23 y las 6 horas<\/strong>. Adem\u00e1s, habr\u00e1 una <strong>reducci\u00f3n de unidades<\/strong> durante el d\u00eda, lo que \u201ctrae consecuencias para los pasajeros\u201d.<\/p>\n<h2><strong>La denuncia de la UTA: \u201cLe damos un mal servicio al pasajero\u201d<\/strong><\/h2>\n<p>Sabao lament\u00f3 la decisi\u00f3n de las empresas, de la que se enteraron a trav\u00e9s de un \u201cdiagrama de servicio\u201d interno y no por comunicaci\u00f3n oficial. \u00abLa verdad que desde mi lugar y el lugar de mis compa\u00f1eros no entendemos, es m\u00e1s, tampoco estamos de acuerdo con eso, porque sabemos que de ser as\u00ed se le est\u00e1 brindando un mal servicio al pasajero\u00bb, afirm\u00f3 a radio Sudamericana.<\/p>\n<p>El dirigente sindical sostuvo que la <strong>reducci\u00f3n<\/strong> es importante, sobre todo para aquellos que tienen que madrugar para ir al trabajo, \u201cel que trabaja en salud, el que trabaja en educaci\u00f3n y bueno, en distintos lugares, mucha gente que tiene que llegar a las 6 de la ma\u00f1ana\u201d.<\/p>\n<p>Seg\u00fan sus c\u00e1lculos, la medida se debe a que las empresas \u00abno cuentan con los fondos como para hacer frente a todo lo que existe\u00bb. <\/p>\n<h2><strong>La reacci\u00f3n de la Municipalidad y las multas a las empresas<\/strong><\/h2>\n<p>Por su parte, el subsecretario de Transporte de la Municipalidad, <strong>Lisandro Rueda<\/strong>, confirm\u00f3 que se resinti\u00f3 el servicio a partir de las 23 horas, lo que activ\u00f3 de inmediato un procedimiento. \u00abEstamos enviando las \u00f3rdenes de servicio a las empresas para que den explicaciones y que se acoten a que cumplan con lo estipulado\u00bb, indic\u00f3.<\/p>\n<p class=\"destacadoNota\"><a target=\"_blank\" href=\"https:\/\/www.perfil.com\/noticias\/nea\/traslado-del-dia-del-empleado-de-comercio-el-feriado-se-pasara-al-lunes-29-de-septiembre.phtml\" rel=\"noopener noreferrer\"><strong>Traslado del D\u00eda del Empleado de Comercio: el feriado se pasar\u00e1 al lunes 29 de septiembre<\/strong><\/a><\/p>\n<p>Rueda calific\u00f3 la decisi\u00f3n como \u201cunilateral\u201d y confirm\u00f3 que se han aplicado <strong>sanciones econ\u00f3micas<\/strong> y que ya existen \u201cmuchas multas\u201d contra las empresas. Adem\u00e1s, adelant\u00f3 que el pr\u00f3ximo lunes habr\u00e1 una reuni\u00f3n entre las partes involucradas. \u201cHaremos todo lo posible para entrar en una negociaci\u00f3n\u201d, dijo, aunque dej\u00f3 en claro que lo no negociable es \u201cla constataci\u00f3n de la inacci\u00f3n\u201d por parte de las empresas.<\/p>\n<h2><strong>Un conflicto de servicio que podr\u00eda afectar el salario<\/strong><\/h2>\n<p>El conflicto en el <strong>transporte<\/strong> de <strong>Corrientes<\/strong> se presenta como un nuevo cap\u00edtulo de la tensi\u00f3n entre las empresas, la <strong>UTA<\/strong> y el Municipio.<\/p>\n<p>La <strong>reducci\u00f3n del servicio<\/strong> es una respuesta a lo que las empresas consideran una falta de fondos, una situaci\u00f3n que podr\u00eda terminar afectando el salario de los trabajadores.<\/p>\n<p>La reuni\u00f3n del lunes ser\u00e1 clave para determinar si se logra un acuerdo o si la <strong>crisis<\/strong> del transporte continuar\u00e1 escalando, afectando directamente a los miles de <strong>correntinos<\/strong> que lo utilizan a diario.<\/p>\n<div class=\"article__tags\">\n<p>En esta Nota<\/p>\n<\/p><\/div>\n","protected":false},"excerpt":{"rendered":"<p>Un nuevo conflicto se desat\u00f3 en el sector del transporte p\u00fablico de Corrientes tras la decisi\u00f3n unilateral de las empresas Ersa y San Lorenzo de reducir el servicio de colectivos en la ciudad. La medida, que rige desde este martes y que seg\u00fan la Uni\u00f3n Tranviarios Automotor (UTA) se extender\u00e1 por tiempo indeterminado, impacta directamente [&hellip;]<\/p>\n","protected":false},"author":1,"featured_media":166907,"comment_status":"closed","ping_status":"closed","sticky":false,"template":"","format":"standard","meta":[],"categories":[2],"tags":[],"_links":{"self":[{"href":"http:\/\/cordobainforma.info\/index.php\/wp-json\/wp\/v2\/posts\/166906"}],"collection":[{"href":"http:\/\/cordobainforma.info\/index.php\/wp-json\/wp\/v2\/posts"}],"about":[{"href":"http:\/\/cordobainforma.info\/index.php\/wp-json\/wp\/v2\/types\/post"}],"author":[{"embeddable":true,"href":"http:\/\/cordobainforma.info\/index.php\/wp-json\/wp\/v2\/users\/1"}],"replies":[{"embeddable":true,"href":"http:\/\/cordobainforma.info\/index.php\/wp-json\/wp\/v2\/comments?post=166906"}],"version-history":[{"count":0,"href":"http:\/\/cordobainforma.info\/index.php\/wp-json\/wp\/v2\/posts\/166906\/revisions"}],"wp:featuredmedia":[{"embeddable":true,"href":"http:\/\/cordobainforma.info\/index.php\/wp-json\/wp\/v2\/media\/166907"}],"wp:attachment":[{"href":"http:\/\/cordobainforma.info\/index.php\/wp-json\/wp\/v2\/media?parent=166906"}],"wp:term":[{"taxonomy":"category","embeddable":true,"href":"http:\/\/cordobainforma.info\/index.php\/wp-json\/wp\/v2\/categories?post=166906"},{"taxonomy":"post_tag","embeddable":true,"href":"http:\/\/cordobainforma.info\/index.php\/wp-json\/wp\/v2\/tags?post=166906"}],"curies":[{"name":"wp","href":"https:\/\/api.w.org\/{rel}","templated":true}]}}