{"id":166904,"date":"2025-09-02T22:21:45","date_gmt":"2025-09-02T22:21:45","guid":{"rendered":"https:\/\/cordoba.gob.ar\/?p=80742"},"modified":"2025-09-02T22:21:45","modified_gmt":"2025-09-02T22:21:45","slug":"passerini-trabajamos-de-manera-sostenida-para-cuidar-la-produccion-el-trabajo-y-la-calidad-de-vida-de-los-cordobeses","status":"publish","type":"post","link":"http:\/\/cordobainforma.info\/index.php\/2025\/09\/02\/passerini-trabajamos-de-manera-sostenida-para-cuidar-la-produccion-el-trabajo-y-la-calidad-de-vida-de-los-cordobeses\/","title":{"rendered":"Passerini: \u00abTrabajamos de manera sostenida para cuidar la producci\u00f3n, el trabajo y la calidad de vida de los cordobeses"},"content":{"rendered":"<div><img src=\"http:\/\/cordobainforma.info\/wp-content\/uploads\/2025\/09\/passerini-trabajamos-de-manera-sostenida-para-cuidar-la-produccion-el-trabajo-y-la-calidad-de-vida-de-los-cordobeses.jpg\" class=\"ff-og-image-inserted\"><\/div>\n<ul>\n<li><strong>&nbsp;Durante el 17\u00b0 coloquio de la Uni\u00f3n Industrial de C\u00f3rdoba (UIC), el intendente afirm\u00f3 que enviar\u00e1 un Proyecto de Ordenanza de Promoci\u00f3n de Actividades Productivas al Concejo Deliberante para bajar las al\u00edcuotas e incentivar las inversiones.<\/strong><\/li>\n<li><strong>&nbsp;\u201c<em>Tenemos que construir soluciones, respetar la seguridad jur\u00eddica, darles continuidad a los procesos virtuosos y transformar para mejorar lo que tenemos disponible<\/em>\u201d, expres\u00f3.<\/strong><\/li>\n<\/ul>\n<hr>\n<p>En un encuentro federal con epicentro en la ciudad, este martes se desarroll\u00f3 el 17\u00b0 coloquio de la Uni\u00f3n Industrial de C\u00f3rdoba (UIC). El intendente Daniel Passerini expuso en el Centro de Convenciones C\u00f3rdoba, donde anunci\u00f3 que enviar\u00e1 al Concejo Deliberante un Proyecto de Ordenanza de Promoci\u00f3n de Actividades Productivas.<\/p>\n<p>\u201c<em>Este a\u00f1o el presupuesto elimin\u00f3 128 tasas municipales, y tambi\u00e9n nos comprometimos a bajar al\u00edcuotas en proyectos de inversi\u00f3n, acompa\u00f1ando al Gobierno de la Provincia. Por eso, vamos a elevar este proyecto para que el impacto de las tasas municipales no impida ninguna inversi\u00f3n, sino que las favorezca<\/em>\u201d, afirm\u00f3 Passerini.<\/p>\n<p>Y destac\u00f3 que, al mismo tiempo, \u201c<em>estamos trabajando en un convenio con la Provincia en relaci\u00f3n a un plan de obras que mejorar\u00e1n la infraestructura, la log\u00edstica y la calidad de la producci\u00f3n<\/em>\u201d.<\/p>\n<p>Passerini remarc\u00f3 que las decisiones pol\u00edticas son \u201c<em>producto de un c\u00edrculo virtuoso sostenido para cuidar la producci\u00f3n, el trabajo y la calidad de vida de los cordobeses. Desde hace 5 a\u00f1os la ciudad se sum\u00f3 a la sinergia de la provincia, con la finalidad de que deje de ser un ancla y pase a ser motor del progreso<\/em>\u201d.<\/p>\n<p>A continuaci\u00f3n, enumer\u00f3 acciones articuladas de manera conjunta con el sector privado, y remarc\u00f3 el rol local de la Agencia para el Desarrollo Econ\u00f3mico de la Ciudad de C\u00f3rdoba (ADEC) y el Ente C\u00f3rdoba Acelera, donde los distintos sectores de la producci\u00f3n y el trabajo se unieron en cl\u00fasteres destinados a mejorar la competitividad.<\/p>\n<p>\u201c<em>Hoy la pol\u00edtica est\u00e1 muy vilipendiada por la mala praxis de algunos de sus protagonistas. Sin embargo, en C\u00f3rdoba podemos pensar distinto y trabajar juntos. El pueblo nos confiri\u00f3 la responsabilidad de gobernar, debemos construir soluciones, respetar la seguridad jur\u00eddica, darles continuidad a los procesos virtuosos y transformar para mejorar lo que tenemos disponible<\/em>\u201d.<\/p>\n<p>El intendente fue recibido por el presidente de la UIC, Luis Macario; el vicepresidente 2\u00b0, Daniel Urc\u00eda; el secretario, Leonardo Dest\u00e9fano; y el director de Aceitera General Deheza, Roberto Urqu\u00eda. El Coloquio cont\u00f3 con la participaci\u00f3n de cientos de empresarios, empresarias, autoridades gubernamentales, referentes acad\u00e9micos y l\u00edderes del sector.<\/p>\n<p>Este a\u00f1o, el lema del coloquio es \u201cCompetir, invertir, integrar: el tridente del desarrollo\u201d, marco en el cual se present\u00f3 el \u201cDec\u00e1logo del Nuevo Contrato Productivo UIA\u201d. El documento agrupa los siguientes principios rectores: institucionalidad, estabilidad macroecon\u00f3mica, competitividad, inserci\u00f3n internacional, desarrollo federal, modernizaci\u00f3n laboral, financiamiento, infraestructura, innovaci\u00f3n y sostenibilidad.<\/p>\n","protected":false},"excerpt":{"rendered":"<p>&nbsp;Durante el 17\u00b0 coloquio de la Uni\u00f3n Industrial de C\u00f3rdoba (UIC), el intendente afirm\u00f3 que enviar\u00e1 un Proyecto de Ordenanza de Promoci\u00f3n de Actividades Productivas al Concejo Deliberante para bajar las al\u00edcuotas e incentivar las inversiones. &nbsp;\u201cTenemos que construir soluciones, respetar la seguridad jur\u00eddica, darles continuidad a los procesos virtuosos y transformar para mejorar lo [&hellip;]<\/p>\n","protected":false},"author":1,"featured_media":166905,"comment_status":"closed","ping_status":"closed","sticky":false,"template":"","format":"standard","meta":[],"categories":[2],"tags":[],"_links":{"self":[{"href":"http:\/\/cordobainforma.info\/index.php\/wp-json\/wp\/v2\/posts\/166904"}],"collection":[{"href":"http:\/\/cordobainforma.info\/index.php\/wp-json\/wp\/v2\/posts"}],"about":[{"href":"http:\/\/cordobainforma.info\/index.php\/wp-json\/wp\/v2\/types\/post"}],"author":[{"embeddable":true,"href":"http:\/\/cordobainforma.info\/index.php\/wp-json\/wp\/v2\/users\/1"}],"replies":[{"embeddable":true,"href":"http:\/\/cordobainforma.info\/index.php\/wp-json\/wp\/v2\/comments?post=166904"}],"version-history":[{"count":0,"href":"http:\/\/cordobainforma.info\/index.php\/wp-json\/wp\/v2\/posts\/166904\/revisions"}],"wp:featuredmedia":[{"embeddable":true,"href":"http:\/\/cordobainforma.info\/index.php\/wp-json\/wp\/v2\/media\/166905"}],"wp:attachment":[{"href":"http:\/\/cordobainforma.info\/index.php\/wp-json\/wp\/v2\/media?parent=166904"}],"wp:term":[{"taxonomy":"category","embeddable":true,"href":"http:\/\/cordobainforma.info\/index.php\/wp-json\/wp\/v2\/categories?post=166904"},{"taxonomy":"post_tag","embeddable":true,"href":"http:\/\/cordobainforma.info\/index.php\/wp-json\/wp\/v2\/tags?post=166904"}],"curies":[{"name":"wp","href":"https:\/\/api.w.org\/{rel}","templated":true}]}}