{"id":166902,"date":"2025-09-03T12:25:14","date_gmt":"2025-09-03T12:25:14","guid":{"rendered":"https:\/\/cordoba.gob.ar\/?p=80711"},"modified":"2025-09-03T12:25:14","modified_gmt":"2025-09-03T12:25:14","slug":"llega-el-ilustrazoun-festival-cordobes-dedicado-a-la-ilustracion","status":"publish","type":"post","link":"http:\/\/cordobainforma.info\/index.php\/2025\/09\/03\/llega-el-ilustrazoun-festival-cordobes-dedicado-a-la-ilustracion\/","title":{"rendered":"Llega el \u00abIlustrazo\u00bb,un festival cordob\u00e9s dedicado a la ilustraci\u00f3n"},"content":{"rendered":"<div><img src=\"http:\/\/cordobainforma.info\/wp-content\/uploads\/2025\/09\/llega-el-ilustrazoun-festival-cordobes-dedicado-a-la-ilustracion.jpg\" class=\"ff-og-image-inserted\"><\/div>\n<ul>\n<li data-prosemirror-content-type=\"node\" data-prosemirror-node-name=\"paragraph\" data-prosemirror-node-block=\"true\"><strong>Se realizar\u00e1 el s\u00e1bado a las 16.00 horas en el Centro Cultural Espa\u00f1a C\u00f3rdoba ( Entre R\u00edos 40).<\/strong><\/li>\n<li data-prosemirror-content-type=\"node\" data-prosemirror-node-name=\"paragraph\" data-prosemirror-node-block=\"true\"><strong>La propuesta aborda sobre la disciplina de la ilustraci\u00f3n en diversas industrias y fortalece la comunidad creativa.<\/strong><\/li>\n<\/ul>\n<hr>\n<p data-prosemirror-content-type=\"node\" data-prosemirror-node-name=\"paragraph\" data-prosemirror-node-block=\"true\">El Centro Cultural Espa\u00f1a C\u00f3rdoba (Entre R\u00edos 40), ser\u00e1 sede de la segunda edici\u00f3n del \u201cIlustrazo\u201d. En esta oportunidad, el evento contar\u00e1 con la participaci\u00f3n de m\u00e1s de 30 puestos con editoriales, proyectos gr\u00e1ficos e ilustradores, con entrada libre y gratuita.<\/p>\n<p data-prosemirror-content-type=\"node\" data-prosemirror-node-name=\"paragraph\" data-prosemirror-node-block=\"true\">El \u201cIlustrazo\u201d es un punto de encuentro para celebrar la ilustraci\u00f3n local y seguir haciendo crecer la comunidad. Un festival cordob\u00e9s dedicado a la ilustraci\u00f3n que, desde su primera edici\u00f3n, se ha consolidado como un punto de encuentro para artistas, editoriales y p\u00fablico interesado en esta disciplina.<\/p>\n<p data-prosemirror-content-type=\"node\" data-prosemirror-node-name=\"paragraph\" data-prosemirror-node-block=\"true\">La grilla indagar\u00e1 el rol de la ilustraci\u00f3n en diversas industrias como la editorial, textil, de videojuegos y animaci\u00f3n. Habr\u00e1 talleres gratuitos, con cupo limitado que proponen experiencias creativas en distintos niveles. Para inscribirse, se debe completar el formulario disponible en este <a href=\"https:\/\/docs.google.com\/forms\/d\/e\/1FAIpQLSeUIwt1f2S3LFDe0YhH9_oQPoe8B4mi6LukKpz9_v2aZ4PQxA\/viewform\">enlace<\/a>.<\/p>\n<p data-prosemirror-content-type=\"node\" data-prosemirror-node-name=\"paragraph\" data-prosemirror-node-block=\"true\">Carla Rubiolo coordinar\u00e1 el espacio \u201c3, 2, 1 \u00a1a ilustrar!\u201d, destinado a ni\u00f1os de entre 8 y 10 a\u00f1os. La propuesta invita a crear personajes fant\u00e1sticos a partir de t\u00e9cnicas combinadas de collage y dibujo. Se trabajar\u00e1 con recortes de papel, palabras al azar y consignas que disparan la imaginaci\u00f3n. El foco est\u00e1 puesto en el juego, la expresi\u00f3n visual y el acercamiento temprano al lenguaje de la ilustraci\u00f3n como forma de contar y contar(se).<\/p>\n<p data-prosemirror-content-type=\"node\" data-prosemirror-node-name=\"paragraph\" data-prosemirror-node-block=\"true\">Por otro lado, Lucre Romero estar\u00e1 a cargo del taller \u201cEl sello es un gran plan\u201d, dirigido a adolescentes desde los 15 a\u00f1os. Durante la actividad, se explorar\u00e1n los sellos como t\u00e9cnica gr\u00e1fica, experimentando con formas, materiales y composiciones propias. El encuentro propone una introducci\u00f3n accesible al trabajo con ilustraci\u00f3n desde una mirada pr\u00e1ctica y experimental, pensada tanto para quienes se inician como para quienes buscan profundizar en el mundo visual.<\/p>\n<p data-prosemirror-content-type=\"node\" data-prosemirror-node-name=\"paragraph\" data-prosemirror-node-block=\"true\">De esta forma, el encuentro busca consolidarse como un eje para fortalecer los lazos dentro de la comunidad ilustradora de C\u00f3rdoba y promover el reconocimiento de esta disciplina como un motor cultural y econ\u00f3mico.<\/p>\n","protected":false},"excerpt":{"rendered":"<p>Se realizar\u00e1 el s\u00e1bado a las 16.00 horas en el Centro Cultural Espa\u00f1a C\u00f3rdoba ( Entre R\u00edos 40). La propuesta aborda sobre la disciplina de la ilustraci\u00f3n en diversas industrias y fortalece la comunidad creativa. El Centro Cultural Espa\u00f1a C\u00f3rdoba (Entre R\u00edos 40), ser\u00e1 sede de la segunda edici\u00f3n del \u201cIlustrazo\u201d. En esta oportunidad, el [&hellip;]<\/p>\n","protected":false},"author":1,"featured_media":166903,"comment_status":"closed","ping_status":"closed","sticky":false,"template":"","format":"standard","meta":[],"categories":[2],"tags":[],"_links":{"self":[{"href":"http:\/\/cordobainforma.info\/index.php\/wp-json\/wp\/v2\/posts\/166902"}],"collection":[{"href":"http:\/\/cordobainforma.info\/index.php\/wp-json\/wp\/v2\/posts"}],"about":[{"href":"http:\/\/cordobainforma.info\/index.php\/wp-json\/wp\/v2\/types\/post"}],"author":[{"embeddable":true,"href":"http:\/\/cordobainforma.info\/index.php\/wp-json\/wp\/v2\/users\/1"}],"replies":[{"embeddable":true,"href":"http:\/\/cordobainforma.info\/index.php\/wp-json\/wp\/v2\/comments?post=166902"}],"version-history":[{"count":0,"href":"http:\/\/cordobainforma.info\/index.php\/wp-json\/wp\/v2\/posts\/166902\/revisions"}],"wp:featuredmedia":[{"embeddable":true,"href":"http:\/\/cordobainforma.info\/index.php\/wp-json\/wp\/v2\/media\/166903"}],"wp:attachment":[{"href":"http:\/\/cordobainforma.info\/index.php\/wp-json\/wp\/v2\/media?parent=166902"}],"wp:term":[{"taxonomy":"category","embeddable":true,"href":"http:\/\/cordobainforma.info\/index.php\/wp-json\/wp\/v2\/categories?post=166902"},{"taxonomy":"post_tag","embeddable":true,"href":"http:\/\/cordobainforma.info\/index.php\/wp-json\/wp\/v2\/tags?post=166902"}],"curies":[{"name":"wp","href":"https:\/\/api.w.org\/{rel}","templated":true}]}}