{"id":166889,"date":"2025-09-03T07:31:22","date_gmt":"2025-09-03T07:31:22","guid":{"rendered":"http:\/\/cordobainforma.info\/index.php\/2025\/09\/03\/economia-plateada-el-futuro-que-ya-llego-la-voz\/"},"modified":"2025-09-03T07:31:22","modified_gmt":"2025-09-03T07:31:22","slug":"economia-plateada-el-futuro-que-ya-llego-la-voz","status":"publish","type":"post","link":"http:\/\/cordobainforma.info\/index.php\/2025\/09\/03\/economia-plateada-el-futuro-que-ya-llego-la-voz\/","title":{"rendered":"<b>Econom\u00eda<\/b> plateada: el futuro que ya lleg\u00f3 &#8211; La Voz"},"content":{"rendered":"<p>Envejecimiento poblacional. <b>Econom\u00eda<\/b> plateada: el futuro que ya lleg\u00f3. El paso de una regi\u00f3n joven y din\u00e1mica como Am\u00e9rica Latina hacia una <b>nueva<\/b>&nbsp;&#8230; <\/p>\n","protected":false},"excerpt":{"rendered":"<p>Envejecimiento poblacional. Econom\u00eda plateada: el futuro que ya lleg\u00f3. El paso de una regi\u00f3n joven y din\u00e1mica como Am\u00e9rica Latina hacia una nueva&nbsp;&#8230;<\/p>\n","protected":false},"author":1,"featured_media":0,"comment_status":"closed","ping_status":"closed","sticky":false,"template":"","format":"standard","meta":[],"categories":[23],"tags":[],"_links":{"self":[{"href":"http:\/\/cordobainforma.info\/index.php\/wp-json\/wp\/v2\/posts\/166889"}],"collection":[{"href":"http:\/\/cordobainforma.info\/index.php\/wp-json\/wp\/v2\/posts"}],"about":[{"href":"http:\/\/cordobainforma.info\/index.php\/wp-json\/wp\/v2\/types\/post"}],"author":[{"embeddable":true,"href":"http:\/\/cordobainforma.info\/index.php\/wp-json\/wp\/v2\/users\/1"}],"replies":[{"embeddable":true,"href":"http:\/\/cordobainforma.info\/index.php\/wp-json\/wp\/v2\/comments?post=166889"}],"version-history":[{"count":0,"href":"http:\/\/cordobainforma.info\/index.php\/wp-json\/wp\/v2\/posts\/166889\/revisions"}],"wp:attachment":[{"href":"http:\/\/cordobainforma.info\/index.php\/wp-json\/wp\/v2\/media?parent=166889"}],"wp:term":[{"taxonomy":"category","embeddable":true,"href":"http:\/\/cordobainforma.info\/index.php\/wp-json\/wp\/v2\/categories?post=166889"},{"taxonomy":"post_tag","embeddable":true,"href":"http:\/\/cordobainforma.info\/index.php\/wp-json\/wp\/v2\/tags?post=166889"}],"curies":[{"name":"wp","href":"https:\/\/api.w.org\/{rel}","templated":true}]}}