{"id":166855,"date":"2025-09-03T01:10:13","date_gmt":"2025-09-03T01:10:13","guid":{"rendered":"https:\/\/www.clarin.com\/deportes\/san-lorenzo-salidas-pesadas-comision-directiva-renunciaron-secretario-pro-secretario-quiera-rinon-moretti_0_i1T75uG7C9.html"},"modified":"2025-09-03T01:10:13","modified_gmt":"2025-09-03T01:10:13","slug":"san-lorenzo-y-dos-salidas-pesadas-en-la-comision-directiva-renunciaron-el-secretario-y-pro-secretario-quien-era-del-rinon-de-moretti","status":"publish","type":"post","link":"http:\/\/cordobainforma.info\/index.php\/2025\/09\/03\/san-lorenzo-y-dos-salidas-pesadas-en-la-comision-directiva-renunciaron-el-secretario-y-pro-secretario-quien-era-del-rinon-de-moretti\/","title":{"rendered":"San Lorenzo y dos salidas pesadas en la Comisi\u00f3n Directiva: renunciaron el secretario y pro secretario, quien era del &#8216;ri\u00f1\u00f3n&#8217; de Moretti"},"content":{"rendered":"<p><img src=\"http:\/\/cordobainforma.info\/wp-content\/uploads\/2025\/09\/san-lorenzo-y-dos-salidas-pesadas-en-la-comision-directiva-renunciaron-el-secretario-y-pro-secretario-quien-era-del-rinon-de-moretti.jpg\"><\/p>\n<div><img src=\"http:\/\/cordobainforma.info\/wp-content\/uploads\/2025\/09\/san-lorenzo-y-dos-salidas-pesadas-en-la-comision-directiva-renunciaron-el-secretario-y-pro-secretario-quien-era-del-rinon-de-moretti-2.jpg\" class=\"ff-og-image-inserted\"><\/div>\n<div id=\"element-body-0\" readability=\"50.730401529637\">\n<p><strong>No hay d\u00edas de paz en San Lorenzo<\/strong>. Este martes, <a href=\"https:\/\/www.clarin.com\/deportes\/san-lorenzo-vs-huracan-torneo-clausura-minuto-minuto-directo_0_qKuSfe5qAr.html\" target=\"_blank\" title=\"despu\u00e9s del empate en casa en el cl\u00e1sico contra Hurac\u00e1n pese a jugar con un hombre m\u00e1s durante gran parte del partido\" alt=\"despu\u00e9s del empate en casa en el cl\u00e1sico contra Hurac\u00e1n pese a jugar con un hombre m\u00e1s durante gran parte del partido\" rel=\"noopener noreferrer\">despu\u00e9s del empate en casa en el cl\u00e1sico contra Hurac\u00e1n pese a jugar con un hombre m\u00e1s durante gran parte del partido<\/a>, la crisis institucional que tiene como cabeza a <strong>Marcelo Moretti<\/strong> sum\u00f3 dos nuevos cap\u00edtulos: <strong>Mart\u00edn Cigna <\/strong>y <strong>Uriel Barros<\/strong>, secretario y pro secretario del club, presentaron <strong>la renuncia a sus cargos y a la Comisi\u00f3n Directiva<\/strong>, lo que dej\u00f3 m\u00e1s cerca de la acefal\u00eda necesaria para poder convocar a elecciones, tal cual es el reclamo de muchos hinchas.<\/p>\n<\/div>\n<div id=\"element-body-1\" readability=\"63\">\n<p>Se trata de dos figuras diferentes dentro de la actualidad pol\u00edtica del &#8216;Cicl\u00f3n&#8217;. Cigna -que fue pap\u00e1 este mismo martes- public\u00f3 en sus redes sociales la carta de renuncia, con el detalle de que fue dirigida a Julio Lopardo, quien ya renunci\u00f3 como presidente -mantiene su puesto de vocal- porque Moretti retorn\u00f3 de la licencia y desde hace 24 horas volvi\u00f3 a la vida cotidiana del club. Si bien lleg\u00f3 al gobierno con el actual mandam\u00e1s, era uno de los dirigentes con los que m\u00e1s estaba enfrentado en el \u00faltimo tiempo.<\/p>\n<\/div>\n<div id=\"element-body-3\" readability=\"60\">\n<p><strong>\u00abLo hago con la frustraci\u00f3n de que no hayamos podido cambiar el rumbo, pero con la conciencia tranquila de no convalidar semejante retroceso\u00bb<\/strong>, escribi\u00f3 Cigna en sus redes sociales.<\/p>\n<\/div>\n<div id=\"element-body-4\" readability=\"64\">\n<p>Barros, por su parte, aclar\u00f3 que su renuncia \u00abfue presentada hace un par de semanas\u00bb y aclar\u00f3 que \u00abpor diferentes cuestiones de las disciplinas\u00bb que ten\u00eda a cargo no se hizo p\u00fablica. <strong>\u00abTambi\u00e9n prioric\u00e9 b\u00e1squet CASLA por sobre mi inter\u00e9s, quedando expuesto al escarnio por no publicarla. Ojal\u00e1 este paso traiga la paz y el orden que necesitamos\u00bb<\/strong>, explic\u00f3.<\/p>\n<\/div>\n<div id=\"element-body-5\" readability=\"31.35\">\n<blockquote class=\"twitter-tweet\" readability=\"8.55\">\n<p lang=\"es\" dir=\"ltr\">Mi renuncia fue presentada hace un par de semanas. X diferente cuestiones de las disciplinas q tengo a cargo, no se hizo p\u00fablica. Tambi\u00e9n prioric\u00e9 b\u00e1squet CASLA x sobre mi inter\u00e9s, quedando expuesto al escarnio x no publicarla. Ojal\u00e1 este paso traiga la Paz y orden q necesitamos.<\/p>\n<p>\u2014 Dr. Uriel Barros (@Uriel_Barros) <a href=\"https:\/\/twitter.com\/Uriel_Barros\/status\/1963039471445660118?ref_src=twsrc%5Etfw\">September 3, 2025<\/a><\/p><\/blockquote><\/div>\n<div id=\"element-body-6\" readability=\"64\">\n<p>A partir del esc\u00e1ndalo, el pro secretario se sinti\u00f3 defraudado por Moretti, por lo que deriv\u00f3 en esta renuncia, pese a que reun\u00eda buen consenso entre miembros del oficialismo y la oposici\u00f3n para una hipot\u00e9tica Comisi\u00f3n Directiva de transici\u00f3n, llegado el momento de una acefal\u00eda y hasta la convocatoria a elecciones. Pero desde hace un tiempo ya no se sent\u00eda c\u00f3modo.<\/p>\n<\/div>\n<div id=\"element-body-7\" readability=\"62\">\n<p>Poco parece importarle a Moretti que los directivos no est\u00e9n de acuerdo con su regreso y lo hayan dejado plantado en la reuni\u00f3n del pasado lunes, a la que solamente concurri\u00f3 \u00e9l. El presidente cuenta con el respaldo de la AFA y con eso por ahora le basta para mantenerse. Eso s\u00ed, por el momento no pudo volver a la cancha un d\u00eda de partido.<\/p>\n<\/div>\n<div id=\"element-body-8\" readability=\"63\">\n<p>A su alrededor cuentan que lo m\u00e1s urgente es solucionar el inminente pedido de quiebra del Fondo Suizo, por un total de 5,3 millones de d\u00f3lares. Desde el entorno de Moretti aseguran estar buscando un nuevo acuerdo de pago. Eso s\u00ed, saben que al menos deber\u00e1n realizar un giro importante de entrada.<\/p>\n<\/div>\n<div id=\"element-body-9\" readability=\"62\">\n<p>Los problemas econ\u00f3micos son los que marcan la agenda (el club sigue inhibido por FIFA), pero a su vez sigue sin resolverse la situaci\u00f3n pol\u00edtica porque los dem\u00e1s dirigentes no definen si quieren irse para generar una acefal\u00eda o quedarse y sostener todo hasta el final del mandato. Mientras tanto, Moretti sigue al frente del Cicl\u00f3n.<\/p>\n<\/div>\n","protected":false},"excerpt":{"rendered":"<p>No hay d\u00edas de paz en San Lorenzo. Este martes, despu\u00e9s del empate en casa en el cl\u00e1sico contra Hurac\u00e1n pese a jugar con un hombre m\u00e1s durante gran parte del partido, la crisis institucional que tiene como cabeza a Marcelo Moretti sum\u00f3 dos nuevos cap\u00edtulos: Mart\u00edn Cigna y Uriel Barros, secretario y pro secretario [&hellip;]<\/p>\n","protected":false},"author":1,"featured_media":166856,"comment_status":"closed","ping_status":"closed","sticky":false,"template":"","format":"standard","meta":[],"categories":[20],"tags":[],"_links":{"self":[{"href":"http:\/\/cordobainforma.info\/index.php\/wp-json\/wp\/v2\/posts\/166855"}],"collection":[{"href":"http:\/\/cordobainforma.info\/index.php\/wp-json\/wp\/v2\/posts"}],"about":[{"href":"http:\/\/cordobainforma.info\/index.php\/wp-json\/wp\/v2\/types\/post"}],"author":[{"embeddable":true,"href":"http:\/\/cordobainforma.info\/index.php\/wp-json\/wp\/v2\/users\/1"}],"replies":[{"embeddable":true,"href":"http:\/\/cordobainforma.info\/index.php\/wp-json\/wp\/v2\/comments?post=166855"}],"version-history":[{"count":0,"href":"http:\/\/cordobainforma.info\/index.php\/wp-json\/wp\/v2\/posts\/166855\/revisions"}],"wp:featuredmedia":[{"embeddable":true,"href":"http:\/\/cordobainforma.info\/index.php\/wp-json\/wp\/v2\/media\/166856"}],"wp:attachment":[{"href":"http:\/\/cordobainforma.info\/index.php\/wp-json\/wp\/v2\/media?parent=166855"}],"wp:term":[{"taxonomy":"category","embeddable":true,"href":"http:\/\/cordobainforma.info\/index.php\/wp-json\/wp\/v2\/categories?post=166855"},{"taxonomy":"post_tag","embeddable":true,"href":"http:\/\/cordobainforma.info\/index.php\/wp-json\/wp\/v2\/tags?post=166855"}],"curies":[{"name":"wp","href":"https:\/\/api.w.org\/{rel}","templated":true}]}}