{"id":166853,"date":"2025-09-03T03:54:37","date_gmt":"2025-09-03T03:54:37","guid":{"rendered":"https:\/\/www.clarin.com\/deportes\/novak-djokovic-sigue-pie-us-open-jugara-semifinales-carlos-alcaraz-ultimo-antecedente-aferra-buscar-25-grand-slam_0_UwxkMbgF96.html"},"modified":"2025-09-03T03:54:37","modified_gmt":"2025-09-03T03:54:37","slug":"novak-djokovic-sigue-de-pie-en-el-us-open-y-jugara-la-semifinales-contra-carlos-alcaraz-el-ultimo-antecedente-al-que-se-aferra-para-buscar-su-25-grand-slam","status":"publish","type":"post","link":"http:\/\/cordobainforma.info\/index.php\/2025\/09\/03\/novak-djokovic-sigue-de-pie-en-el-us-open-y-jugara-la-semifinales-contra-carlos-alcaraz-el-ultimo-antecedente-al-que-se-aferra-para-buscar-su-25-grand-slam\/","title":{"rendered":"Novak Djokovic sigue de pie en el US Open y jugar\u00e1 la semifinales contra Carlos Alcaraz: el \u00faltimo antecedente al que se aferra para buscar su 25\u00b0 Grand Slam"},"content":{"rendered":"<p><img src=\"http:\/\/cordobainforma.info\/wp-content\/uploads\/2025\/09\/novak-djokovic-sigue-de-pie-en-el-us-open-y-jugara-la-semifinales-contra-carlos-alcaraz-el-ultimo-antecedente-al-que-se-aferra-para-buscar-su-25-grand-slam.jpg\"><\/p>\n<div><img src=\"http:\/\/cordobainforma.info\/wp-content\/uploads\/2025\/09\/novak-djokovic-sigue-de-pie-en-el-us-open-y-jugara-la-semifinales-contra-carlos-alcaraz-el-ultimo-antecedente-al-que-se-aferra-para-buscar-su-25-grand-slam-2.jpg\" class=\"ff-og-image-inserted\"><\/div>\n<div id=\"element-body-0\" readability=\"61\">\n<p><strong>Cinco de septiembre<\/strong>. Pr\u00f3ximo viernes con horario a\u00fan a confirmar. <strong>Estadio Arthur Ashe<\/strong> de Nueva York. Ese es el d\u00eda para el noveno cap\u00edtulo (y el quinto en un Grand Slam) de un duelo generacional entre <strong>Carlos Alcaraz <\/strong>y <strong>Novak Djokovic,<\/strong> esta vez por una de las semifinales del<strong> US Open.<\/strong> Es un duelo que los fan\u00e1ticos del tenis no se querr\u00e1n perder.<\/p>\n<\/div>\n<div id=\"element-body-1\" readability=\"63\">\n<p>No es Djokovic el de otros tiempos, aquel que por ejemplo jug\u00f3 seis finales y gan\u00f3 tres t\u00edtulos en Flushing Meadows en ocho a\u00f1os entre 2011 y 2018. Y es l\u00f3gico que as\u00ed sea. Tiene 38 a\u00f1os, una edad a la que la mayor\u00eda de los tenistas entran en un marcado declive. No es su caso y lo demostr\u00f3 al vencer con autoridad a <strong>Taylor Fritz, <\/strong>el n\u00famero 4 del mundo y favorito del p\u00fablico local.<\/p>\n<\/div>\n<div id=\"element-body-2\" readability=\"65\">\n<p>Mostr\u00f3 firmeza desde la l\u00ednea de fondo el serbio, jug\u00f3 los momentos de mayor tensi\u00f3n con la frialdad que lo distingue del resto (salv\u00f3 11 de 13 puntos de quiebre) y aprovech\u00f3 los bajones del estadounidense para imponerse de manera contundente, aunque no sin tener sufrimiento, por 6-3, 7-5, 3-6 y 6-4 en tres horas y 24 minutos de juego. Jugar\u00e1 su <strong>53\u00b0 semifinal de Grand Slam<\/strong> y la 14\u00b0 en Nueva York.<\/p>\n<\/div>\n<div id=\"element-body-3\" readability=\"66\">\n<p>\u00abFue un partido incre\u00edblemente disputado, muy cerrado. Tuve suerte de salvar varios<em> break points<\/em> en el segundo set y en este tipo de partidos pocos puntos deciden al ganador. Creo que Taylor no merec\u00eda terminar con una doble falta\u00bb, dijo en la entrevista en cancha. \u00abNo siento que haya dominado desde el fondo de cancha. <strong>Trat\u00e9 de pelear por cada pelota, mantenerme cerca de la l\u00ednea, pero no fue f\u00e1cil. Igualmente, al final del d\u00eda lo que importa es ganar\u00bb,<\/strong> agreg\u00f3.<\/p>\n<\/div>\n<div id=\"element-body-4\" readability=\"21.05223880597\">\n<blockquote class=\"twitter-tweet\" readability=\"3.3955223880597\">\n<p lang=\"en\" dir=\"ltr\">Novak Djokovic is dancing into the semifinals of the US Open. <a href=\"https:\/\/t.co\/SgyMP6y1kr\">pic.twitter.com\/SgyMP6y1kr<\/a><\/p>\n<p>\u2014 US Open Tennis (@usopen) <a href=\"https:\/\/twitter.com\/usopen\/status\/1963084107946062193?ref_src=twsrc%5Etfw\">September 3, 2025<\/a><\/p><\/blockquote><\/div>\n<div id=\"element-body-5\" readability=\"65\">\n<p>M\u00e1s temprano, <strong>Alcaraz <\/strong>no dej\u00f3 dudas frente al checo <strong>Jiri Lehecka, <\/strong>el n\u00famero 21 del mundo, al que venci\u00f3 por 6-4, 6-2 y 6-4 <strong>sin conceder una sola oportunidad de quiebre<\/strong> en la hora y 56 minutos que dur\u00f3 el partido. De esta manera, el espa\u00f1ol se mantiene como el \u00fanico que no cedi\u00f3 sets en lo que va del torneo y es un firme candidato a repetir el t\u00edtulo que gan\u00f3 en 2022.<\/p>\n<\/div>\n<div id=\"element-body-6\" readability=\"62\">\n<p><strong>\u00abHoy simplemente jugu\u00e9 un partido casi perfecto\u00bb, <\/strong>dijo Carlitos una vez finalizado el <em>match<\/em>. Y Lehecka sintetiz\u00f3 lo que sinti\u00f3 del otro lado de la red: <strong>\u00abSiempre que ten\u00eda la oportunidad, \u00e9l se inventaba algo especial.<\/strong> Incluso cuando no jugaba mal, siempre encontraba soluciones. Es devastador\u00bb.<\/p>\n<\/div>\n<div id=\"element-body-7\" readability=\"21.806896551724\">\n<blockquote class=\"twitter-tweet\" readability=\"3.5172413793103\">\n<p lang=\"en\" dir=\"ltr\">11 wins on the bounce and Carlitos is into his 8th Grand Slam semifinal! <a href=\"https:\/\/t.co\/2V7kVcsayj\">pic.twitter.com\/2V7kVcsayj<\/a><\/p>\n<p>\u2014 US Open Tennis (@usopen) <a href=\"https:\/\/twitter.com\/usopen\/status\/1962962438250172798?ref_src=twsrc%5Etfw\">September 2, 2025<\/a><\/p><\/blockquote><\/div>\n<div id=\"element-body-8\" readability=\"63\">\n<p>No son pocos los que vislumbran una final entre <strong>Alcaraz y Sinner, <\/strong>que ser\u00eda la tercera consecutiva en un <em>Major <\/em>tras enfrentarse esta misma temporada en Roland Garros y Wimbledon. Tambi\u00e9n est\u00e1 en juego el n\u00famero 1. Sin embargo, en el camino del murciano ante aparece Djokovic, quien lo venci\u00f3 a comienzos de a\u00f1o en Australia. Y bien lo sabe.<\/p>\n<\/div>\n<div id=\"element-body-9\" readability=\"61\">\n<p>\u00abTrato de no pensar en el n\u00famero uno porque me voy a poner presi\u00f3n. Yo solo quiero hacer lo m\u00edo, cumplir mis objetivos y disfrutar lo m\u00e1ximo posible\u00bb, remarc\u00f3 despu\u00e9s de hacer vibrar a una tribuna que recibi\u00f3 a ilustres compatriotas como la cantante Rosal\u00eda y el golfista Sergio Garc\u00eda.<\/p>\n<\/div>\n<div id=\"element-body-10\" readability=\"59\">\n<p>Y agreg\u00f3 al respecto del duelo que se le viene: \u00ab<strong>Yo s\u00e9 que Novak sigue hambriento, s\u00e9 que tiene ambici\u00f3n de m\u00e1s. Jugamos muchas veces y quiero vengarme. Eso es obvio\u00bb.<\/strong><\/p>\n<\/div>\n","protected":false},"excerpt":{"rendered":"<p>Cinco de septiembre. Pr\u00f3ximo viernes con horario a\u00fan a confirmar. Estadio Arthur Ashe de Nueva York. Ese es el d\u00eda para el noveno cap\u00edtulo (y el quinto en un Grand Slam) de un duelo generacional entre Carlos Alcaraz y Novak Djokovic, esta vez por una de las semifinales del US Open. Es un duelo que [&hellip;]<\/p>\n","protected":false},"author":1,"featured_media":166854,"comment_status":"closed","ping_status":"closed","sticky":false,"template":"","format":"standard","meta":[],"categories":[20],"tags":[],"_links":{"self":[{"href":"http:\/\/cordobainforma.info\/index.php\/wp-json\/wp\/v2\/posts\/166853"}],"collection":[{"href":"http:\/\/cordobainforma.info\/index.php\/wp-json\/wp\/v2\/posts"}],"about":[{"href":"http:\/\/cordobainforma.info\/index.php\/wp-json\/wp\/v2\/types\/post"}],"author":[{"embeddable":true,"href":"http:\/\/cordobainforma.info\/index.php\/wp-json\/wp\/v2\/users\/1"}],"replies":[{"embeddable":true,"href":"http:\/\/cordobainforma.info\/index.php\/wp-json\/wp\/v2\/comments?post=166853"}],"version-history":[{"count":0,"href":"http:\/\/cordobainforma.info\/index.php\/wp-json\/wp\/v2\/posts\/166853\/revisions"}],"wp:featuredmedia":[{"embeddable":true,"href":"http:\/\/cordobainforma.info\/index.php\/wp-json\/wp\/v2\/media\/166854"}],"wp:attachment":[{"href":"http:\/\/cordobainforma.info\/index.php\/wp-json\/wp\/v2\/media?parent=166853"}],"wp:term":[{"taxonomy":"category","embeddable":true,"href":"http:\/\/cordobainforma.info\/index.php\/wp-json\/wp\/v2\/categories?post=166853"},{"taxonomy":"post_tag","embeddable":true,"href":"http:\/\/cordobainforma.info\/index.php\/wp-json\/wp\/v2\/tags?post=166853"}],"curies":[{"name":"wp","href":"https:\/\/api.w.org\/{rel}","templated":true}]}}