{"id":166816,"date":"2025-09-02T14:00:13","date_gmt":"2025-09-02T14:00:13","guid":{"rendered":"https:\/\/www.escribiendocine.com\/noticias\/2025\/09\/02\/20347-ainda-estou-aqui-de-walter-salles-gana-el-gran-premio-fipresci-a-la-mejor-pelicula-del-ano"},"modified":"2025-09-02T14:00:13","modified_gmt":"2025-09-02T14:00:13","slug":"ainda-estou-aqui-de-walter-salles-gana-el-gran-premio-fipresci-a-la-mejor-pelicula-del-ano","status":"publish","type":"post","link":"http:\/\/cordobainforma.info\/index.php\/2025\/09\/02\/ainda-estou-aqui-de-walter-salles-gana-el-gran-premio-fipresci-a-la-mejor-pelicula-del-ano\/","title":{"rendered":"\u201cAinda estou aqui\u201d, de Walter Salles, gana el Gran Premio FIPRESCI a la mejor pel\u00edcula del a\u00f1o"},"content":{"rendered":"<div class=\"media_block\"><\/div>\n<div><img src=\"http:\/\/cordobainforma.info\/wp-content\/uploads\/2025\/09\/ainda-estou-aqui-de-walter-salles-gana-el-gran-premio-fipresci-a-la-mejor-pelicula-del-ano.jpg\" class=\"ff-og-image-inserted\"><\/div>\n<div readability=\"23.619047619048\">\n<div class=\"col-xs-12 col-sm-6 col-md-12 col-lg-3 no-padding col-der\" readability=\"7\">\n<p> <span class=\"fecha\">martes 02 de septiembre de 2025 <\/span> <\/p>\n<\/p><\/div><\/div>\n<div readability=\"68\">\n<p><strong>Ainda estou aqui <\/strong>(A\u00fan estoy aqu\u00ed), dirigida por Walter Salles, fue elegida mejor pel\u00edcula del a\u00f1o 2025 por la Federaci\u00f3n Internacional de Cr\u00edticos de Cine (FIPRESCI), que celebra su centenario. El filme obtuvo el Gran Premio FIPRESCI, tras una votaci\u00f3n en la que participaron 739 cr\u00edticas y cr\u00edticos de 75 pa\u00edses, evaluando todas las producciones estrenadas desde el 1 de julio de 2024.<\/p>\n<p class=\"noticia-relacionada noEditable\" data-id=\"19240\"><ampiframe src=\"https:\/\/www.escribiendocine.com\/api\/noticias\/19240\/relacionadas?amp=1\" layout=\"fixed-height\" sandbox=\"allow-top-navigation allow-top-navigation-by-user-activation allow-scripts \" height=\"100px\"> <b placeholder>Lee tambi\u00e9n: Cr\u00edtica de \u00abA\u00fan estoy aqu\u00ed\u00bb: Walter Salles y el retrato de una familia desgarrada por la dictadura brasile\u00f1a<\/b> <\/ampiframe><\/p>\n<p>El director brasile\u00f1o recibir\u00e1 el reconocimiento durante la gala de inauguraci\u00f3n del 73\u00ba Festival de San Sebasti\u00e1n, el pr\u00f3ximo 19 de septiembre, ocasi\u00f3n en la que tambi\u00e9n se proyectar\u00e1 la pel\u00edcula.<\/p>\n<p>Entre las finalistas se encontraban <strong>The Brutalist<\/strong>, de Brady Corbet; <strong>Sir\u00c4\u0081t<\/strong>, de Oliver Laxe; <strong>O agente secreto<\/strong>, de Kleber Mendon\u00e7a Filho; y <strong>Sinners<\/strong>, de Ryan Coogler.<\/p>\n<p class=\"noticia-relacionada noEditable\" data-id=\"19725\"><ampiframe src=\"https:\/\/www.escribiendocine.com\/api\/noticias\/19725\/relacionadas?amp=1\" layout=\"fixed-height\" sandbox=\"allow-top-navigation allow-top-navigation-by-user-activation allow-scripts \" height=\"100px\"> <b placeholder>Lee tambi\u00e9n: Cr\u00edtica de \u00abO Agente Secreto\u00bb: Kleber Mendon\u00e7a Filho y las m\u00faltiples caras de la dictadura<\/b> <\/ampiframe><\/p>\n<p>Estrenada en el Festival de Venecia 2024, donde obtuvo el Premio al Mejor Guion, Ainda estou aqui inici\u00f3 all\u00ed un recorrido que incluy\u00f3 el Oscar a Mejor Pel\u00edcula Internacional, adem\u00e1s del Globo de Oro a Mejor Actriz (Fernanda Torres), y el Goya a la Mejor Pel\u00edcula Iberoamericana.<\/p>\n<p>La pel\u00edcula, una coproducci\u00f3n entre Videofilmes y RT Features (Brasil) y Mact Productions (Francia), con distribuci\u00f3n internacional de Goodfellas, se estren\u00f3 en Espa\u00f1a en febrero de 2025 a trav\u00e9s de V\u00e9rtigo Films.<\/p>\n<p class=\"noticia-relacionada noEditable\" data-id=\"19718\"><ampiframe src=\"https:\/\/www.escribiendocine.com\/api\/noticias\/19718\/relacionadas?amp=1\" layout=\"fixed-height\" sandbox=\"allow-top-navigation allow-top-navigation-by-user-activation allow-scripts \" height=\"100px\"> <b placeholder>Lee tambi\u00e9n: Cr\u00edtica de \u00abSir\u00e2t\u00bb: Oliver Laxe filma una odisea techno en el desierto y en la conciencia<\/b> <\/ampiframe><\/p>\n<p>Desde su creaci\u00f3n en 1999, el Gran Premio FIPRESCI ha distinguido a cineastas como Pedro Almod\u00f3var, Paul Thomas Anderson, Alfonso Cuar\u00f3n, Jean-Luc Godard, Michael Haneke, Yorgos Lanthimos, Richard Linklater, Terrence Malick, George Miller, Jafar Panahi y Chlo\u00e9 Zhao, consolid\u00e1ndose como uno de los galardones m\u00e1s prestigiosos de la cr\u00edtica internacional.<\/p>\n<\/p><\/div>\n","protected":false},"excerpt":{"rendered":"<p>martes 02 de septiembre de 2025 Ainda estou aqui (A\u00fan estoy aqu\u00ed), dirigida por Walter Salles, fue elegida mejor pel\u00edcula del a\u00f1o 2025 por la Federaci\u00f3n Internacional de Cr\u00edticos de Cine (FIPRESCI), que celebra su centenario. El filme obtuvo el Gran Premio FIPRESCI, tras una votaci\u00f3n en la que participaron 739 cr\u00edticas y cr\u00edticos de [&hellip;]<\/p>\n","protected":false},"author":1,"featured_media":166817,"comment_status":"open","ping_status":"closed","sticky":false,"template":"","format":"standard","meta":[],"categories":[21],"tags":[],"_links":{"self":[{"href":"http:\/\/cordobainforma.info\/index.php\/wp-json\/wp\/v2\/posts\/166816"}],"collection":[{"href":"http:\/\/cordobainforma.info\/index.php\/wp-json\/wp\/v2\/posts"}],"about":[{"href":"http:\/\/cordobainforma.info\/index.php\/wp-json\/wp\/v2\/types\/post"}],"author":[{"embeddable":true,"href":"http:\/\/cordobainforma.info\/index.php\/wp-json\/wp\/v2\/users\/1"}],"replies":[{"embeddable":true,"href":"http:\/\/cordobainforma.info\/index.php\/wp-json\/wp\/v2\/comments?post=166816"}],"version-history":[{"count":0,"href":"http:\/\/cordobainforma.info\/index.php\/wp-json\/wp\/v2\/posts\/166816\/revisions"}],"wp:featuredmedia":[{"embeddable":true,"href":"http:\/\/cordobainforma.info\/index.php\/wp-json\/wp\/v2\/media\/166817"}],"wp:attachment":[{"href":"http:\/\/cordobainforma.info\/index.php\/wp-json\/wp\/v2\/media?parent=166816"}],"wp:term":[{"taxonomy":"category","embeddable":true,"href":"http:\/\/cordobainforma.info\/index.php\/wp-json\/wp\/v2\/categories?post=166816"},{"taxonomy":"post_tag","embeddable":true,"href":"http:\/\/cordobainforma.info\/index.php\/wp-json\/wp\/v2\/tags?post=166816"}],"curies":[{"name":"wp","href":"https:\/\/api.w.org\/{rel}","templated":true}]}}