{"id":166804,"date":"2025-09-02T12:34:25","date_gmt":"2025-09-02T12:34:25","guid":{"rendered":"https:\/\/somoscordobeses.com\/2025\/09\/02\/encuentran-un-craneo-de-300-000-anos-en-grecia-que-no-es-humano-ni-neandertal-2\/"},"modified":"2025-09-02T12:34:25","modified_gmt":"2025-09-02T12:34:25","slug":"encuentran-un-craneo-de-300-000-anos-en-grecia-que-no-es-humano-ni-neandertal","status":"publish","type":"post","link":"http:\/\/cordobainforma.info\/index.php\/2025\/09\/02\/encuentran-un-craneo-de-300-000-anos-en-grecia-que-no-es-humano-ni-neandertal\/","title":{"rendered":"Encuentran un cr\u00e1neo de 300.000 a\u00f1os en Grecia que no es humano ni neandertal"},"content":{"rendered":"<div><img src=\"http:\/\/cordobainforma.info\/wp-content\/uploads\/2025\/09\/encuentran-un-craneo-de-300-000-anos-en-grecia-que-no-es-humano-ni-neandertal.jpg\" class=\"ff-og-image-inserted\"><\/div>\n<p>Una calavera descubierta en la <strong>cueva de Petralona<\/strong>, en <strong>Grecia<\/strong>, mantiene en vilo a la comunidad cient\u00edfica. A pesar de d\u00e9cadas de estudios, los expertos no logran clasificarla como <strong>humana<\/strong> ni <strong>neandertal<\/strong>.<\/p>\n<p>El f\u00f3sil tendr\u00eda cerca de <strong>300.000 a\u00f1os<\/strong> de antig\u00fcedad y, seg\u00fan especialistas, perteneci\u00f3 a un var\u00f3n adulto joven. Su morfolog\u00eda no encaja en los linajes conocidos y abre interrogantes sobre la evoluci\u00f3n en Europa.<\/p>\n<div><picture><source type=\"image\/webp\" srcset=\"http:\/\/cordobainforma.info\/wp-content\/uploads\/2025\/09\/encuentran-un-craneo-de-300-000-anos-en-grecia-que-no-es-humano-ni-neandertal.webp 300w, http:\/\/cordobainforma.info\/wp-content\/uploads\/2025\/09\/encuentran-un-craneo-de-300-000-anos-en-grecia-que-no-es-humano-ni-neandertal-1.webp 630w, http:\/\/cordobainforma.info\/wp-content\/uploads\/2025\/09\/encuentran-un-craneo-de-300-000-anos-en-grecia-que-no-es-humano-ni-neandertal-2.webp 760w, http:\/\/cordobainforma.info\/wp-content\/uploads\/2025\/09\/encuentran-un-craneo-de-300-000-anos-en-grecia-que-no-es-humano-ni-neandertal-3.webp 1200w, http:\/\/cordobainforma.info\/wp-content\/uploads\/2025\/09\/encuentran-un-craneo-de-300-000-anos-en-grecia-que-no-es-humano-ni-neandertal-4.webp 1600w\"><\/picture>\n<p>| <span>La Derecha Diario<\/span><\/p>\n<\/div>\n<h2><strong>Un hallazgo que sorprendi\u00f3 al mundo<\/strong><\/h2>\n<p>El descubrimiento ocurri\u00f3 en 1959 cuando un grupo de espele\u00f3logos ingres\u00f3 en la cueva de Petralona. Encontraron un cr\u00e1neo recubierto por una estalagmita, lo que de inmediato atrajo la atenci\u00f3n internacional.<\/p>\n<p>Seg\u00fan inform\u00f3 <strong>Journal of Human Evolution<\/strong>, durante d\u00e9cadas los intentos de clasificar el f\u00f3sil generaron debates y pol\u00e9micas. Su dataci\u00f3n oscil\u00f3 entre 170.000 y 700.000 a\u00f1os, sin consenso definitivo.<\/p>\n<h2><strong>La clave de la dataci\u00f3n moderna<\/strong><\/h2>\n<p>Un estudio reciente utiliz\u00f3 tecnolog\u00eda de <strong>series de uranio<\/strong> para precisar la antig\u00fcedad del recubrimiento mineral. El resultado: unos 277.000 a\u00f1os, lo que ubica al cr\u00e1neo en torno a los 300.000 a\u00f1os.<\/p>\n<div><picture><source type=\"image\/webp\" srcset=\"https:\/\/filesedc.com\/uploads\/image\/post\/2025\/09\/cueva-grecia-descubrimiento-craneo_300_200.webp 300w, https:\/\/filesedc.com\/uploads\/image\/post\/2025\/09\/cueva-grecia-descubrimiento-craneo_630_420.webp 630w, https:\/\/filesedc.com\/uploads\/image\/post\/2025\/09\/cueva-grecia-descubrimiento-craneo_760_507.webp 760w, https:\/\/filesedc.com\/uploads\/image\/post\/2025\/09\/cueva-grecia-descubrimiento-craneo_1200_800.webp 1200w, https:\/\/filesedc.com\/uploads\/image\/post\/2025\/09\/cueva-grecia-descubrimiento-craneo_1600_1067.webp 1600w\"><\/picture>\n<p>| <span>La Derecha Diario<\/span><\/p>\n<\/div>\n<p>Esto significa que su due\u00f1o vivi\u00f3 en el <strong>Pleistoceno<\/strong>, coincidiendo con los neandertales, aunque no pertenec\u00eda a ese linaje. Los expertos lo vinculan con el <em>Homo heidelbergensis<\/em>.<\/p>\n<h2><strong>Lo que revelan sus rasgos<\/strong><\/h2>\n<p>El tama\u00f1o y la robustez de la calavera, junto al desgaste moderado de los dientes, sugieren que perteneci\u00f3 a un hombre joven adulto. Esta informaci\u00f3n se suma a la complejidad del rompecabezas evolutivo europeo.<\/p>\n<div><picture><source type=\"image\/webp\" srcset=\"https:\/\/filesedc.com\/uploads\/image\/post\/2025\/09\/craneo-encontrado-en-grecia-300000-anos_300_200.webp 300w, https:\/\/filesedc.com\/uploads\/image\/post\/2025\/09\/craneo-encontrado-en-grecia-300000-anos_630_420.webp 630w, https:\/\/filesedc.com\/uploads\/image\/post\/2025\/09\/craneo-encontrado-en-grecia-300000-anos_760_507.webp 760w, https:\/\/filesedc.com\/uploads\/image\/post\/2025\/09\/craneo-encontrado-en-grecia-300000-anos_1200_800.webp 1200w, https:\/\/filesedc.com\/uploads\/image\/post\/2025\/09\/craneo-encontrado-en-grecia-300000-anos_1600_1067.webp 1600w\"><\/picture>\n<p>| <span>La Derecha Diario<\/span><\/p>\n<\/div>\n<h2><strong>Un rompecabezas sin resolver<\/strong><\/h2>\n<p>Los investigadores destacan que la calavera no encaja ni en <strong>Homo sapiens<\/strong> ni en neandertales. Su hallazgo muestra un per\u00edodo de transici\u00f3n y posibles cruces entre poblaciones antiguas.<\/p>\n<p>Cada nuevo dato reescribe la historia de Europa y evidencia lo poco que todav\u00eda sabemos sobre los or\u00edgenes humanos.<\/p>\n","protected":false},"excerpt":{"rendered":"<p>Una calavera descubierta en la cueva de Petralona, en Grecia, mantiene en vilo a la comunidad cient\u00edfica. A pesar de d\u00e9cadas de estudios, los expertos no logran clasificarla como humana ni neandertal. El f\u00f3sil tendr\u00eda cerca de 300.000 a\u00f1os de antig\u00fcedad y, seg\u00fan especialistas, perteneci\u00f3 a un var\u00f3n adulto joven. Su morfolog\u00eda no encaja en [&hellip;]<\/p>\n","protected":false},"author":1,"featured_media":166805,"comment_status":"closed","ping_status":"closed","sticky":false,"template":"","format":"standard","meta":[],"categories":[2],"tags":[],"_links":{"self":[{"href":"http:\/\/cordobainforma.info\/index.php\/wp-json\/wp\/v2\/posts\/166804"}],"collection":[{"href":"http:\/\/cordobainforma.info\/index.php\/wp-json\/wp\/v2\/posts"}],"about":[{"href":"http:\/\/cordobainforma.info\/index.php\/wp-json\/wp\/v2\/types\/post"}],"author":[{"embeddable":true,"href":"http:\/\/cordobainforma.info\/index.php\/wp-json\/wp\/v2\/users\/1"}],"replies":[{"embeddable":true,"href":"http:\/\/cordobainforma.info\/index.php\/wp-json\/wp\/v2\/comments?post=166804"}],"version-history":[{"count":0,"href":"http:\/\/cordobainforma.info\/index.php\/wp-json\/wp\/v2\/posts\/166804\/revisions"}],"wp:featuredmedia":[{"embeddable":true,"href":"http:\/\/cordobainforma.info\/index.php\/wp-json\/wp\/v2\/media\/166805"}],"wp:attachment":[{"href":"http:\/\/cordobainforma.info\/index.php\/wp-json\/wp\/v2\/media?parent=166804"}],"wp:term":[{"taxonomy":"category","embeddable":true,"href":"http:\/\/cordobainforma.info\/index.php\/wp-json\/wp\/v2\/categories?post=166804"},{"taxonomy":"post_tag","embeddable":true,"href":"http:\/\/cordobainforma.info\/index.php\/wp-json\/wp\/v2\/tags?post=166804"}],"curies":[{"name":"wp","href":"https:\/\/api.w.org\/{rel}","templated":true}]}}