{"id":166802,"date":"2025-09-02T12:44:45","date_gmt":"2025-09-02T12:44:45","guid":{"rendered":"https:\/\/somoscordobeses.com\/2025\/09\/02\/toyota-hilux-la-preferida-de-los-ladrones-es-el-vehiculo-mas-robado-en-cordoba\/"},"modified":"2025-09-02T12:44:45","modified_gmt":"2025-09-02T12:44:45","slug":"toyota-hilux-la-preferida-de-los-ladrones-es-el-vehiculo-mas-robado-en-cordoba","status":"publish","type":"post","link":"http:\/\/cordobainforma.info\/index.php\/2025\/09\/02\/toyota-hilux-la-preferida-de-los-ladrones-es-el-vehiculo-mas-robado-en-cordoba\/","title":{"rendered":"Toyota Hilux, la \u00abpreferida\u00bb de los ladrones: es el veh\u00edculo m\u00e1s robado en C\u00f3rdoba"},"content":{"rendered":"<div><img src=\"http:\/\/cordobainforma.info\/wp-content\/uploads\/2025\/09\/toyota-hilux-la-preferida-de-los-ladrones-es-el-vehiculo-mas-robado-en-cordoba.jpg\" class=\"ff-og-image-inserted\"><\/div>\n<p>Un informe de la <strong>Asociaci\u00f3n de Productores Asesores de Seguros de C\u00f3rdoba (APAS<\/strong>) muestra que<strong> Villa El Libertador<\/strong>, el <strong>Centro<\/strong>, <strong>Ferreyra, Alberdi<\/strong> y<strong> Observatorio<\/strong> son los barrios donde se roban m\u00e1s autos.<\/p>\n<p>Adem\u00e1s <strong>San Vicente, Nueva C\u00f3rdoba, Cerro de las Rosas, Urca, Arg\u00fcello<\/strong> y <strong>Alto Alberdi<\/strong> son otros de los sectores m\u00e1s afectados por la sustracci\u00f3n de veh\u00edculos.<\/p>\n<p>C\u00f3mo es el mapa de los 27 distritos policiales y judiciales en la ciudad de C\u00f3rdoba<\/p>\n<h2>Robo de autos<\/h2>\n<p>\u201cHemos hecho un relevamiento con las compa\u00f1\u00edas, con la colaboraci\u00f3n de las compa\u00f1\u00edas de seguro y determinamos las zonas rojas en la ciudad de C\u00f3rdoba, que realmente nos sorprende, porque se est\u00e1 ampliando el mapa, que hist\u00f3ricamente siempre sab\u00edamos que era el <strong>Centro<\/strong> y <strong>Nueva C\u00f3rdoba <\/strong>y <strong>Alta C\u00f3rdoba<\/strong>\u201d, explic\u00f3 el presidente de APAS, <strong>Marcos Spaccesi<\/strong>.<\/p>\n<p>\u201cHoy en d\u00eda se ha extendido a <strong>Villa del Libertador<\/strong>, a <strong>Urca<\/strong>, el <strong>Cerro<\/strong>, y lo que pasa es que claramente la ciudad de C\u00f3rdoba es uno de los ejidos municipales m\u00e1s grandes de Sudam\u00e9rica y por ende la poblaci\u00f3n ha crecido y el parque automotor tambi\u00e9n\u201d, agreg\u00f3 en declaraciones a <em>SRT Media<\/em>.<\/p>\n<p>Condenaron a un polic\u00eda que le robaba a los detenidos en una comisar\u00eda de C\u00f3rdoba<\/p>\n<p>\u201cHay un ranking de marcas, <strong>Volkswagen, Toyota, Renault, Fiat<\/strong> y lo que nos sorprende dentro de esas marcas, es la cantidad de robos que hay de las Toyota Hilux, pero es una de las camionetas y de los veh\u00edculos que est\u00e1 en el top 5\u201d, precis\u00f3 Spaccesi.<\/p>\n<p>Otros de los veh\u00edculos m\u00e1s robados son el<strong> VW Gol, el Fiat Cronos, la Renault Kangoo, el Peugeot 208<\/strong> y la <strong>Renault Sandero<\/strong>.<\/p>\n<p>\u201cSon los autos que m\u00e1s se han vendido en los \u00faltimos a\u00f1os y por ende, tienen una<strong> alta siniestralidad en el tema de robo<\/strong>s\u201d, enfatiz\u00f3.<\/p>\n<p>\u201cPor el envejecimiento del parque automotor, hay veh\u00edculos que se han dejado de fabricar y ya hay partes que no se consiguen, que casualmente ese tipo de veh\u00edculos tienen alta siniestralidad\u201d, detall\u00f3 Spaccesi.<\/p>\n<p>\u201cPor ende, hay<strong> muchos robos parciales <\/strong>y han devenido al robo total y entran en un desarmadero en una parte ilegal. Esas autopartes se venden en el mercado negro y ah\u00ed es donde pedimos que haya m\u00e1s controles\u201d, concluy\u00f3 el presidente de <strong>APAS<\/strong>.<\/p>\n<p>JMP<\/p>\n","protected":false},"excerpt":{"rendered":"<p>Un informe de la Asociaci\u00f3n de Productores Asesores de Seguros de C\u00f3rdoba (APAS) muestra que Villa El Libertador, el Centro, Ferreyra, Alberdi y Observatorio son los barrios donde se roban m\u00e1s autos. Adem\u00e1s San Vicente, Nueva C\u00f3rdoba, Cerro de las Rosas, Urca, Arg\u00fcello y Alto Alberdi son otros de los sectores m\u00e1s afectados por la [&hellip;]<\/p>\n","protected":false},"author":1,"featured_media":166803,"comment_status":"closed","ping_status":"closed","sticky":false,"template":"","format":"standard","meta":[],"categories":[2],"tags":[],"_links":{"self":[{"href":"http:\/\/cordobainforma.info\/index.php\/wp-json\/wp\/v2\/posts\/166802"}],"collection":[{"href":"http:\/\/cordobainforma.info\/index.php\/wp-json\/wp\/v2\/posts"}],"about":[{"href":"http:\/\/cordobainforma.info\/index.php\/wp-json\/wp\/v2\/types\/post"}],"author":[{"embeddable":true,"href":"http:\/\/cordobainforma.info\/index.php\/wp-json\/wp\/v2\/users\/1"}],"replies":[{"embeddable":true,"href":"http:\/\/cordobainforma.info\/index.php\/wp-json\/wp\/v2\/comments?post=166802"}],"version-history":[{"count":0,"href":"http:\/\/cordobainforma.info\/index.php\/wp-json\/wp\/v2\/posts\/166802\/revisions"}],"wp:featuredmedia":[{"embeddable":true,"href":"http:\/\/cordobainforma.info\/index.php\/wp-json\/wp\/v2\/media\/166803"}],"wp:attachment":[{"href":"http:\/\/cordobainforma.info\/index.php\/wp-json\/wp\/v2\/media?parent=166802"}],"wp:term":[{"taxonomy":"category","embeddable":true,"href":"http:\/\/cordobainforma.info\/index.php\/wp-json\/wp\/v2\/categories?post=166802"},{"taxonomy":"post_tag","embeddable":true,"href":"http:\/\/cordobainforma.info\/index.php\/wp-json\/wp\/v2\/tags?post=166802"}],"curies":[{"name":"wp","href":"https:\/\/api.w.org\/{rel}","templated":true}]}}