{"id":166790,"date":"2025-09-02T12:25:33","date_gmt":"2025-09-02T12:25:33","guid":{"rendered":"https:\/\/cordobainforma.info\/index.php\/2025\/09\/02\/condenaron-a-un-joven-a-seis-anos-de-prision-por-el-abuso-sexual-de-su-amiga-en-corrientes\/"},"modified":"2025-09-02T12:25:33","modified_gmt":"2025-09-02T12:25:33","slug":"condenaron-a-un-joven-a-seis-anos-de-prision-por-el-abuso-sexual-de-su-amiga-en-corrientes","status":"publish","type":"post","link":"http:\/\/cordobainforma.info\/index.php\/2025\/09\/02\/condenaron-a-un-joven-a-seis-anos-de-prision-por-el-abuso-sexual-de-su-amiga-en-corrientes\/","title":{"rendered":"Condenaron a un joven a seis a\u00f1os de prisi\u00f3n por el abuso sexual de su amiga en Corrientes"},"content":{"rendered":"<div class=\"media_block\"><\/div>\n<div><img src=\"http:\/\/cordobainforma.info\/wp-content\/uploads\/2025\/09\/condenaron-a-un-joven-a-seis-anos-de-prision-por-el-abuso-sexual-de-su-amiga-en-corrientes.jpg\" class=\"ff-og-image-inserted\"><\/div>\n<p>La Justicia correntina dio a conocer una <strong>sentencia<\/strong> por un delito grave: <strong>Maximiliano Rivas<\/strong> fue <strong>condenado<\/strong> a <strong>seis a\u00f1os de prisi\u00f3n<\/strong> por el <strong>abuso sexual<\/strong> con acceso carnal agravado de una joven con la que manten\u00eda una relaci\u00f3n de amistad. El hecho se denunci\u00f3 en el a\u00f1o <strong>2018<\/strong>, y la <strong>sentencia<\/strong> fue confirmada este 1 de septiembre de 2025.<\/p>\n<p class=\"destacadoNota\"><a target=\"_blank\" href=\"https:\/\/www.perfil.com\/noticias\/nea\/formosa-incautaron-100-mil-atados-de-cigarrillos-de-contrabando.phtml\" rel=\"noopener noreferrer\"><strong>Formosa: incautaron 100 mil atados de cigarrillos de contrabando<\/strong><\/a><\/p>\n<p>La decisi\u00f3n fue tomada por el <strong>Tribunal Oral Penal N\u00b0 2<\/strong>, que estuvo integrado por el doctor Rom\u00e1n Facundo Esquivel en la presidencia y los vocales, doctor Ariel H\u00e9ctor Gustavo Azcona y la doctora Rosa Elizabeth Ascona.<\/p>\n<h2><strong>Los detalles de la condena<\/strong><\/h2>\n<p>El acusado, <strong>Maximiliano Rivas<\/strong>, fue encontrado culpable del delito de <strong>abuso sexual<\/strong> con acceso carnal agravado, previsto y penado por el Art. 119 del C\u00f3digo Penal, en calidad de autor material.<\/p>\n<p>En la causa intervinieron la doctora Mar\u00eda Marta Correa por la Defensa, la doctora Mirta Liliana G\u00f3mez por la querella y el Fiscal del Tribunal, doctor Jorge Omar Semhan. La <strong>sentencia<\/strong> de <strong>seis a\u00f1os de prisi\u00f3n<\/strong> se dict\u00f3 despu\u00e9s de una investigaci\u00f3n que se extendi\u00f3 por varios a\u00f1os.<\/p>\n<h2><strong>El hecho denunciado en 2018<\/strong><\/h2>\n<p>Seg\u00fan la denuncia, el hecho ocurri\u00f3 en agosto de <strong>2018<\/strong>. La v\u00edctima, que manten\u00eda una relaci\u00f3n de amistad con el acusado, se encontraba compartiendo bebidas alcoh\u00f3licas con \u00e9l y otros amigos en el <strong>parque Camba Cu\u00e1<\/strong>, en la capital correntina.<\/p>\n<p class=\"destacadoNota\"><a target=\"_blank\" href=\"https:\/\/www.perfil.com\/noticias\/nea\/justicia-en-corrientes-condenaron-a-13-anos-de-prision-a-un-joven-por-robo-de-celulares-con-arma-blanca.phtml\" rel=\"noopener noreferrer\"><strong>Justicia en Corrientes: condenaron a 13 a\u00f1os de prisi\u00f3n a un joven por robo de celulares con arma blanca<\/strong><\/a><\/p>\n<p>En un momento, la joven relat\u00f3 que se sinti\u00f3 descompuesta y se qued\u00f3 dormida totalmente vestida. En ese contexto, el <strong>imputado<\/strong> habr\u00eda aprovechado la situaci\u00f3n para atacarla sexualmente, lo que fue denunciado por la v\u00edctima en los d\u00edas posteriores a lo ocurrido.<\/p>\n<h2><strong>Una sentencia que pone fin a un largo Proceso Judicial<\/strong><\/h2>\n<p>La condena a <strong>Maximiliano Rivas<\/strong> pone un punto final a un largo proceso judicial iniciado en <strong>2018<\/strong>. El fallo de la justicia de <strong>Corrientes<\/strong> se basa en las pruebas presentadas y en la denuncia de la v\u00edctima, y reafirma el compromiso de los tribunales con los delitos de <strong>abuso sexual<\/strong>.<\/p>\n<p>La <strong>sentencia<\/strong> de <strong>seis a\u00f1os de prisi\u00f3n<\/strong> es una clara se\u00f1al de que este tipo de delitos no quedan impunes y que la justicia busca proteger a las v\u00edctimas.<\/p>\n<div class=\"article__tags\">\n<p>En esta Nota<\/p>\n<\/p><\/div>\n","protected":false},"excerpt":{"rendered":"<p>La Justicia correntina dio a conocer una sentencia por un delito grave: Maximiliano Rivas fue condenado a seis a\u00f1os de prisi\u00f3n por el abuso sexual con acceso carnal agravado de una joven con la que manten\u00eda una relaci\u00f3n de amistad. El hecho se denunci\u00f3 en el a\u00f1o 2018, y la sentencia fue confirmada este 1 [&hellip;]<\/p>\n","protected":false},"author":1,"featured_media":166791,"comment_status":"closed","ping_status":"closed","sticky":false,"template":"","format":"standard","meta":[],"categories":[2],"tags":[],"_links":{"self":[{"href":"http:\/\/cordobainforma.info\/index.php\/wp-json\/wp\/v2\/posts\/166790"}],"collection":[{"href":"http:\/\/cordobainforma.info\/index.php\/wp-json\/wp\/v2\/posts"}],"about":[{"href":"http:\/\/cordobainforma.info\/index.php\/wp-json\/wp\/v2\/types\/post"}],"author":[{"embeddable":true,"href":"http:\/\/cordobainforma.info\/index.php\/wp-json\/wp\/v2\/users\/1"}],"replies":[{"embeddable":true,"href":"http:\/\/cordobainforma.info\/index.php\/wp-json\/wp\/v2\/comments?post=166790"}],"version-history":[{"count":0,"href":"http:\/\/cordobainforma.info\/index.php\/wp-json\/wp\/v2\/posts\/166790\/revisions"}],"wp:featuredmedia":[{"embeddable":true,"href":"http:\/\/cordobainforma.info\/index.php\/wp-json\/wp\/v2\/media\/166791"}],"wp:attachment":[{"href":"http:\/\/cordobainforma.info\/index.php\/wp-json\/wp\/v2\/media?parent=166790"}],"wp:term":[{"taxonomy":"category","embeddable":true,"href":"http:\/\/cordobainforma.info\/index.php\/wp-json\/wp\/v2\/categories?post=166790"},{"taxonomy":"post_tag","embeddable":true,"href":"http:\/\/cordobainforma.info\/index.php\/wp-json\/wp\/v2\/tags?post=166790"}],"curies":[{"name":"wp","href":"https:\/\/api.w.org\/{rel}","templated":true}]}}