{"id":166786,"date":"2025-09-01T21:20:21","date_gmt":"2025-09-01T21:20:21","guid":{"rendered":"https:\/\/cordoba.gob.ar\/?p=80692"},"modified":"2025-09-01T21:20:21","modified_gmt":"2025-09-01T21:20:21","slug":"se-abrio-convocatoria-para-participar-en-mercado-de-arte-contemporaneo-cordoba-2025","status":"publish","type":"post","link":"http:\/\/cordobainforma.info\/index.php\/2025\/09\/01\/se-abrio-convocatoria-para-participar-en-mercado-de-arte-contemporaneo-cordoba-2025\/","title":{"rendered":"Se abri\u00f3 convocatoria para participar en Mercado de Arte Contempor\u00e1neo C\u00f3rdoba 2025"},"content":{"rendered":"<div><img src=\"http:\/\/cordobainforma.info\/wp-content\/uploads\/2025\/09\/se-abrio-convocatoria-para-participar-en-mercado-de-arte-contemporaneo-cordoba-2025.jpg\" class=\"ff-og-image-inserted\"><\/div>\n<ul class=\"ak-ul\" data-prosemirror-content-type=\"node\" data-prosemirror-node-name=\"bulletList\" data-prosemirror-node-block=\"true\" readability=\"0.5\">\n<li data-prosemirror-content-type=\"node\" data-prosemirror-node-name=\"listItem\" data-prosemirror-node-block=\"true\" readability=\"0\">\n<p data-prosemirror-content-type=\"node\" data-prosemirror-node-name=\"paragraph\" data-prosemirror-node-block=\"true\"><strong>Del 1 al 30 de septiembre estar\u00e1 abierta la convocatoria para participar de la edici\u00f3n 2025 de Mercado de Arte Contempor\u00e1neo C\u00f3rdoba.<\/strong><\/p>\n<\/li>\n<li data-prosemirror-content-type=\"node\" data-prosemirror-node-name=\"listItem\" data-prosemirror-node-block=\"true\" readability=\"1\">\n<p data-prosemirror-content-type=\"node\" data-prosemirror-node-name=\"paragraph\" data-prosemirror-node-block=\"true\"><strong>Podr\u00e1n postularse galer\u00edas con trayectoria, espacios emergentes y proyectos art\u00edsticos. El anuncio de las galer\u00edas seleccionadas se realizar\u00e1 el 16 de octubre.<\/strong><\/p>\n<\/li>\n<\/ul>\n<hr>\n<p data-prosemirror-content-type=\"node\" data-prosemirror-node-name=\"paragraph\" data-prosemirror-node-block=\"true\">La Secretar\u00eda de Fortalecimiento Vecinal, Cultura y Deporte de la Municipalidad de C\u00f3rdoba lanza la convocatoria para participar en la nueva edici\u00f3n de MAC 2025, organizada junto a la Agencia C\u00f3rdoba Cultura de la Provincia, la Fundaci\u00f3n Pro Arte C\u00f3rdoba, FARO, la Universidad Nacional de C\u00f3rdoba, y de la Universidad Provincial de C\u00f3rdoba.<\/p>\n<p data-prosemirror-content-type=\"node\" data-prosemirror-node-name=\"paragraph\" data-prosemirror-node-block=\"true\">Bajo el lema \u201cSobre lo Mercurial\u201d, la curadur\u00eda general de esta edici\u00f3n estar\u00e1 a cargo de Sof\u00eda Torres Kosiba y Manuel Coll. La propuesta apunta a reflejar la versatilidad y la agilidad de las pr\u00e1cticas art\u00edsticas en tiempos de transformaciones, dejando atr\u00e1s la divisi\u00f3n por zonas para organizarse en constelaciones que propicien di\u00e1logos transversales entre artistas, obras y contextos.<\/p>\n<p data-prosemirror-content-type=\"node\" data-prosemirror-node-name=\"paragraph\" data-prosemirror-node-block=\"true\">La convocatoria permanecer\u00e1 abierta desde el 1\u00b0 al 30 de septiembre y est\u00e1 destinada tanto a galer\u00edas consolidadas como a espacios noveles. Las primeras deber\u00e1n acreditar al menos tres a\u00f1os de trayectoria. Los espacios emergentes, con menos de tres a\u00f1os de antig\u00fcedad, tambi\u00e9n podr\u00e1n postularse con propuestas independientes que impulsen la circulaci\u00f3n del arte y fortalezcan los v\u00ednculos colaborativos actuales.<\/p>\n<p data-prosemirror-content-type=\"node\" data-prosemirror-node-name=\"paragraph\" data-prosemirror-node-block=\"true\">Est\u00e1 abierta a galer\u00edas nacionales e internacionales, que podr\u00e1n presentar hasta cinco artistas seg\u00fan el tama\u00f1o del espacio solicitado. Las propuestas podr\u00e1n incluir obras en diferentes lenguajes y formatos, desde piezas objetuales e instalaciones hasta producciones multimediales o tokenizadas (NFT), reflejando la diversidad de las pr\u00e1cticas contempor\u00e1neas.<\/p>\n<p data-prosemirror-content-type=\"node\" data-prosemirror-node-name=\"paragraph\" data-prosemirror-node-block=\"true\"><strong>La aplicaci\u00f3n se realiza completando el <a href=\"https:\/\/docs.google.com\/forms\/d\/1Z4J8d67Xgr8s0v3V17siri5OibTlFvGIFzq9IKSmR0M\/edit\">siguiente enlace.<\/a> <\/strong><strong>Las bases y condiciones pueden consultarse <a href=\"https:\/\/docs.google.com\/document\/d\/13uw9NVZff5Cbe-4tJXC-QImH7Wt0q7sq\/edit?usp=sharing&amp;ouid=102816184136719994183&amp;rtpof=true&amp;sd=true\">en este link &nbsp;<\/a><\/strong><strong>y tambi\u00e9n est\u00e1 disponible una <a href=\"https:\/\/docs.google.com\/document\/d\/1vkowsAXSWbvxJ8WR2yOfQoH4-A9Hzcah\/edit?usp=sharing&amp;ouid=102816184136719994183&amp;rtpof=true&amp;sd=true\">gu\u00eda de presentaci\u00f3n<\/a> para acompa\u00f1ar el proceso de inscripci\u00f3n.<\/strong><\/p>\n<p data-prosemirror-content-type=\"node\" data-prosemirror-node-name=\"paragraph\" data-prosemirror-node-block=\"true\">La selecci\u00f3n estar\u00e1 a cargo de un jurado especializado integrado por Andr\u00e9s Duprat (director del Museo Nacional de Bellas Artes), Emanuel D\u00edaz Ruiz (director del Museo Franklin Rawson de San Juan), Mar\u00eda Wonda (presidenta de FARO y galerista), Alejandro D\u00e1vila (fundador de FARO y galerista en C\u00f3rdoba y Buenos Aires) y Mar\u00eda Rocha (artista y gestora cultural de Santiago del Estero).<\/p>\n<p data-prosemirror-content-type=\"node\" data-prosemirror-node-name=\"paragraph\" data-prosemirror-node-block=\"true\">Las galer\u00edas seleccionadas se dar\u00e1n a conocer el 16 de octubre y formar\u00e1n parte de distintas constelaciones: Crespo, destinada a galer\u00edas consolidadas; Bonino, para nuevas generaciones de proyectos; y Myriam Stefford, orientada a producciones transdisciplinares. A ellas se suman la Constelaci\u00f3n de Ediciones, que cruza artes visuales con producci\u00f3n editorial, y el espacio Orbital, pensado para acciones, talleres y encuentros tanto dentro como fuera de la feria. Como novedades, esta edici\u00f3n incorpora la Red de Premios y Adquisiciones, que reunir\u00e1 reconocimientos del \u00e1mbito p\u00fablico y privado, y la Ruta Periferia, un recorrido que enlazar\u00e1 al p\u00fablico con galer\u00edas del interior, propuestas en las sierras y actividades al aire libre.<\/p>\n<p data-prosemirror-content-type=\"node\" data-prosemirror-node-name=\"paragraph\" data-prosemirror-node-block=\"true\">Mercado de Arte Contempor\u00e1neo se ha consolidado como un espacio estrat\u00e9gico dentro de la industria cultural y creativa, generando oportunidades para artistas, galeristas y coleccionistas, y produciendo un movimiento econ\u00f3mico que potencia a C\u00f3rdoba como referente de la cultura federal y regional. Con el lanzamiento de #MAC2025, la ciudad contin\u00faa apostando por la circulaci\u00f3n del arte contempor\u00e1neo y por el fortalecimiento del ecosistema art\u00edstico local, nacional e internacional.<\/p>\n","protected":false},"excerpt":{"rendered":"<p>Del 1 al 30 de septiembre estar\u00e1 abierta la convocatoria para participar de la edici\u00f3n 2025 de Mercado de Arte Contempor\u00e1neo C\u00f3rdoba. Podr\u00e1n postularse galer\u00edas con trayectoria, espacios emergentes y proyectos art\u00edsticos. El anuncio de las galer\u00edas seleccionadas se realizar\u00e1 el 16 de octubre. La Secretar\u00eda de Fortalecimiento Vecinal, Cultura y Deporte de la Municipalidad [&hellip;]<\/p>\n","protected":false},"author":1,"featured_media":166787,"comment_status":"closed","ping_status":"closed","sticky":false,"template":"","format":"standard","meta":[],"categories":[2],"tags":[],"_links":{"self":[{"href":"http:\/\/cordobainforma.info\/index.php\/wp-json\/wp\/v2\/posts\/166786"}],"collection":[{"href":"http:\/\/cordobainforma.info\/index.php\/wp-json\/wp\/v2\/posts"}],"about":[{"href":"http:\/\/cordobainforma.info\/index.php\/wp-json\/wp\/v2\/types\/post"}],"author":[{"embeddable":true,"href":"http:\/\/cordobainforma.info\/index.php\/wp-json\/wp\/v2\/users\/1"}],"replies":[{"embeddable":true,"href":"http:\/\/cordobainforma.info\/index.php\/wp-json\/wp\/v2\/comments?post=166786"}],"version-history":[{"count":0,"href":"http:\/\/cordobainforma.info\/index.php\/wp-json\/wp\/v2\/posts\/166786\/revisions"}],"wp:featuredmedia":[{"embeddable":true,"href":"http:\/\/cordobainforma.info\/index.php\/wp-json\/wp\/v2\/media\/166787"}],"wp:attachment":[{"href":"http:\/\/cordobainforma.info\/index.php\/wp-json\/wp\/v2\/media?parent=166786"}],"wp:term":[{"taxonomy":"category","embeddable":true,"href":"http:\/\/cordobainforma.info\/index.php\/wp-json\/wp\/v2\/categories?post=166786"},{"taxonomy":"post_tag","embeddable":true,"href":"http:\/\/cordobainforma.info\/index.php\/wp-json\/wp\/v2\/tags?post=166786"}],"curies":[{"name":"wp","href":"https:\/\/api.w.org\/{rel}","templated":true}]}}