{"id":166784,"date":"2025-09-02T11:49:03","date_gmt":"2025-09-02T11:49:03","guid":{"rendered":"https:\/\/cordoba.gob.ar\/?p=80681"},"modified":"2025-09-02T11:49:03","modified_gmt":"2025-09-02T11:49:03","slug":"mas-de-350-personas-se-formaron-con-la-ula-en-sus-barrios-donde-y-cuando-seran-los-proximos-talleres-gratuitos","status":"publish","type":"post","link":"http:\/\/cordobainforma.info\/index.php\/2025\/09\/02\/mas-de-350-personas-se-formaron-con-la-ula-en-sus-barrios-donde-y-cuando-seran-los-proximos-talleres-gratuitos\/","title":{"rendered":"M\u00e1s de 350 personas se formaron con la ULA en sus barrios: d\u00f3nde y cu\u00e1ndo ser\u00e1n los pr\u00f3ximos talleres gratuitos"},"content":{"rendered":"<div><img src=\"http:\/\/cordobainforma.info\/wp-content\/uploads\/2025\/09\/mas-de-350-personas-se-formaron-con-la-ula-en-sus-barrios-donde-y-cuando-seran-los-proximos-talleres-gratuitos.jpg\" class=\"ff-og-image-inserted\"><\/div>\n<ul>\n<li data-prosemirror-content-type=\"node\" data-prosemirror-node-name=\"paragraph\" data-prosemirror-node-block=\"true\"><strong>Las tem\u00e1ticas ser\u00e1n reparaci\u00f3n de bicicletas, hortalizas y emprendedurismo. No se requieren conocimientos previos.<\/strong><\/li>\n<li data-prosemirror-content-type=\"node\" data-prosemirror-node-name=\"paragraph\" data-prosemirror-node-block=\"true\"><strong>Las inscripciones se realizan a trav\u00e9s del siguiente enlace (<a href=\"https:\/\/forms.gle\/SSeAjWYxPfBGsbxw8\" data-prosemirror-content-type=\"mark\" data-prosemirror-mark-name=\"link\">https:\/\/forms.gle\/SSeAjWYxPfBGsbxw8<\/a>)<\/strong><\/li>\n<\/ul>\n<hr>\n<p data-prosemirror-content-type=\"node\" data-prosemirror-node-name=\"paragraph\" data-prosemirror-node-block=\"true\">Un total de 369 vecinos y vecinas de la ciudad de C\u00f3rdoba ya accedieron a las formaciones que ofrece la Universidad Libre del Ambiente en los barrios de C\u00f3rdoba. A trav\u00e9s del novedoso programa \u201cA-ULA m\u00f3vil\u201d, este organismo acerca talleres y cursos donde vive la gente.<\/p>\n<p data-prosemirror-content-type=\"node\" data-prosemirror-node-name=\"paragraph\" data-prosemirror-node-block=\"true\">En esta oportunidad, dos nuevas propuestas gratuitas comenzar\u00e1n esta semana en la zona norte de la ciudad: \u201cTaller de Producci\u00f3n Agroecol\u00f3gica de Hortalizas y Emprendedurismo\u201d, que se dictar\u00e1 en barrio Chingolo I; y el \u201cTaller de Bicicleter\u00eda: Reparaci\u00f3n de Bicicletas\u201d, en barrio Chingolo III. No se requieren conocimientos previos.<\/p>\n<p data-prosemirror-content-type=\"node\" data-prosemirror-node-name=\"paragraph\" data-prosemirror-node-block=\"true\">El \u201cTaller de Producci\u00f3n Agroecol\u00f3gica de Hortalizas y Emprendedurismo\u201d, abordar\u00e1 la agricultura familiar, la producci\u00f3n de hortalizas, el cultivo y las pr\u00e1cticas agroecol\u00f3gicas y el desarrollo de emprendimientos sostenibles.<\/p>\n<p data-prosemirror-content-type=\"node\" data-prosemirror-node-name=\"paragraph\" data-prosemirror-node-block=\"true\">Ser\u00e1n dos encuentros de una hora, los d\u00edas mi\u00e9rcoles 3 y 10 de septiembre a las 15:00 horas, en el comedor Corazones Felices de barrio Chingolo I, ubicado en Manzana 6 Lote 18.<\/p>\n<p data-prosemirror-content-type=\"node\" data-prosemirror-node-name=\"paragraph\" data-prosemirror-node-block=\"true\">Un total de 122 personas ya accedieron a esta misma formaci\u00f3n en los barrios M\u00fcller, Cabildo, Maldonado y Villa Siburu.<\/p>\n<p data-prosemirror-content-type=\"node\" data-prosemirror-node-name=\"paragraph\" data-prosemirror-node-block=\"true\">Por otra parte, el \u201cTaller de Bicicleter\u00eda: Reparaci\u00f3n de Bicicletas\u201d, tratar\u00e1 temas como el funcionamiento y correcto uso de herramientas espec\u00edficas, diagn\u00f3stico y reparaci\u00f3n de fallas mec\u00e1nicas, armado de bicicletas desde cero y exploraci\u00f3n de materiales y sistemas.<\/p>\n<p data-prosemirror-content-type=\"node\" data-prosemirror-node-name=\"paragraph\" data-prosemirror-node-block=\"true\">Se desarrollar\u00e1n encuentros de dos horas cada uno, los d\u00edas 8 de septiembre y martes 15 del mismo mes. Las reuniones tambi\u00e9n ser\u00e1n a partir de las 15:00 horas, en Casa Macuca de barrio Chingolo III.<\/p>\n<p data-prosemirror-content-type=\"node\" data-prosemirror-node-name=\"paragraph\" data-prosemirror-node-block=\"true\">Anteriormente, 247 estudiantes completaron este curso en ediciones pasadas, que tuvieron lugar en los barrios Maldonado, Altamira, Cabildo y Villa Siburu.<\/p>\n<p data-prosemirror-content-type=\"node\" data-prosemirror-node-name=\"paragraph\" data-prosemirror-node-block=\"true\">\u201cA-ULA m\u00f3vil\u201d brinda herramientas para aprender, emprender y ser parte del cambio en el mundo de los empleos verdes. Busca complementar la formaci\u00f3n existente que se desarrolla en el campus de la ULA, as\u00ed como tambi\u00e9n de manera virtual, con los cursos del programa \u201cEmpleos verdes\u201d.<\/p>\n<p data-prosemirror-content-type=\"node\" data-prosemirror-node-name=\"paragraph\" data-prosemirror-node-block=\"true\">Las inscripciones se realizan a trav\u00e9s del siguiente enlace: (<a href=\"https:\/\/forms.gle\/SSeAjWYxPfBGsbxw8\" data-prosemirror-content-type=\"mark\" data-prosemirror-mark-name=\"link\">https:\/\/forms.gle\/SSeAjWYxPfBGsbxw8<\/a>).<\/p>\n","protected":false},"excerpt":{"rendered":"<p>Las tem\u00e1ticas ser\u00e1n reparaci\u00f3n de bicicletas, hortalizas y emprendedurismo. No se requieren conocimientos previos. Las inscripciones se realizan a trav\u00e9s del siguiente enlace (https:\/\/forms.gle\/SSeAjWYxPfBGsbxw8) Un total de 369 vecinos y vecinas de la ciudad de C\u00f3rdoba ya accedieron a las formaciones que ofrece la Universidad Libre del Ambiente en los barrios de C\u00f3rdoba. A trav\u00e9s [&hellip;]<\/p>\n","protected":false},"author":1,"featured_media":166785,"comment_status":"closed","ping_status":"closed","sticky":false,"template":"","format":"standard","meta":[],"categories":[2],"tags":[],"_links":{"self":[{"href":"http:\/\/cordobainforma.info\/index.php\/wp-json\/wp\/v2\/posts\/166784"}],"collection":[{"href":"http:\/\/cordobainforma.info\/index.php\/wp-json\/wp\/v2\/posts"}],"about":[{"href":"http:\/\/cordobainforma.info\/index.php\/wp-json\/wp\/v2\/types\/post"}],"author":[{"embeddable":true,"href":"http:\/\/cordobainforma.info\/index.php\/wp-json\/wp\/v2\/users\/1"}],"replies":[{"embeddable":true,"href":"http:\/\/cordobainforma.info\/index.php\/wp-json\/wp\/v2\/comments?post=166784"}],"version-history":[{"count":0,"href":"http:\/\/cordobainforma.info\/index.php\/wp-json\/wp\/v2\/posts\/166784\/revisions"}],"wp:featuredmedia":[{"embeddable":true,"href":"http:\/\/cordobainforma.info\/index.php\/wp-json\/wp\/v2\/media\/166785"}],"wp:attachment":[{"href":"http:\/\/cordobainforma.info\/index.php\/wp-json\/wp\/v2\/media?parent=166784"}],"wp:term":[{"taxonomy":"category","embeddable":true,"href":"http:\/\/cordobainforma.info\/index.php\/wp-json\/wp\/v2\/categories?post=166784"},{"taxonomy":"post_tag","embeddable":true,"href":"http:\/\/cordobainforma.info\/index.php\/wp-json\/wp\/v2\/tags?post=166784"}],"curies":[{"name":"wp","href":"https:\/\/api.w.org\/{rel}","templated":true}]}}