{"id":166738,"date":"2025-09-02T03:00:30","date_gmt":"2025-09-02T03:00:30","guid":{"rendered":"https:\/\/www.clarin.com\/deportes\/emiliano-dibu-martinez-cumple-33-anos-ceja-ceja-marcas-agrandar-leyenda-seleccion-argentina_0_BXL2tzyaJY.html"},"modified":"2025-09-02T03:00:30","modified_gmt":"2025-09-02T03:00:30","slug":"emiliano-dibu-martinez-cumple-33-anos-y-tiene-entre-ceja-y-ceja-otras-dos-marcas-para-agrandar-su-leyenda-en-la-seleccion-argentina","status":"publish","type":"post","link":"http:\/\/cordobainforma.info\/index.php\/2025\/09\/02\/emiliano-dibu-martinez-cumple-33-anos-y-tiene-entre-ceja-y-ceja-otras-dos-marcas-para-agrandar-su-leyenda-en-la-seleccion-argentina\/","title":{"rendered":"Emiliano Dibu Mart\u00ednez cumple 33 a\u00f1os y tiene entre ceja y ceja otras dos marcas para agrandar su leyenda en la Selecci\u00f3n Argentina"},"content":{"rendered":"<p><img src=\"http:\/\/cordobainforma.info\/wp-content\/uploads\/2025\/09\/emiliano-dibu-martinez-cumple-33-anos-y-tiene-entre-ceja-y-ceja-otras-dos-marcas-para-agrandar-su-leyenda-en-la-seleccion-argentina.jpg\"><\/p>\n<div><img src=\"http:\/\/cordobainforma.info\/wp-content\/uploads\/2025\/09\/emiliano-dibu-martinez-cumple-33-anos-y-tiene-entre-ceja-y-ceja-otras-dos-marcas-para-agrandar-su-leyenda-en-la-seleccion-argentina-2.jpg\" class=\"ff-og-image-inserted\"><\/div>\n<div id=\"element-body-0\" readability=\"50.512280701754\">\n<p><strong>Emiliano Mart\u00ednez<\/strong> <a href=\"https:\/\/www.clarin.com\/deportes\/lugar-aston-villa-caido-pase-manchester-united-dibu-martinez-mira-gigante-pais-europeo_0_AYoY5iFPkp.html\" target=\"_blank\" title=\"no sabe a\u00fan en qu\u00e9 club jugar\u00e1 este temporada a horas de que cierre el libro de pases en Europa\" alt=\"no sabe a\u00fan en qu\u00e9 club jugar\u00e1 este temporada a horas de que cierre el libro de pases en Europa\" rel=\"noopener noreferrer\">no sabe a\u00fan en qu\u00e9 club jugar\u00e1 este temporada a horas de que cierre el libro de pases en Europa<\/a>. Sin embargo, el <strong><em>Dibu <\/em><\/strong>s\u00ed sabe que tiene un lugar asegurado en el arco de la <strong>Selecci\u00f3n Argentina<\/strong>. Y no s\u00f3lo eso. En esta doble fecha que le ponen el broche a las <strong>Eliminatorias Sudamericanas<\/strong> rumbo al<strong> Mundial 2026<\/strong> el marplatense tendr\u00e1 la chance de seguir agrandando su historia. Porque hay dos rubros en los que viene tachando casilleros a velocidad supers\u00f3nica para que las pr\u00f3ximas generaciones tengan a\u00fan m\u00e1s dificultad para intentar emularlo.<\/p>\n<\/div>\n<div id=\"element-body-1\" readability=\"70\">\n<p>Mart\u00ednez, que ya merece una estatua por sus prestaciones, ya est\u00e1 consolidado en el podio de los arqueros con m\u00e1s presencias en el seleccionado. Tanto es as\u00ed que el jueves, ante Venezuela en el Monumental, llegar\u00e1 a los 54 partidos en el equipo nacional y alcanzar\u00e1 a <strong>Ubaldo Matildo Fillol<\/strong>, el primer campe\u00f3n del mundo, en el segundo lugar de ese ranking. Y, de no mediar sorpresas, superar\u00e1 al <strong><em>Pato<\/em><\/strong> el martes 9, en Guayaquil, cuando la Scaloneta cierre su participaci\u00f3n en la competencia ante Ecuador.<\/p>\n<\/div>\n<div id=\"element-body-2\" readability=\"63\">\n<p>Le quedar\u00e1 mucho camino hasta alcanzar al l\u00edder, <strong>Sergio Chiquito Romero<\/strong>, quien sum\u00f3 96 presentaciones en celeste y blanco durante los once a\u00f1os en que fue el due\u00f1o absoluto del arco de la Selecci\u00f3n Argentina. Es mucha la diferencia, pero tiene margen por delante para desplazarlo si es que los reflejos y el nivel se mantienen vigentes. Este martes cumplir\u00e1 reci\u00e9n 33 a\u00f1os y es sabido que los arqueros pueden estirar su carrera hasta las cuatro d\u00e9cadas como m\u00ednimo.<\/p>\n<\/div>\n<div id=\"element-body-6\" readability=\"63\">\n<p><strong>El otro rubro en el que Dibu Mart\u00ednez descolla es en las vallas invictas<\/strong>. Son 37 partidos sin que le conviertan goles. Aunque vale una aclaraci\u00f3n. Es que el 8 de junio de 2021, contra Colombia y por las Eliminatorias para Qatar 2022, fue reemplazado a los 40 minutos del primer tiempo y hasta entoces ten\u00eda el arco en cero. M\u00e1s tarde entr\u00f3 <strong>Agust\u00edn Marches\u00edn<\/strong>, quien si encaj\u00f3 los dos goles del 2-2. <\/p>\n<\/div>\n<div id=\"element-body-7\" readability=\"66\">\n<p>Una bestialidad. <strong>Sobre todo si se tiene en cuenta que s\u00f3lo hubo 16 encuentros en los que tuvo que ir a buscar la pelota dentro de su arco.<\/strong> Ah\u00ed tambi\u00e9n el r\u00e9cord est\u00e1 en poder de Chiquito Romero, quien sum\u00f3 47 en sus 96 apariciones. El porcentaje de efectividad del arquero formado en Independiente lo favorece largamente, pero \u00e9l va por el total. As\u00ed las cosas, ante Venezuela y contra Ecuador, el h\u00e9roe de Lusail procurar\u00e1 recortar distancias. Completa el podio, muy lejos, Roberto Abbondanzieri que termin\u00f3 en 22 ocasiones sin recibir tantos a lo largo de 49 partidos disputados en el equipo nacional.<\/p>\n<\/div>\n<div id=\"element-body-8\" readability=\"65\">\n<p>Por ahora, Dibu totaliza 53 apariciones encuentros en el equipo nacional y no recibi\u00f3 goles en 37, lo que representa el 68,5% de los mismos. Adem\u00e1s, haciendo balance, <strong>gan\u00f3 39, empat\u00f3 10 y perdi\u00f3 apenas 4 cotejos en el arco del seleccionado<\/strong>. Otra marca notable. <\/p>\n<\/div>\n<div id=\"element-body-9\" readability=\"62\">\n<p>\u201cSoy un enfermo de las estad\u00edsticas. Ahora quiero el r\u00e9cord con m\u00e1s arcos en cero. Me busco siempre un objetivo para seguir creciendo\u00bb, se\u00f1al\u00f3 en marzo pasado luego del 1-0 sobre Uruguay, con gol de Thiago Almada, en el estadio Centenario de Montevideo.<\/p>\n<\/div>\n","protected":false},"excerpt":{"rendered":"<p>Emiliano Mart\u00ednez no sabe a\u00fan en qu\u00e9 club jugar\u00e1 este temporada a horas de que cierre el libro de pases en Europa. Sin embargo, el Dibu s\u00ed sabe que tiene un lugar asegurado en el arco de la Selecci\u00f3n Argentina. Y no s\u00f3lo eso. En esta doble fecha que le ponen el broche a las [&hellip;]<\/p>\n","protected":false},"author":1,"featured_media":166739,"comment_status":"closed","ping_status":"closed","sticky":false,"template":"","format":"standard","meta":[],"categories":[20],"tags":[],"_links":{"self":[{"href":"http:\/\/cordobainforma.info\/index.php\/wp-json\/wp\/v2\/posts\/166738"}],"collection":[{"href":"http:\/\/cordobainforma.info\/index.php\/wp-json\/wp\/v2\/posts"}],"about":[{"href":"http:\/\/cordobainforma.info\/index.php\/wp-json\/wp\/v2\/types\/post"}],"author":[{"embeddable":true,"href":"http:\/\/cordobainforma.info\/index.php\/wp-json\/wp\/v2\/users\/1"}],"replies":[{"embeddable":true,"href":"http:\/\/cordobainforma.info\/index.php\/wp-json\/wp\/v2\/comments?post=166738"}],"version-history":[{"count":0,"href":"http:\/\/cordobainforma.info\/index.php\/wp-json\/wp\/v2\/posts\/166738\/revisions"}],"wp:featuredmedia":[{"embeddable":true,"href":"http:\/\/cordobainforma.info\/index.php\/wp-json\/wp\/v2\/media\/166739"}],"wp:attachment":[{"href":"http:\/\/cordobainforma.info\/index.php\/wp-json\/wp\/v2\/media?parent=166738"}],"wp:term":[{"taxonomy":"category","embeddable":true,"href":"http:\/\/cordobainforma.info\/index.php\/wp-json\/wp\/v2\/categories?post=166738"},{"taxonomy":"post_tag","embeddable":true,"href":"http:\/\/cordobainforma.info\/index.php\/wp-json\/wp\/v2\/tags?post=166738"}],"curies":[{"name":"wp","href":"https:\/\/api.w.org\/{rel}","templated":true}]}}