{"id":166736,"date":"2025-09-01T17:10:06","date_gmt":"2025-09-01T17:10:06","guid":{"rendered":"https:\/\/somoscordobeses.com\/2025\/09\/01\/lpo-en-gps-milei-quiere-echar-a-lule-pero-karina-no\/"},"modified":"2025-09-01T17:10:06","modified_gmt":"2025-09-01T17:10:06","slug":"lpo-en-gps-milei-quiere-echar-a-lule-pero-karina-no","status":"publish","type":"post","link":"http:\/\/cordobainforma.info\/index.php\/2025\/09\/01\/lpo-en-gps-milei-quiere-echar-a-lule-pero-karina-no\/","title":{"rendered":"LPO en GPS: \u00abMilei quiere echar a Lule, pero Karina no\u00bb"},"content":{"rendered":"<div><img src=\"http:\/\/cordobainforma.info\/wp-content\/uploads\/2025\/09\/lpo-en-gps-milei-quiere-echar-a-lule-pero-karina-no.png\" class=\"ff-og-image-inserted\"><\/div>\n<p><span>En una nueva edici\u00f3n del segmento de LPO en GPS, Ignacio Fidanza<\/span><span>&nbsp;revel\u00f3 que Javier Milei quiere echar a Lule Menem por el esc\u00e1ndalo de las coimas, pero Karina lo resiste.<\/span><\/p>\n<p>El director de La Pol\u00edtica Online analiz\u00f3 junto a Rolando Gra\u00f1a el momento de \u00abparanoia total\u00bb del gobierno nacional por las filtraciones de audios y la par\u00e1lisis de la gesti\u00f3n por la ruptura del sistema de decisiones.<\/p>\n<p><span>\u00abMilei quiere echar a Lule y Karina no\u00bb, cont\u00f3 Fidanza en&nbsp;<\/span><span>el programa de Am\u00e9rica. \u00ab<\/span><span>Esto expone el problema que hay en este momento en el gobierno, que est\u00e1 asociado a la paranoia, que es la falta de decisi\u00f3n pol\u00edtica\u00bb, agreg\u00f3.<\/span><\/p>\n<p>\u00abEl gobierno funcionaba as\u00ed: Milei era una especie de showman y las decisiones pol\u00edticas eran una discusi\u00f3n de Karina con Santiago Caputo. Pero se pelearon cuando Karina lo corre y cierra con los Menem\u00bb, analiz\u00f3 el director de LPO.<\/p>\n<p>Milei furioso con Lule Menem por el desastre libertario en Corrientes<\/p>\n<p>\u00abLo de Corrientes agrava la situaci\u00f3n de Lule. Ten\u00edan el acuerdo cerrado con Vald\u00e9s, Karina se junt\u00f3 con Vald\u00e9s y Lule dijo \u2018no, vamos con la propia\u2019 e impone a Almir\u00f3n, un muy mal candidato, y sacan menos de 10 por ciento\u00bb, se\u00f1al\u00f3 sobre las elecciones de este domingo.<\/p>\n<p>\u00abHoy los Menem est\u00e1n en una situaci\u00f3n totalmente defensiva. Tienen adem\u00e1s la causa de Osprera, que complica directo a Mart\u00edn Menem que meti\u00f3 a su socio. Ah\u00ed tambi\u00e9n entr\u00f3 la Suizo Argentina: entre noviembre del 24 y marzo del 25, la Suizo mete 193 facturas por 7.200 millones\u00bb, revel\u00f3 Fidanza.<\/p>\n<p>\u00abTodo esto los tiene a la defensiva y desorientados. Entonces lo que pasa es que no hay un sistema de decisiones, es grav\u00edsimo\u00bb, complet\u00f3.&nbsp;<\/p>\n<p>En relaci\u00f3n a la elecci\u00f3n del pr\u00f3ximo domingo en la provincia de Buenos Aires, Fidanza&nbsp; dijo que \u00ablos candidatos est\u00e1n sin l\u00ednea, de brazos ca\u00eddos\u00bb. \u00abEn el PRO dicen que no les conviene que Milei arrase porque despu\u00e9s nos termina de liquidar. Entonces est\u00e1n jugando a menos\u00bb, finaliz\u00f3.<\/p>\n","protected":false},"excerpt":{"rendered":"<p>En una nueva edici\u00f3n del segmento de LPO en GPS, Ignacio Fidanza&nbsp;revel\u00f3 que Javier Milei quiere echar a Lule Menem por el esc\u00e1ndalo de las coimas, pero Karina lo resiste. El director de La Pol\u00edtica Online analiz\u00f3 junto a Rolando Gra\u00f1a el momento de \u00abparanoia total\u00bb del gobierno nacional por las filtraciones de audios y [&hellip;]<\/p>\n","protected":false},"author":1,"featured_media":166737,"comment_status":"closed","ping_status":"closed","sticky":false,"template":"","format":"standard","meta":[],"categories":[2],"tags":[],"_links":{"self":[{"href":"http:\/\/cordobainforma.info\/index.php\/wp-json\/wp\/v2\/posts\/166736"}],"collection":[{"href":"http:\/\/cordobainforma.info\/index.php\/wp-json\/wp\/v2\/posts"}],"about":[{"href":"http:\/\/cordobainforma.info\/index.php\/wp-json\/wp\/v2\/types\/post"}],"author":[{"embeddable":true,"href":"http:\/\/cordobainforma.info\/index.php\/wp-json\/wp\/v2\/users\/1"}],"replies":[{"embeddable":true,"href":"http:\/\/cordobainforma.info\/index.php\/wp-json\/wp\/v2\/comments?post=166736"}],"version-history":[{"count":0,"href":"http:\/\/cordobainforma.info\/index.php\/wp-json\/wp\/v2\/posts\/166736\/revisions"}],"wp:featuredmedia":[{"embeddable":true,"href":"http:\/\/cordobainforma.info\/index.php\/wp-json\/wp\/v2\/media\/166737"}],"wp:attachment":[{"href":"http:\/\/cordobainforma.info\/index.php\/wp-json\/wp\/v2\/media?parent=166736"}],"wp:term":[{"taxonomy":"category","embeddable":true,"href":"http:\/\/cordobainforma.info\/index.php\/wp-json\/wp\/v2\/categories?post=166736"},{"taxonomy":"post_tag","embeddable":true,"href":"http:\/\/cordobainforma.info\/index.php\/wp-json\/wp\/v2\/tags?post=166736"}],"curies":[{"name":"wp","href":"https:\/\/api.w.org\/{rel}","templated":true}]}}