{"id":166734,"date":"2025-09-01T18:39:09","date_gmt":"2025-09-01T18:39:09","guid":{"rendered":"https:\/\/somoscordobeses.com\/2025\/09\/01\/los-cordobeses-se-jubilan-casi-un-ano-mas-tarde-que-hace-un-lustro\/"},"modified":"2025-09-01T18:39:09","modified_gmt":"2025-09-01T18:39:09","slug":"los-cordobeses-se-jubilan-casi-un-ano-mas-tarde-que-hace-un-lustro","status":"publish","type":"post","link":"http:\/\/cordobainforma.info\/index.php\/2025\/09\/01\/los-cordobeses-se-jubilan-casi-un-ano-mas-tarde-que-hace-un-lustro\/","title":{"rendered":"Los cordobeses se jubilan casi un a\u00f1o m\u00e1s tarde que hace un lustro"},"content":{"rendered":"<div><img src=\"http:\/\/cordobainforma.info\/wp-content\/uploads\/2025\/09\/los-cordobeses-se-jubilan-casi-un-ano-mas-tarde-que-hace-un-lustro.jpg\" class=\"ff-og-image-inserted\"><\/div>\n<p>Los cordobeses cada vez acceden a <strong>su jubilaci\u00f3n con m\u00e1s edad<\/strong>. En los \u00faltimos cinco a\u00f1os el momento de dejar de trabajar se ha retrasado casi un a\u00f1o <strong>(en concreto, 8 meses),<\/strong> seg\u00fan los datos del Ministerio de Inclusi\u00f3n, Seguridad Social y Migraciones, que recoge que mientras que en 2021 la edad media de la incorporaci\u00f3n de los cordobeses al sistema p\u00fablico de pensiones estaba en 64,8 a\u00f1os, en lo que va de 2025 se ha situado en<strong> 65,4 a\u00f1os.<\/strong><\/p>\n<p>En el mismo periodo tambi\u00e9n se ha registrado un incremento de la pensi\u00f3n media que perciben los jubilados cordobeses, que ha pasado de los 1.164,22 euros del a\u00f1o 2021 a los <strong>1.373,34 que cobran en la actualidad<\/strong>, lo que supone un aumento del <strong>17,96%<\/strong> en cinco a\u00f1os.<\/p>\n<p>Pese a estas cifras, correspondientes al mes de julio, la provincia de C\u00f3rdoba se mantiene en el sexto lugar de Espa\u00f1a en el que se cobra la pensi\u00f3n media m\u00e1s baja. Entre esas seis provincias con una media inferior figuran otras dos andaluzas (Almer\u00eda y Ja\u00e9n).<\/p>\n<p>En lo que se refiere a la media de la edad de la primera alta como pensionista, C\u00f3rdoba se encuentra dentro de las provincias del grupo medio, a solo un mes m\u00e1s que Espa\u00f1a con 65,3 a\u00f1os.<\/p>\n<p>En lo que se refiere a la pensi\u00f3n media, C\u00f3rdoba se encuentra sensiblemente por debajo de la cuant\u00eda econ\u00f3mica que se percibe en el pa\u00eds y que asciende a los 1.618, 42 euros mensuales.<\/p>\n<p>Estas diferencias entre edades de <strong>jubilaci\u00f3n, <\/strong>que van al alza en todo el territorio, y las cuant\u00edas de la pensi\u00f3n media dependen tanto de los sectores econ\u00f3micos principales de cada territorio como de las bases de cotizaci\u00f3n y salario que se perciben en cada zona. Por eso, seg\u00fan ha explicado a C\u00f3rdoba <strong>Alfonso Mu\u00f1oz Cuenca,<\/strong> funcionario de Seguridad Social y experto en pensiones, esas diferencias acaban generando una importante brecha entre pensionistas de unas zonas del pa\u00eds y otros. As\u00ed, a modo de ejemplo, y seg\u00fan el experto, \u00abmientras que un cordob\u00e9s se jubila de media a los 65,4 a\u00f1os y le queda un importe de pensi\u00f3n de 1.373,34 euros mensuales, un alav\u00e9s se jubila a los 64,7 a\u00f1os y con una pensi\u00f3n media de 1.980,12 euros\u00bb.<\/p>\n<h2>Fruto de las cotizaciones sociales<\/h2>\n<p>Insiste Mu\u00f1oz en recordar que \u00ablas pensiones son <strong>fruto de las cotizaciones sociales\u00bb<\/strong>, as\u00ed que se dan casos en los que una misma profesi\u00f3n tiene distinto salario dependiendo de la regi\u00f3n o provincia de la que se trate, \u00abpero esas diferencias laborales interprovinciales no se corrigen, sino que se acent\u00faan tras el retiro laboral y perduran durante toda la vida del pensionista, ya que las pensiones aumentan progresivamente en funci\u00f3n del IPC\u00bb, aclara.<\/p>\n<p>Las diferencias existentes se deben a varios factores. De ese modo, Mu\u00f1oz Cuenca apunta que \u00abcon respecto al importe, las diferencias retributivas o salariales en distintas zonas del territorio espa\u00f1ol se deben a la base de cotizaci\u00f3n\u00bb. Si se habla de la edad, \u00abla dificultad de poder acceder a una jubilaci\u00f3n anticipada por falta de a\u00f1os de cotizaci\u00f3n obliga a los empleados a seguir trabajando para poder alcanzar los a\u00f1os necesarios de cotizaci\u00f3n para que el importe final a percibir sea m\u00e1s alto\u00bb. Si su vida laboral ha sido prolongada (con cotizaci\u00f3n) y el salario y base de cotizaci\u00f3n ha sido alto, se podr\u00e1 jubilar antes y cobrar m\u00e1s.<\/p>\n<p>Otro de los datos que se pueden apreciar en las tablas del INSS es la edad media de los pensionistas cordobeses, que se sit\u00faa en 71,8 a\u00f1os (entre todos los reg\u00edmenes y tipos de pensiones), edad que est\u00e1 muy cercana a la media espa\u00f1ola, que es de 72 y est\u00e1 por encima de la andaluza, que es de 70,4.<\/p>\n","protected":false},"excerpt":{"rendered":"<p>Los cordobeses cada vez acceden a su jubilaci\u00f3n con m\u00e1s edad. En los \u00faltimos cinco a\u00f1os el momento de dejar de trabajar se ha retrasado casi un a\u00f1o (en concreto, 8 meses), seg\u00fan los datos del Ministerio de Inclusi\u00f3n, Seguridad Social y Migraciones, que recoge que mientras que en 2021 la edad media de la [&hellip;]<\/p>\n","protected":false},"author":1,"featured_media":166735,"comment_status":"closed","ping_status":"closed","sticky":false,"template":"","format":"standard","meta":[],"categories":[2],"tags":[],"_links":{"self":[{"href":"http:\/\/cordobainforma.info\/index.php\/wp-json\/wp\/v2\/posts\/166734"}],"collection":[{"href":"http:\/\/cordobainforma.info\/index.php\/wp-json\/wp\/v2\/posts"}],"about":[{"href":"http:\/\/cordobainforma.info\/index.php\/wp-json\/wp\/v2\/types\/post"}],"author":[{"embeddable":true,"href":"http:\/\/cordobainforma.info\/index.php\/wp-json\/wp\/v2\/users\/1"}],"replies":[{"embeddable":true,"href":"http:\/\/cordobainforma.info\/index.php\/wp-json\/wp\/v2\/comments?post=166734"}],"version-history":[{"count":0,"href":"http:\/\/cordobainforma.info\/index.php\/wp-json\/wp\/v2\/posts\/166734\/revisions"}],"wp:featuredmedia":[{"embeddable":true,"href":"http:\/\/cordobainforma.info\/index.php\/wp-json\/wp\/v2\/media\/166735"}],"wp:attachment":[{"href":"http:\/\/cordobainforma.info\/index.php\/wp-json\/wp\/v2\/media?parent=166734"}],"wp:term":[{"taxonomy":"category","embeddable":true,"href":"http:\/\/cordobainforma.info\/index.php\/wp-json\/wp\/v2\/categories?post=166734"},{"taxonomy":"post_tag","embeddable":true,"href":"http:\/\/cordobainforma.info\/index.php\/wp-json\/wp\/v2\/tags?post=166734"}],"curies":[{"name":"wp","href":"https:\/\/api.w.org\/{rel}","templated":true}]}}