{"id":166701,"date":"2025-09-01T13:52:33","date_gmt":"2025-09-01T13:52:33","guid":{"rendered":"https:\/\/www.escribiendocine.com\/noticias\/2025\/09\/01\/20333-27-noches-de-daniel-hendle-inaugura-la-seccion-oficial-en-el-festival-de-san-sebastian"},"modified":"2025-09-01T13:52:33","modified_gmt":"2025-09-01T13:52:33","slug":"27-noches-de-daniel-hendle-inaugura-la-seccion-oficial-en-el-festival-de-san-sebastian","status":"publish","type":"post","link":"http:\/\/cordobainforma.info\/index.php\/2025\/09\/01\/27-noches-de-daniel-hendle-inaugura-la-seccion-oficial-en-el-festival-de-san-sebastian\/","title":{"rendered":"\u00ab27 noches\u00bb de Daniel Hendle Inaugura la secci\u00f3n oficial en el Festival de San Sebasti\u00e1n"},"content":{"rendered":"<div class=\"media_block\"><\/div>\n<div><img src=\"http:\/\/cordobainforma.info\/wp-content\/uploads\/2025\/09\/27-noches-de-daniel-hendle-inaugura-la-seccion-oficial-en-el-festival-de-san-sebastian-1.jpg\" class=\"ff-og-image-inserted\"><\/div>\n<div readability=\"23.439024390244\">\n<div class=\"col-xs-12 col-sm-6 col-md-12 col-lg-3 no-padding col-der\" readability=\"7\">\n<p> <span class=\"fecha\">lunes 01 de septiembre de 2025 <\/span> <\/p>\n<\/p><\/div><\/div>\n<div readability=\"71\">\n<p>El Festival de San Sebasti\u00e1n 2025 ya tiene confirmadas sus pel\u00edculas de apertura y clausura. El pr\u00f3ximo 19 de septiembre se estrenar\u00e1 mundialmente<strong> 27 noches<\/strong>, el nuevo film de Daniel Hendler, que inaugurar\u00e1 la Secci\u00f3n Oficial a concurso. En ella, Maril\u00fa Marini interpreta a una millonaria octogenaria internada a la fuerza por sus hijas en una cl\u00ednica psiqui\u00e1trica. Hendler, adem\u00e1s de dirigir y protagonizar la pel\u00edcula, cuenta con una trayectoria vinculada al certamen donostiarra desde hace m\u00e1s de dos d\u00e9cadas.&nbsp;<\/p>\n<p>Basado en el libro hom\u00f3nimo de Natalia Zito e inspirado en una historia real, <strong>27 noches<\/strong> est\u00e1 producida &nbsp;por Santiago Mitre y Agustina Llambi Campbell (La Uni\u00f3n de los R\u00edos). Completan el elenco Humberto Tortonese, Julieta Zylberberg, Paula Grinszpan y Carla Peterson.&nbsp;<\/p>\n<p>La clausura del festival ser\u00e1 el 27 de septiembre, fuera de concurso, con<strong> Winter of the Crow<\/strong> (La conspiraci\u00f3n del cuervo), un thriller ambientado en la Guerra Fr\u00eda, dirigido por Kasia Adamik y protagonizado por la actriz brit\u00e1nica Leslie Manville, nominada al \u00d3scar por <strong>Phantom Thread<\/strong>. La pel\u00edcula est\u00e1 basada en un relato breve de la Nobel de Literatura Olga Tokarczuk y retrata la llegada de una profesora brit\u00e1nica a Polonia en diciembre de 1981, al inicio de la ley marcial.<\/p>\n<p>A partir de ma\u00f1ana, 2 de septiembre a las 10:00 horas, estar\u00e1n disponibles las entradas en la web del Festival y de Kutxabank. Los precios van desde 15 euros para la triple sesi\u00f3n del Vel\u00f3dromo hasta 95 euros en la zona B de las galas del Kursaal.<\/p>\n<p>En la gala inaugural, que se celebrar\u00e1 en el Kursaal, la productora Esther Garc\u00eda recibir\u00e1 un Premio Donostia. La ceremonia ser\u00e1 conducida por Silvia Abril, Toni Acosta e Itziar Itu\u00f1o y retransmitida en directo por La 2, RTVE Play, ETB1, eitb.eus y la p\u00e1gina oficial del Festival.<\/p>\n<p>El Premio Donostia a Jennifer Lawrence se entregar\u00e1 el 26 de septiembre en el Kursaal, acompa\u00f1ado por la proyecci\u00f3n de<strong> Die My Love<\/strong>, de Lynne Ramsay.<\/p>\n<p>La ceremonia de clausura, presentada por Itsaso Arana, se celebrar\u00e1 el 27 de septiembre y contar\u00e1 con la entrega de los premios oficiales, seguida de la proyecci\u00f3n de <strong>Winter of the Crow<\/strong>.<\/p>\n<p>El ciclo paralelo Zinemaldia + Plus, en Tabakalera, rendir\u00e1 homenaje a los dos Premios Donostia de esta edici\u00f3n con la proyecci\u00f3n de <strong>Relatos salvajes<\/strong> (2014), de Dami\u00e1n Szifron, el 5 de septiembre, y <strong>Winter\u2019s Bone<\/strong> (2010), de Debra Granik, el 12 de septiembre.<\/p>\n<\/p><\/div>\n","protected":false},"excerpt":{"rendered":"<p>lunes 01 de septiembre de 2025 El Festival de San Sebasti\u00e1n 2025 ya tiene confirmadas sus pel\u00edculas de apertura y clausura. El pr\u00f3ximo 19 de septiembre se estrenar\u00e1 mundialmente 27 noches, el nuevo film de Daniel Hendler, que inaugurar\u00e1 la Secci\u00f3n Oficial a concurso. En ella, Maril\u00fa Marini interpreta a una millonaria octogenaria internada a [&hellip;]<\/p>\n","protected":false},"author":1,"featured_media":166702,"comment_status":"open","ping_status":"closed","sticky":false,"template":"","format":"standard","meta":[],"categories":[21],"tags":[],"_links":{"self":[{"href":"http:\/\/cordobainforma.info\/index.php\/wp-json\/wp\/v2\/posts\/166701"}],"collection":[{"href":"http:\/\/cordobainforma.info\/index.php\/wp-json\/wp\/v2\/posts"}],"about":[{"href":"http:\/\/cordobainforma.info\/index.php\/wp-json\/wp\/v2\/types\/post"}],"author":[{"embeddable":true,"href":"http:\/\/cordobainforma.info\/index.php\/wp-json\/wp\/v2\/users\/1"}],"replies":[{"embeddable":true,"href":"http:\/\/cordobainforma.info\/index.php\/wp-json\/wp\/v2\/comments?post=166701"}],"version-history":[{"count":0,"href":"http:\/\/cordobainforma.info\/index.php\/wp-json\/wp\/v2\/posts\/166701\/revisions"}],"wp:featuredmedia":[{"embeddable":true,"href":"http:\/\/cordobainforma.info\/index.php\/wp-json\/wp\/v2\/media\/166702"}],"wp:attachment":[{"href":"http:\/\/cordobainforma.info\/index.php\/wp-json\/wp\/v2\/media?parent=166701"}],"wp:term":[{"taxonomy":"category","embeddable":true,"href":"http:\/\/cordobainforma.info\/index.php\/wp-json\/wp\/v2\/categories?post=166701"},{"taxonomy":"post_tag","embeddable":true,"href":"http:\/\/cordobainforma.info\/index.php\/wp-json\/wp\/v2\/tags?post=166701"}],"curies":[{"name":"wp","href":"https:\/\/api.w.org\/{rel}","templated":true}]}}