{"id":166699,"date":"2025-09-01T13:36:05","date_gmt":"2025-09-01T13:36:05","guid":{"rendered":"https:\/\/cordobainforma.info\/index.php\/2025\/09\/01\/encuentro-cordial-entre-putin-y-modi-sella-una-alianza-estrategica-ante-el-enfriamiento-con-occidente\/"},"modified":"2025-09-01T13:36:05","modified_gmt":"2025-09-01T13:36:05","slug":"encuentro-cordial-entre-putin-y-modi-sella-una-alianza-estrategica-ante-el-enfriamiento-con-occidente","status":"publish","type":"post","link":"http:\/\/cordobainforma.info\/index.php\/2025\/09\/01\/encuentro-cordial-entre-putin-y-modi-sella-una-alianza-estrategica-ante-el-enfriamiento-con-occidente\/","title":{"rendered":"Encuentro cordial entre Putin y Modi sella una alianza estrat\u00e9gica ante el enfriamiento con Occidente"},"content":{"rendered":"<p><img src=\"http:\/\/cordobainforma.info\/wp-content\/uploads\/2025\/09\/encuentro-cordial-entre-putin-y-modi-sella-una-alianza-estrategica-ante-el-enfriamiento-con-occidente.jpg\"><\/p>\n<p>El presidente de Rusia, Vlad\u00edmir Putin, y el primer ministro de la India, Narendra Modi, mantuvieron este lunes una reuni\u00f3n fraterna al margen de la cumbre de la Organizaci\u00f3n de Cooperaci\u00f3n de Shangh\u00e1i (OCS) en China y reafirmaron su intenci\u00f3n de desarrollar la cooperaci\u00f3n bilateral. Todo esto se produce en medio de la presi\u00f3n continua por parte de EE.UU. que, a pesar de sus intentos, no logra alejar a Nueva Delhi de su socio eslavo.<\/p>\n<p>Al reunirse, Putin y Modi <a href=\"http:\/\/kremlin.ru\/events\/president\/news\/77892\" target=\"_blank\" rel=\"noopener noreferrer\">se llamaron<\/a> mutuamente <strong>\u00abquerido amigo\u00bb<\/strong>.&nbsp;\u00ab\u00a1Siempre es un placer reunirme con el presidente Putin!\u00bb, <a href=\"https:\/\/actualidad.rt.com\/actualidad\/563181-modi-placer-reunirme-presidente-putin\" target=\"_blank\" rel=\"noopener noreferrer\">declar\u00f3<\/a> el primer ministro indio.<\/p>\n<div class=\"ReadMore-root Section-root Section-is1to3-xs_is1to1\" data-widgets=\"ReadMore\">\n<div class=\"Section-container Section-isRow-isTop-isWrap\">\n<article class=\"Card-root Card-is1to1 Card-default \">\n<div class=\"Card-imageWrap\">\n<div class=\"Card-picture\"> <picture class=\"Picture-root Picture-default\"><!--[if IE 9]><video style=\"display: none;\"><![endif]--><source media=\"(-webkit-min-device-pixel-ratio: 2) and (min-resolution: 120dpi)\" srcset=\"http:\/\/cordobainforma.info\/wp-content\/uploads\/2025\/09\/encuentro-cordial-entre-putin-y-modi-sella-una-alianza-estrategica-ante-el-enfriamiento-con-occidente-2.jpg 850w, http:\/\/cordobainforma.info\/wp-content\/uploads\/2025\/09\/encuentro-cordial-entre-putin-y-modi-sella-una-alianza-estrategica-ante-el-enfriamiento-con-occidente-3.jpg 1960w\"><source srcset=\"http:\/\/cordobainforma.info\/wp-content\/uploads\/2025\/09\/encuentro-cordial-entre-putin-y-modi-sella-una-alianza-estrategica-ante-el-enfriamiento-con-occidente-2.jpg, https:\/\/actualidad.rt.com\/actualidad\/460, http:\/\/cordobainforma.info\/wp-content\/uploads\/2025\/09\/encuentro-cordial-entre-putin-y-modi-sella-una-alianza-estrategica-ante-el-enfriamiento-con-occidente-3.jpg 980w\"><!--[if IE 9]><\/video><![endif]--><img data-sizes=\"auto\" src=\"http:\/\/cordobainforma.info\/wp-content\/uploads\/2025\/09\/encuentro-cordial-entre-putin-y-modi-sella-una-alianza-estrategica-ante-el-enfriamiento-con-occidente-2.jpg\" class=\"Picture-root Picture-default lazyload\" alt=\"&quot;Querido amigo&quot;: El c\u00e1lido encuentro antes de las negociaciones de Putin y Modi\"><\/picture><!-- noscript pattern --><noscript><img src=\"http:\/\/cordobainforma.info\/wp-content\/uploads\/2025\/09\/encuentro-cordial-entre-putin-y-modi-sella-una-alianza-estrategica-ante-el-enfriamiento-con-occidente-3.jpg\" alt=\"&quot;Querido amigo&quot;: El c\u00e1lido encuentro antes de las negociaciones de Putin y Modi\"><\/noscript> <\/div><\/div>\n<\/article><\/div><\/div>\n<p>El mandatario ruso reiter\u00f3 <strong>el car\u00e1cter \u00abespecialmente privilegiado estrat\u00e9gico\u00bb<\/strong> que tiene la asociaci\u00f3n bilateral, agregando que los lazos ruso-indios siguen desarroll\u00e1ndose de manera activa y \u00abse ha establecido una interacci\u00f3n multinivel\u00bb.<\/p>\n<p>Modi, a su vez, enfatiz\u00f3 que, \u00abincluso en las circunstancias m\u00e1s dif\u00edciles, la India y Rusia siempre han avanzado juntas, codo con codo\u00bb. Durante la reuni\u00f3n, Modi <a href=\"https:\/\/actualidad.rt.com\/actualidad\/563202-modi-putin-1400-millones-indios-esperar-visita\" target=\"_blank\" rel=\"noopener noreferrer\">anunci\u00f3<\/a> tambi\u00e9n que, junto con \u00ab1.400 millones de indios\u00bb, espera \u00abcon impaciencia\u00bb la visita de Putin a la India que se celebrar\u00e1 en diciembre de este a\u00f1o.<\/p>\n<p>Posteriormente, el primer ministro indio <a href=\"https:\/\/x.com\/narendramodi\/status\/1962419185440690642\" target=\"_blank\" rel=\"noopener noreferrer\">calific\u00f3<\/a>&nbsp;su reuni\u00f3n con Putin de \u00abexcelente\u00bb y se\u00f1al\u00f3 que abordaron <strong>\u00abla profundizaci\u00f3n de la cooperaci\u00f3n bilateral en todos los \u00e1mbitos\u00bb<\/strong>. \u00abIntercambiamos opiniones sobre los procesos regionales y globales, incluida la soluci\u00f3n pac\u00edfica del conflicto en Ucrania. Nuestra asociaci\u00f3n estrat\u00e9gica privilegiada especial sigue siendo <strong>un pilar fundamental para la estabilidad regional y global<\/strong>\u00ab, destac\u00f3.<\/p>\n<div class=\"EmbedBlock-root EmbedBlock-twitter\">\n<div class=\"TwitterEmbed\">\n<blockquote class=\"twitter-tweet\" data-twitter=\"twitter-tweet\" data-media-max-width=\"560\">\n<p lang=\"es\" dir=\"ltr\">\ud83c\uddee\ud83c\uddf3 Modi a Putin: \u00abYo y 1.400 millones de indios le esperamos con impaciencia en la India\u00bb <a href=\"https:\/\/t.co\/dOASoTOnOI\">https:\/\/t.co\/dOASoTOnOI<\/a>1.400 millones de indios esperan recibir al presidente ruso, Vlad\u00edmir Putin, para la 23.\u00aa cumbre anual entre ambos pa\u00edses el pr\u00f3ximo diciembre. <a href=\"https:\/\/t.co\/dS07xoqD5G\">pic.twitter.com\/dS07xoqD5G<\/a><\/p>\n<p>\u2014 Sepa M\u00e1s (@Sepa_mass) <a href=\"https:\/\/twitter.com\/Sepa_mass\/status\/1962415331697213780?ref_src=twsrc%5Etfw\">September 1, 2025<\/a><\/p><\/blockquote>\n<\/div>\n<\/div>\n<h3>Presi\u00f3n que no dio los resultados deseados&nbsp;<\/h3>\n<p>El fortalecimiento de los lazos entre Rusia y la India se produce&nbsp;en medio de la presi\u00f3n&nbsp;de Washington&nbsp;que <strong>trat\u00f3 de forzar a Nueva Delhi a dejar de comprar petr\u00f3leo ruso<\/strong>. La semana pasada, <a href=\"https:\/\/actualidad.rt.com\/actualidad\/562631-entrar-vigor-arancel-trump-india\">entr\u00f3<\/a>&nbsp;en vigor el&nbsp;arancel adicional de 25 %&nbsp;a los productos de la India, adoptado por el presidente estadounidense, Donald Trump, en represalia por sus compras de petr\u00f3leo ruso. El gravamen se suma a la tarifa previa de 25 % impuesta por Trump&nbsp;a muchos productos indios. Esto eleva los grav\u00e1menes totales&nbsp;<strong>hasta 50 %<\/strong>&nbsp;para bienes como prendas de vestir, gemas y joyas, calzado, art\u00edculos deportivos, muebles y productos qu\u00edmicos.<\/p>\n<div class=\"ReadMore-root Section-root Section-is1to3-xs_is1to1\" data-widgets=\"ReadMore\">\n<div class=\"Section-container Section-isRow-isTop-isWrap\">\n<article class=\"Card-root Card-is1to1 Card-default \">\n<div class=\"Card-imageWrap\">\n<div class=\"Card-picture\"> <picture class=\"Picture-root Picture-default\"><!--[if IE 9]><video style=\"display: none;\"><![endif]--><source media=\"(-webkit-min-device-pixel-ratio: 2) and (min-resolution: 120dpi)\" srcset=\"http:\/\/cordobainforma.info\/wp-content\/uploads\/2025\/09\/encuentro-cordial-entre-putin-y-modi-sella-una-alianza-estrategica-ante-el-enfriamiento-con-occidente-4.jpg 850w, http:\/\/cordobainforma.info\/wp-content\/uploads\/2025\/09\/encuentro-cordial-entre-putin-y-modi-sella-una-alianza-estrategica-ante-el-enfriamiento-con-occidente-5.jpg 1960w\"><source srcset=\"http:\/\/cordobainforma.info\/wp-content\/uploads\/2025\/09\/encuentro-cordial-entre-putin-y-modi-sella-una-alianza-estrategica-ante-el-enfriamiento-con-occidente-4.jpg, https:\/\/actualidad.rt.com\/actualidad\/460, http:\/\/cordobainforma.info\/wp-content\/uploads\/2025\/09\/encuentro-cordial-entre-putin-y-modi-sella-una-alianza-estrategica-ante-el-enfriamiento-con-occidente-5.jpg 980w\"><!--[if IE 9]><\/video><![endif]--><img data-sizes=\"auto\" src=\"http:\/\/cordobainforma.info\/wp-content\/uploads\/2025\/09\/encuentro-cordial-entre-putin-y-modi-sella-una-alianza-estrategica-ante-el-enfriamiento-con-occidente-4.jpg\" class=\"Picture-root Picture-default lazyload\" alt=\"&quot;India detesta una arrogante presi\u00f3n&quot;: Expertos eval\u00faan salidas del 'enredo' tarifario de Trump\"><\/picture><!-- noscript pattern --><noscript><img src=\"http:\/\/cordobainforma.info\/wp-content\/uploads\/2025\/09\/encuentro-cordial-entre-putin-y-modi-sella-una-alianza-estrategica-ante-el-enfriamiento-con-occidente-5.jpg\" alt=\"&quot;India detesta una arrogante presi\u00f3n&quot;: Expertos eval\u00faan salidas del 'enredo' tarifario de Trump\"><\/noscript> <\/div><\/div>\n<\/article><\/div><\/div>\n<p>En medio de su campa\u00f1a de presi\u00f3n contra el pa\u00eds asi\u00e1tico, el&nbsp;inquilino de la Casa Blanca&nbsp;<a href=\"https:\/\/actualidad.rt.com\/actualidad\/559616-trump-india-rusia-tensiones\" target=\"_blank\" rel=\"noopener noreferrer\">coment\u00f3<\/a>&nbsp;a finales de julio&nbsp;la firme postura de Nueva Deli de actuar en funci\u00f3n de sus intereses nacionales en cuanto al comercio con Mosc\u00fa&nbsp;y se permiti\u00f3 hacer declaraciones duras, refiri\u00e9ndose a las econom\u00edas de la India y de Rusia como \u00ab<strong>econom\u00edas muertas\u00bb.<\/strong><\/p>\n<p>Las autoridades indias, a su vez, se hab\u00edan opuesto a medidas restrictivas estadounidenses y las hab\u00edan&nbsp;<a href=\"https:\/\/esrt.space\/actualidad\/560093-india-responde-acusaciones-eeuu\" target=\"_blank\" rel=\"noopener noreferrer\">tachado<\/a>&nbsp;de&nbsp;\u00ab<strong>injustas e irrazonables<\/strong>\u00ab. Adem\u00e1s, defendieron su estrategia energ\u00e9tica, afirmando que si compran petr\u00f3leo ruso es por una \u00abnecesidad impuesta por las condiciones del mercado global\u00bb.<\/p>\n<p>Al no alcanzar lo que deseaba, Washington <a href=\"https:\/\/actualidad.rt.com\/actualidad\/562729-peter-navarro-desconcertado-negativa-india-ceder-presion\" target=\"_blank\" rel=\"noopener noreferrer\">se mostr\u00f3<\/a> desconcertado por la negativa de India a ceder a la presi\u00f3n. As\u00ed, el asesor comercial de la Casa Blanca, Peter Navarro, declar\u00f3 que la India podr\u00eda quitarse de encima la mitad del arancel que pagan sus exportaciones a Estados Unidos \u00abma\u00f1ana\u00bb mismo, pero su liderazgo se niega a dejar de comprar petr\u00f3leo ruso.<\/p>\n<p>En paralelo, se difundieron reportes sobre las tensiones en los contactos entre Trump y Modi. En la semana, <a href=\"https:\/\/actualidad.rt.com\/actualidad\/562577-medio-aleman-modi-telefono-trump-4-veces\" target=\"_blank\" rel=\"noopener noreferrer\">se report\u00f3<\/a> que el presidente de EE.UU.&nbsp;ha intentado hablar por tel\u00e9fono con el primer ministro indio cuatro veces en las \u00faltimas semanas, pero este se ha negado.&nbsp;<\/p>\n","protected":false},"excerpt":{"rendered":"<p>El presidente de Rusia, Vlad\u00edmir Putin, y el primer ministro de la India, Narendra Modi, mantuvieron este lunes una reuni\u00f3n fraterna al margen de la cumbre de la Organizaci\u00f3n de Cooperaci\u00f3n de Shangh\u00e1i (OCS) en China y reafirmaron su intenci\u00f3n de desarrollar la cooperaci\u00f3n bilateral. Todo esto se produce en medio de la presi\u00f3n continua [&hellip;]<\/p>\n","protected":false},"author":1,"featured_media":166700,"comment_status":"closed","ping_status":"closed","sticky":false,"template":"","format":"standard","meta":[],"categories":[22],"tags":[],"_links":{"self":[{"href":"http:\/\/cordobainforma.info\/index.php\/wp-json\/wp\/v2\/posts\/166699"}],"collection":[{"href":"http:\/\/cordobainforma.info\/index.php\/wp-json\/wp\/v2\/posts"}],"about":[{"href":"http:\/\/cordobainforma.info\/index.php\/wp-json\/wp\/v2\/types\/post"}],"author":[{"embeddable":true,"href":"http:\/\/cordobainforma.info\/index.php\/wp-json\/wp\/v2\/users\/1"}],"replies":[{"embeddable":true,"href":"http:\/\/cordobainforma.info\/index.php\/wp-json\/wp\/v2\/comments?post=166699"}],"version-history":[{"count":0,"href":"http:\/\/cordobainforma.info\/index.php\/wp-json\/wp\/v2\/posts\/166699\/revisions"}],"wp:featuredmedia":[{"embeddable":true,"href":"http:\/\/cordobainforma.info\/index.php\/wp-json\/wp\/v2\/media\/166700"}],"wp:attachment":[{"href":"http:\/\/cordobainforma.info\/index.php\/wp-json\/wp\/v2\/media?parent=166699"}],"wp:term":[{"taxonomy":"category","embeddable":true,"href":"http:\/\/cordobainforma.info\/index.php\/wp-json\/wp\/v2\/categories?post=166699"},{"taxonomy":"post_tag","embeddable":true,"href":"http:\/\/cordobainforma.info\/index.php\/wp-json\/wp\/v2\/tags?post=166699"}],"curies":[{"name":"wp","href":"https:\/\/api.w.org\/{rel}","templated":true}]}}