{"id":166697,"date":"2025-09-01T13:43:18","date_gmt":"2025-09-01T13:43:18","guid":{"rendered":"https:\/\/cordobainforma.info\/index.php\/2025\/09\/01\/putin-se-reune-con-el-presidente-irani\/"},"modified":"2025-09-01T13:43:18","modified_gmt":"2025-09-01T13:43:18","slug":"putin-se-reune-con-el-presidente-irani","status":"publish","type":"post","link":"http:\/\/cordobainforma.info\/index.php\/2025\/09\/01\/putin-se-reune-con-el-presidente-irani\/","title":{"rendered":"Putin se re\u00fane con el presidente iran\u00ed"},"content":{"rendered":"<p><img src=\"http:\/\/cordobainforma.info\/wp-content\/uploads\/2025\/09\/putin-se-reune-con-el-presidente-irani.jpg\"><\/p>\n<div><img src=\"http:\/\/cordobainforma.info\/wp-content\/uploads\/2025\/09\/putin-se-reune-con-el-presidente-irani-2.jpg\" class=\"ff-og-image-inserted\"><\/div>\n<div class=\"Text-root Text-type_5 ArticleView-text ViewText-root \">\n<p>Vlad\u00edmir Putin y Masoud Pezeshkian se reunieron durante la 25.\u00aa cumbre de la Organizaci\u00f3n de Cooperaci\u00f3n de Shangh\u00e1i (OCS), que acoge la ciudad china de Tianjin entre el 31 de agosto y el 1 de septiembre.<\/p>\n<p>El asesor presidencial ruso, Yuri Ushakov, anunci\u00f3 la semana pasada que, entre otros temas, los dos l\u00edderes discutir\u00e1n la situaci\u00f3n en torno al programa nuclear iran\u00ed. Adem\u00e1s, record\u00f3 que <strong>Ir\u00e1n es un \u00absocio de confianza\u00bb de Rusia<\/strong> y mantiene el Tratado de Asociaci\u00f3n Estrat\u00e9gica Integral con Mosc\u00fa.<\/p>\n<p>Los dos presidentes \u00abconfirmaron su compromiso de <strong>seguir ampliando la <a href=\"https:\/\/actualidad.rt.com\/actualidad\/558681-cooperacion-estrategica-rusia-pondra-orbita-satelite-iran\" target=\"_blank\" rel=\"noopener noreferrer\">cooperaci\u00f3n<\/a> ruso-iran\u00ed en diversas \u00e1reas<\/strong> y acordaron reunirse en la pr\u00f3xima cumbre de la Organizaci\u00f3n de Cooperaci\u00f3n de Shangh\u00e1i en China\u00bb, adelant\u00f3 Ushakov durante una conversaci\u00f3n telef\u00f3nica el lunes pasado.<\/p>\n<p><strong><em>Para conocer todos los detalles de&nbsp;la 25.\u00aa cumbre de la OCS, siga nuestro&nbsp;<a href=\"https:\/\/actualidad.rt.com\/actualidad\/562920-cumbre-ocs-megadesfile-pekin-putin-minuto\" target=\"_blank\" rel=\"noopener noreferrer\">MINUTO A MINUTO<\/a><\/em><\/strong><\/p>\n<p><strong><em>SI QUIERE SABER M\u00c1S SOBRE LA OCS, LEA&nbsp;<a href=\"https:\/\/esrt.space\/a-fondo\/562526-ocs-alianza-apostar-confianza-vecindad-eurasia\" target=\"_blank\" rel=\"noopener noreferrer\">ESTE ART\u00cdCULO<\/a><\/em><\/strong><\/p>\n<\/div>\n","protected":false},"excerpt":{"rendered":"<p>Vlad\u00edmir Putin y Masoud Pezeshkian se reunieron durante la 25.\u00aa cumbre de la Organizaci\u00f3n de Cooperaci\u00f3n de Shangh\u00e1i (OCS), que acoge la ciudad china de Tianjin entre el 31 de agosto y el 1 de septiembre. El asesor presidencial ruso, Yuri Ushakov, anunci\u00f3 la semana pasada que, entre otros temas, los dos l\u00edderes discutir\u00e1n la [&hellip;]<\/p>\n","protected":false},"author":1,"featured_media":166698,"comment_status":"closed","ping_status":"closed","sticky":false,"template":"","format":"standard","meta":[],"categories":[22],"tags":[],"_links":{"self":[{"href":"http:\/\/cordobainforma.info\/index.php\/wp-json\/wp\/v2\/posts\/166697"}],"collection":[{"href":"http:\/\/cordobainforma.info\/index.php\/wp-json\/wp\/v2\/posts"}],"about":[{"href":"http:\/\/cordobainforma.info\/index.php\/wp-json\/wp\/v2\/types\/post"}],"author":[{"embeddable":true,"href":"http:\/\/cordobainforma.info\/index.php\/wp-json\/wp\/v2\/users\/1"}],"replies":[{"embeddable":true,"href":"http:\/\/cordobainforma.info\/index.php\/wp-json\/wp\/v2\/comments?post=166697"}],"version-history":[{"count":0,"href":"http:\/\/cordobainforma.info\/index.php\/wp-json\/wp\/v2\/posts\/166697\/revisions"}],"wp:featuredmedia":[{"embeddable":true,"href":"http:\/\/cordobainforma.info\/index.php\/wp-json\/wp\/v2\/media\/166698"}],"wp:attachment":[{"href":"http:\/\/cordobainforma.info\/index.php\/wp-json\/wp\/v2\/media?parent=166697"}],"wp:term":[{"taxonomy":"category","embeddable":true,"href":"http:\/\/cordobainforma.info\/index.php\/wp-json\/wp\/v2\/categories?post=166697"},{"taxonomy":"post_tag","embeddable":true,"href":"http:\/\/cordobainforma.info\/index.php\/wp-json\/wp\/v2\/tags?post=166697"}],"curies":[{"name":"wp","href":"https:\/\/api.w.org\/{rel}","templated":true}]}}